{"id":1223,"date":"2021-11-25T02:21:22","date_gmt":"2021-11-25T05:21:22","guid":{"rendered":"https:\/\/deville.perika.cc\/blog\/dicas-para-aproveitar-o-frio-de-curitiba\/"},"modified":"2025-02-07T10:08:26","modified_gmt":"2025-02-07T13:08:26","slug":"dicas-para-aproveitar-o-frio-de-curitiba","status":"publish","type":"post","link":"https:\/\/blog.deville.com.br\/viagens\/dicas-para-aproveitar-o-frio-de-curitiba\/","title":{"rendered":"Dicas para aproveitar o frio de Curitiba"},"content":{"rendered":"<p style=\"transition: opacity 1s ease-in-out 0s;\" data-rss-type=\"text\"><span style=\"font-size: 16px;\">A capital brasileira mais fria do pa\u00eds \u00e9 famosa pelas lindas paisagens, gastronomia t\u00edpica e programas especiais destinados aos moradores e turistas durante o inverno. A equipe dos Hot\u00e9is Deville, separou algumas dicas para curtir em grande estilo o frio de Curitiba:<\/span><\/p>\n<p data-rss-type=\"text\"><span style=\"display: initial; font-weight: bold;\">Caf\u00e9s:<\/span><\/p>\n<p data-rss-type=\"text\"><span style=\"display: initial;\">O frio de Curitiba pede uma visita especial aos famosos caf\u00e9s da cidade. Curitiba ao longo dos anos tornou-se uma refer\u00eancia em caf\u00e9s e confeitarias, pois al\u00e9m de oferecerem in\u00fameras op\u00e7\u00f5es de dar \u00e1gua na boca, tamb\u00e9m proporcionam um ambiente gostoso e aconchegante aos visitantes.<\/span><span style=\"display: initial;\">Entre as op\u00e7\u00f5es mais populares est\u00e1 o Caf\u00e9 do Museu Oscar Niemeyer (MON), que apresenta em seu interior a est\u00e9tica modernista comumente encontrada nos projetos do arquiteto Oscar Niemeyer. Outra dica \u00e9 conhecer o Caf\u00e9 Catedral, localizado no cora\u00e7\u00e3o da cidade. E se voc\u00ea deseja saborear \u00e0 vontade del\u00edcias como p\u00e3es, bolos e doces, existem diversas op\u00e7\u00f5es de caf\u00e9 colonial, especialmente na famosa regi\u00e3o gastron\u00f4mica da capital: o bairro de Santa Felicidade.<\/span><\/p>\n<p data-rss-type=\"text\"><span style=\"display: initial; font-weight: bold;\">Bares e restaurantes \u2013 Rua Itupava:<\/span><\/p>\n<p data-rss-type=\"text\"><span style=\"display: initial;\">A Rua Itupava transformou-se no point bo\u00eamio curitibano. Localizada no bairro Alto da XV, o local oferece v\u00e1ria op\u00e7\u00f5es de restaurantes e barzinhos para espantar o frio com muito sabor e divers\u00e3o dia e noite.<\/span><\/p>\n<p data-rss-type=\"text\"><span style=\"display: initial; font-weight: bold;\">Feiras de rua:<\/span><\/p>\n<p data-rss-type=\"text\"><span style=\"display: initial;\">Que tal curtir um pouco da gastronomia da capital paranaense ao ar livre? Todos os s\u00e1bados, foodtrucks invadem o bairro Batel para oferecer comidas t\u00edpicas brasileiras, mexicanas, alem\u00e3s, ucranianas, chinesas e japonesas para toda a fam\u00edlia. Outra op\u00e7\u00e3o semelhante para passeio \u00e9 a tradicional feira da Pra\u00e7a da Ucr\u00e2nia, localizada no charmoso bairro Bigorrilho. Ela \u00e9 realizada todas as sextas-feiras e oferece in\u00fameras op\u00e7\u00f5es gastron\u00f4micas de diferentes pa\u00edses do mundo. Os visitantes tamb\u00e9m podem adquirir produtos org\u00e2nicos, geleias e doces artesanais.<\/span><span style=\"display: initial;\">Al\u00e9m disso, existem feiras de inverno nas pra\u00e7as Os\u00f3rio e Santos Andrade com barraquinhas que oferecem desde produtos de artesanato at\u00e9 comidas t\u00edpicas de inverno, como pinh\u00e3o e quent\u00e3o.<\/span><\/p>\n<p data-rss-type=\"text\"><span style=\"display: initial; font-weight: bold;\">Mercado Municipal de Curitiba<\/span><span style=\"display: initial; font-weight: bold;\">:<\/span><\/p>\n<p data-rss-type=\"text\"><span style=\"display: initial;\">Um programa t\u00edpico curitibano \u00e9 fazer compras e almo\u00e7ar no Mercado Municipal. O tradicional mercado da capital ganhou melhorias para receber a Copa do Mundo 2014 e possui um ambiente agrad\u00e1vel para toda a fam\u00edlia. \u00c9 poss\u00edvel encontrar temperos e especiarias, queijos, vinhos, iguarias, conservas, ervas medicinais, pescados, carne ex\u00f3ticas, frutas e verduras. Se voc\u00ea estiver com fome, op\u00e7\u00f5es de caf\u00e9s e restaurantes n\u00e3o faltam por l\u00e1.<\/span><\/p>\n<p data-rss-type=\"text\"><span style=\"display: initial; font-weight: bold;\">Parques:<\/span><\/p>\n<p data-rss-type=\"text\"><span style=\"display: initial;\">Outro grande atrativo s\u00e3o os parques da cidade, pois nessa \u00e9poca do ano oferecem paisagens deslumbrantes. O Jardim Bot\u00e2nico, Parque Barigui, Parque Tingui e Bosque do Alem\u00e3o s\u00e3o as op\u00e7\u00f5es mais populares para passeios. <\/span><span style=\"display: initial;\"><span style=\"display: initial;\">Se voc\u00ea gosta de viajar e passear no inverno, Curitiba \u00e9 a escolha perfeita. Para sua hospedagem, escolha um local estrategicamente localizado no cora\u00e7\u00e3o da cidade, perto de tudo e com f\u00e1cil acesso aos locais. O Hotel Deville Curitiba est\u00e1 entre o centro e o Batel, do lado da Rua 24 Horas e a menos de 200 metros do ponto inicial da Linha Turismo da cidade de Curitiba.<\/span><\/span><\/p>\n<p data-rss-type=\"text\">Garanta uma experi\u00eancia \u00fanica no inverno curitibano, <a href=\"https:\/\/book.omnibees.com\/hotelresults?q=4797&amp;NRooms=1&amp;ad=2&amp;ch=0&amp;CheckIn=&amp;CheckOut=&amp;Code=BLOGDEVILLE&amp;lang=pt-BR\" target=\"_blank\" rel=\"noopener\">clique aqui<\/a> e fa\u00e7a sua reserva!<\/p>\n","protected":false},"excerpt":{"rendered":"<p>A capital mais fria do pa\u00eds \u00e9 famosa pelas lindas paisagens, gastronomia t\u00edpica e programas especiais destinados aos moradores e turistas durante o inverno. Saiba o que fazer na esta\u00e7\u00e3o em Curitiba atrav\u00e9s destas dicas da equipe Deville.<\/p>\n","protected":false},"author":2,"featured_media":111,"comment_status":"open","ping_status":"open","sticky":false,"template":"","format":"standard","meta":{"_acf_changed":false,"footnotes":""},"categories":[5],"tags":[83,6],"class_list":["post-1223","post","type-post","status-publish","format-standard","has-post-thumbnail","hentry","category-viagens","tag-curitiba","tag-dicas"],"acf":[],"yoast_head":"<!-- This site is optimized with the Yoast SEO plugin v27.4 - https:\/\/yoast.com\/product\/yoast-seo-wordpress\/ -->\n<title>Dicas para aproveitar o frio de Curitiba - Blog Deville<\/title>\n<meta name=\"robots\" content=\"index, follow, max-snippet:-1, max-image-preview:large, max-video-preview:-1\" \/>\n<link rel=\"canonical\" href=\"https:\/\/blog.deville.com.br\/viagens\/dicas-para-aproveitar-o-frio-de-curitiba\/\" \/>\n<meta property=\"og:locale\" content=\"pt_BR\" \/>\n<meta property=\"og:type\" content=\"article\" \/>\n<meta property=\"og:title\" content=\"Dicas para aproveitar o frio de Curitiba - Blog Deville\" \/>\n<meta property=\"og:description\" content=\"A capital mais fria do pa\u00eds \u00e9 famosa pelas lindas paisagens, gastronomia t\u00edpica e programas especiais destinados aos moradores e turistas durante o inverno. Saiba o que fazer na esta\u00e7\u00e3o em Curitiba atrav\u00e9s destas dicas da equipe Deville.\" \/>\n<meta property=\"og:url\" content=\"https:\/\/blog.deville.com.br\/viagens\/dicas-para-aproveitar-o-frio-de-curitiba\/\" \/>\n<meta property=\"og:site_name\" content=\"Blog Deville\" \/>\n<meta property=\"article:publisher\" content=\"https:\/\/www.facebook.com\/hoteisdeville\/\" \/>\n<meta property=\"article:published_time\" content=\"2021-11-25T05:21:22+00:00\" \/>\n<meta property=\"article:modified_time\" content=\"2025-02-07T13:08:26+00:00\" \/>\n<meta property=\"og:image\" content=\"https:\/\/blog.deville.com.br\/wp-content\/uploads\/2024\/08\/AdobeStock_233611201-Curitiba-Parana-Bosque-Alemao-MelissaBrienda.jpg.webp\" \/>\n\t<meta property=\"og:image:width\" content=\"1024\" \/>\n\t<meta property=\"og:image:height\" content=\"1024\" \/>\n\t<meta property=\"og:image:type\" content=\"image\/webp\" \/>\n<meta name=\"author\" content=\"Eduardo Sadao\" \/>\n<meta name=\"twitter:card\" content=\"summary_large_image\" \/>\n<meta name=\"twitter:creator\" content=\"@hoteis_deville\" \/>\n<meta name=\"twitter:site\" content=\"@hoteis_deville\" \/>\n<meta name=\"twitter:label1\" content=\"Escrito por\" \/>\n\t<meta name=\"twitter:data1\" content=\"Eduardo Sadao\" \/>\n\t<meta name=\"twitter:label2\" content=\"Est. tempo de leitura\" \/>\n\t<meta name=\"twitter:data2\" content=\"3 minutos\" \/>\n<script type=\"application\/ld+json\" class=\"yoast-schema-graph\">{\"@context\":\"https:\\\/\\\/schema.org\",\"@graph\":[{\"@type\":\"Article\",\"@id\":\"https:\\\/\\\/blog.deville.com.br\\\/viagens\\\/dicas-para-aproveitar-o-frio-de-curitiba\\\/#article\",\"isPartOf\":{\"@id\":\"https:\\\/\\\/blog.deville.com.br\\\/viagens\\\/dicas-para-aproveitar-o-frio-de-curitiba\\\/\"},\"author\":{\"name\":\"Eduardo Sadao\",\"@id\":\"https:\\\/\\\/blog.deville.com.br\\\/#\\\/schema\\\/person\\\/e5a2d1174f6fa1f4af45e0b1ee5a9b92\"},\"headline\":\"Dicas para aproveitar o frio de Curitiba\",\"datePublished\":\"2021-11-25T05:21:22+00:00\",\"dateModified\":\"2025-02-07T13:08:26+00:00\",\"mainEntityOfPage\":{\"@id\":\"https:\\\/\\\/blog.deville.com.br\\\/viagens\\\/dicas-para-aproveitar-o-frio-de-curitiba\\\/\"},\"wordCount\":556,\"commentCount\":0,\"publisher\":{\"@id\":\"https:\\\/\\\/blog.deville.com.br\\\/#organization\"},\"image\":{\"@id\":\"https:\\\/\\\/blog.deville.com.br\\\/viagens\\\/dicas-para-aproveitar-o-frio-de-curitiba\\\/#primaryimage\"},\"thumbnailUrl\":\"https:\\\/\\\/blog.deville.com.br\\\/wp-content\\\/uploads\\\/2024\\\/08\\\/AdobeStock_233611201-Curitiba-Parana-Bosque-Alemao-MelissaBrienda.jpg.webp\",\"keywords\":[\"Curitiba\",\"Dicas\"],\"articleSection\":[\"Viagens\"],\"inLanguage\":\"pt-BR\",\"potentialAction\":[{\"@type\":\"CommentAction\",\"name\":\"Comment\",\"target\":[\"https:\\\/\\\/blog.deville.com.br\\\/viagens\\\/dicas-para-aproveitar-o-frio-de-curitiba\\\/#respond\"]}]},{\"@type\":\"WebPage\",\"@id\":\"https:\\\/\\\/blog.deville.com.br\\\/viagens\\\/dicas-para-aproveitar-o-frio-de-curitiba\\\/\",\"url\":\"https:\\\/\\\/blog.deville.com.br\\\/viagens\\\/dicas-para-aproveitar-o-frio-de-curitiba\\\/\",\"name\":\"Dicas para aproveitar o frio de Curitiba - Blog Deville\",\"isPartOf\":{\"@id\":\"https:\\\/\\\/blog.deville.com.br\\\/#website\"},\"primaryImageOfPage\":{\"@id\":\"https:\\\/\\\/blog.deville.com.br\\\/viagens\\\/dicas-para-aproveitar-o-frio-de-curitiba\\\/#primaryimage\"},\"image\":{\"@id\":\"https:\\\/\\\/blog.deville.com.br\\\/viagens\\\/dicas-para-aproveitar-o-frio-de-curitiba\\\/#primaryimage\"},\"thumbnailUrl\":\"https:\\\/\\\/blog.deville.com.br\\\/wp-content\\\/uploads\\\/2024\\\/08\\\/AdobeStock_233611201-Curitiba-Parana-Bosque-Alemao-MelissaBrienda.jpg.webp\",\"datePublished\":\"2021-11-25T05:21:22+00:00\",\"dateModified\":\"2025-02-07T13:08:26+00:00\",\"breadcrumb\":{\"@id\":\"https:\\\/\\\/blog.deville.com.br\\\/viagens\\\/dicas-para-aproveitar-o-frio-de-curitiba\\\/#breadcrumb\"},\"inLanguage\":\"pt-BR\",\"potentialAction\":[{\"@type\":\"ReadAction\",\"target\":[\"https:\\\/\\\/blog.deville.com.br\\\/viagens\\\/dicas-para-aproveitar-o-frio-de-curitiba\\\/\"]}]},{\"@type\":\"ImageObject\",\"inLanguage\":\"pt-BR\",\"@id\":\"https:\\\/\\\/blog.deville.com.br\\\/viagens\\\/dicas-para-aproveitar-o-frio-de-curitiba\\\/#primaryimage\",\"url\":\"https:\\\/\\\/blog.deville.com.br\\\/wp-content\\\/uploads\\\/2024\\\/08\\\/AdobeStock_233611201-Curitiba-Parana-Bosque-Alemao-MelissaBrienda.jpg.webp\",\"contentUrl\":\"https:\\\/\\\/blog.deville.com.br\\\/wp-content\\\/uploads\\\/2024\\\/08\\\/AdobeStock_233611201-Curitiba-Parana-Bosque-Alemao-MelissaBrienda.jpg.webp\",\"width\":1024,\"height\":1024,\"caption\":\"Imagem: Adobe Stock\"},{\"@type\":\"BreadcrumbList\",\"@id\":\"https:\\\/\\\/blog.deville.com.br\\\/viagens\\\/dicas-para-aproveitar-o-frio-de-curitiba\\\/#breadcrumb\",\"itemListElement\":[{\"@type\":\"ListItem\",\"position\":1,\"name\":\"In\u00edcio\",\"item\":\"https:\\\/\\\/blog.deville.com.br\\\/\"},{\"@type\":\"ListItem\",\"position\":2,\"name\":\"Viagens\",\"item\":\"https:\\\/\\\/blog.deville.com.br\\\/viagens\\\/\"},{\"@type\":\"ListItem\",\"position\":3,\"name\":\"Dicas para aproveitar o frio de Curitiba\"}]},{\"@type\":\"WebSite\",\"@id\":\"https:\\\/\\\/blog.deville.com.br\\\/#website\",\"url\":\"https:\\\/\\\/blog.deville.com.br\\\/\",\"name\":\"Blog Deville\",\"description\":\"\",\"publisher\":{\"@id\":\"https:\\\/\\\/blog.deville.com.br\\\/#organization\"},\"potentialAction\":[{\"@type\":\"SearchAction\",\"target\":{\"@type\":\"EntryPoint\",\"urlTemplate\":\"https:\\\/\\\/blog.deville.com.br\\\/?s={search_term_string}\"},\"query-input\":{\"@type\":\"PropertyValueSpecification\",\"valueRequired\":true,\"valueName\":\"search_term_string\"}}],\"inLanguage\":\"pt-BR\"},{\"@type\":\"Organization\",\"@id\":\"https:\\\/\\\/blog.deville.com.br\\\/#organization\",\"name\":\"Hot\u00e9is Deville\",\"url\":\"https:\\\/\\\/blog.deville.com.br\\\/\",\"logo\":{\"@type\":\"ImageObject\",\"inLanguage\":\"pt-BR\",\"@id\":\"https:\\\/\\\/blog.deville.com.br\\\/#\\\/schema\\\/logo\\\/image\\\/\",\"url\":\"https:\\\/\\\/blog.deville.com.br\\\/wp-content\\\/uploads\\\/2024\\\/08\\\/Deville_Logo.svg\",\"contentUrl\":\"https:\\\/\\\/blog.deville.com.br\\\/wp-content\\\/uploads\\\/2024\\\/08\\\/Deville_Logo.svg\",\"width\":139,\"height\":50,\"caption\":\"Hot\u00e9is Deville\"},\"image\":{\"@id\":\"https:\\\/\\\/blog.deville.com.br\\\/#\\\/schema\\\/logo\\\/image\\\/\"},\"sameAs\":[\"https:\\\/\\\/www.facebook.com\\\/hoteisdeville\\\/\",\"https:\\\/\\\/x.com\\\/hoteis_deville\",\"https:\\\/\\\/www.instagram.com\\\/hoteisdeville\\\/\",\"https:\\\/\\\/www.linkedin.com\\\/company\\\/hoteis-deville\\\/\"]},{\"@type\":\"Person\",\"@id\":\"https:\\\/\\\/blog.deville.com.br\\\/#\\\/schema\\\/person\\\/e5a2d1174f6fa1f4af45e0b1ee5a9b92\",\"name\":\"Eduardo Sadao\",\"image\":{\"@type\":\"ImageObject\",\"inLanguage\":\"pt-BR\",\"@id\":\"https:\\\/\\\/secure.gravatar.com\\\/avatar\\\/67d8d39b54ba97ba14d429e77886caa07d1733692959d0f0b17e48572261b638?s=96&d=mm&r=g\",\"url\":\"https:\\\/\\\/secure.gravatar.com\\\/avatar\\\/67d8d39b54ba97ba14d429e77886caa07d1733692959d0f0b17e48572261b638?s=96&d=mm&r=g\",\"contentUrl\":\"https:\\\/\\\/secure.gravatar.com\\\/avatar\\\/67d8d39b54ba97ba14d429e77886caa07d1733692959d0f0b17e48572261b638?s=96&d=mm&r=g\",\"caption\":\"Eduardo Sadao\"},\"url\":\"https:\\\/\\\/blog.deville.com.br\\\/author\\\/edu-sadao\\\/\"}]}<\/script>\n<!-- \/ Yoast SEO plugin. -->","yoast_head_json":{"title":"Dicas para aproveitar o frio de Curitiba - Blog Deville","robots":{"index":"index","follow":"follow","max-snippet":"max-snippet:-1","max-image-preview":"max-image-preview:large","max-video-preview":"max-video-preview:-1"},"canonical":"https:\/\/blog.deville.com.br\/viagens\/dicas-para-aproveitar-o-frio-de-curitiba\/","og_locale":"pt_BR","og_type":"article","og_title":"Dicas para aproveitar o frio de Curitiba - Blog Deville","og_description":"A capital mais fria do pa\u00eds \u00e9 famosa pelas lindas paisagens, gastronomia t\u00edpica e programas especiais destinados aos moradores e turistas durante o inverno. Saiba o que fazer na esta\u00e7\u00e3o em Curitiba atrav\u00e9s destas dicas da equipe Deville.","og_url":"https:\/\/blog.deville.com.br\/viagens\/dicas-para-aproveitar-o-frio-de-curitiba\/","og_site_name":"Blog Deville","article_publisher":"https:\/\/www.facebook.com\/hoteisdeville\/","article_published_time":"2021-11-25T05:21:22+00:00","article_modified_time":"2025-02-07T13:08:26+00:00","og_image":[{"width":1024,"height":1024,"url":"https:\/\/blog.deville.com.br\/wp-content\/uploads\/2024\/08\/AdobeStock_233611201-Curitiba-Parana-Bosque-Alemao-MelissaBrienda.jpg.webp","type":"image\/webp"}],"author":"Eduardo Sadao","twitter_card":"summary_large_image","twitter_creator":"@hoteis_deville","twitter_site":"@hoteis_deville","twitter_misc":{"Escrito por":"Eduardo Sadao","Est. tempo de leitura":"3 minutos"},"schema":{"@context":"https:\/\/schema.org","@graph":[{"@type":"Article","@id":"https:\/\/blog.deville.com.br\/viagens\/dicas-para-aproveitar-o-frio-de-curitiba\/#article","isPartOf":{"@id":"https:\/\/blog.deville.com.br\/viagens\/dicas-para-aproveitar-o-frio-de-curitiba\/"},"author":{"name":"Eduardo Sadao","@id":"https:\/\/blog.deville.com.br\/#\/schema\/person\/e5a2d1174f6fa1f4af45e0b1ee5a9b92"},"headline":"Dicas para aproveitar o frio de Curitiba","datePublished":"2021-11-25T05:21:22+00:00","dateModified":"2025-02-07T13:08:26+00:00","mainEntityOfPage":{"@id":"https:\/\/blog.deville.com.br\/viagens\/dicas-para-aproveitar-o-frio-de-curitiba\/"},"wordCount":556,"commentCount":0,"publisher":{"@id":"https:\/\/blog.deville.com.br\/#organization"},"image":{"@id":"https:\/\/blog.deville.com.br\/viagens\/dicas-para-aproveitar-o-frio-de-curitiba\/#primaryimage"},"thumbnailUrl":"https:\/\/blog.deville.com.br\/wp-content\/uploads\/2024\/08\/AdobeStock_233611201-Curitiba-Parana-Bosque-Alemao-MelissaBrienda.jpg.webp","keywords":["Curitiba","Dicas"],"articleSection":["Viagens"],"inLanguage":"pt-BR","potentialAction":[{"@type":"CommentAction","name":"Comment","target":["https:\/\/blog.deville.com.br\/viagens\/dicas-para-aproveitar-o-frio-de-curitiba\/#respond"]}]},{"@type":"WebPage","@id":"https:\/\/blog.deville.com.br\/viagens\/dicas-para-aproveitar-o-frio-de-curitiba\/","url":"https:\/\/blog.deville.com.br\/viagens\/dicas-para-aproveitar-o-frio-de-curitiba\/","name":"Dicas para aproveitar o frio de Curitiba - Blog Deville","isPartOf":{"@id":"https:\/\/blog.deville.com.br\/#website"},"primaryImageOfPage":{"@id":"https:\/\/blog.deville.com.br\/viagens\/dicas-para-aproveitar-o-frio-de-curitiba\/#primaryimage"},"image":{"@id":"https:\/\/blog.deville.com.br\/viagens\/dicas-para-aproveitar-o-frio-de-curitiba\/#primaryimage"},"thumbnailUrl":"https:\/\/blog.deville.com.br\/wp-content\/uploads\/2024\/08\/AdobeStock_233611201-Curitiba-Parana-Bosque-Alemao-MelissaBrienda.jpg.webp","datePublished":"2021-11-25T05:21:22+00:00","dateModified":"2025-02-07T13:08:26+00:00","breadcrumb":{"@id":"https:\/\/blog.deville.com.br\/viagens\/dicas-para-aproveitar-o-frio-de-curitiba\/#breadcrumb"},"inLanguage":"pt-BR","potentialAction":[{"@type":"ReadAction","target":["https:\/\/blog.deville.com.br\/viagens\/dicas-para-aproveitar-o-frio-de-curitiba\/"]}]},{"@type":"ImageObject","inLanguage":"pt-BR","@id":"https:\/\/blog.deville.com.br\/viagens\/dicas-para-aproveitar-o-frio-de-curitiba\/#primaryimage","url":"https:\/\/blog.deville.com.br\/wp-content\/uploads\/2024\/08\/AdobeStock_233611201-Curitiba-Parana-Bosque-Alemao-MelissaBrienda.jpg.webp","contentUrl":"https:\/\/blog.deville.com.br\/wp-content\/uploads\/2024\/08\/AdobeStock_233611201-Curitiba-Parana-Bosque-Alemao-MelissaBrienda.jpg.webp","width":1024,"height":1024,"caption":"Imagem: Adobe Stock"},{"@type":"BreadcrumbList","@id":"https:\/\/blog.deville.com.br\/viagens\/dicas-para-aproveitar-o-frio-de-curitiba\/#breadcrumb","itemListElement":[{"@type":"ListItem","position":1,"name":"In\u00edcio","item":"https:\/\/blog.deville.com.br\/"},{"@type":"ListItem","position":2,"name":"Viagens","item":"https:\/\/blog.deville.com.br\/viagens\/"},{"@type":"ListItem","position":3,"name":"Dicas para aproveitar o frio de Curitiba"}]},{"@type":"WebSite","@id":"https:\/\/blog.deville.com.br\/#website","url":"https:\/\/blog.deville.com.br\/","name":"Blog Deville","description":"","publisher":{"@id":"https:\/\/blog.deville.com.br\/#organization"},"potentialAction":[{"@type":"SearchAction","target":{"@type":"EntryPoint","urlTemplate":"https:\/\/blog.deville.com.br\/?s={search_term_string}"},"query-input":{"@type":"PropertyValueSpecification","valueRequired":true,"valueName":"search_term_string"}}],"inLanguage":"pt-BR"},{"@type":"Organization","@id":"https:\/\/blog.deville.com.br\/#organization","name":"Hot\u00e9is Deville","url":"https:\/\/blog.deville.com.br\/","logo":{"@type":"ImageObject","inLanguage":"pt-BR","@id":"https:\/\/blog.deville.com.br\/#\/schema\/logo\/image\/","url":"https:\/\/blog.deville.com.br\/wp-content\/uploads\/2024\/08\/Deville_Logo.svg","contentUrl":"https:\/\/blog.deville.com.br\/wp-content\/uploads\/2024\/08\/Deville_Logo.svg","width":139,"height":50,"caption":"Hot\u00e9is Deville"},"image":{"@id":"https:\/\/blog.deville.com.br\/#\/schema\/logo\/image\/"},"sameAs":["https:\/\/www.facebook.com\/hoteisdeville\/","https:\/\/x.com\/hoteis_deville","https:\/\/www.instagram.com\/hoteisdeville\/","https:\/\/www.linkedin.com\/company\/hoteis-deville\/"]},{"@type":"Person","@id":"https:\/\/blog.deville.com.br\/#\/schema\/person\/e5a2d1174f6fa1f4af45e0b1ee5a9b92","name":"Eduardo Sadao","image":{"@type":"ImageObject","inLanguage":"pt-BR","@id":"https:\/\/secure.gravatar.com\/avatar\/67d8d39b54ba97ba14d429e77886caa07d1733692959d0f0b17e48572261b638?s=96&d=mm&r=g","url":"https:\/\/secure.gravatar.com\/avatar\/67d8d39b54ba97ba14d429e77886caa07d1733692959d0f0b17e48572261b638?s=96&d=mm&r=g","contentUrl":"https:\/\/secure.gravatar.com\/avatar\/67d8d39b54ba97ba14d429e77886caa07d1733692959d0f0b17e48572261b638?s=96&d=mm&r=g","caption":"Eduardo Sadao"},"url":"https:\/\/blog.deville.com.br\/author\/edu-sadao\/"}]}},"publishpress_future_action":{"enabled":false,"date":"2026-05-04 12:13:48","action":"change-status","newStatus":"draft","terms":[],"taxonomy":"category","extraData":[]},"publishpress_future_workflow_manual_trigger":{"enabledWorkflows":[]},"_links":{"self":[{"href":"https:\/\/blog.deville.com.br\/devillemkt6_json\/wp\/v2\/posts\/1223","targetHints":{"allow":["GET"]}}],"collection":[{"href":"https:\/\/blog.deville.com.br\/devillemkt6_json\/wp\/v2\/posts"}],"about":[{"href":"https:\/\/blog.deville.com.br\/devillemkt6_json\/wp\/v2\/types\/post"}],"author":[{"embeddable":true,"href":"https:\/\/blog.deville.com.br\/devillemkt6_json\/wp\/v2\/users\/2"}],"replies":[{"embeddable":true,"href":"https:\/\/blog.deville.com.br\/devillemkt6_json\/wp\/v2\/comments?post=1223"}],"version-history":[{"count":1,"href":"https:\/\/blog.deville.com.br\/devillemkt6_json\/wp\/v2\/posts\/1223\/revisions"}],"predecessor-version":[{"id":1983,"href":"https:\/\/blog.deville.com.br\/devillemkt6_json\/wp\/v2\/posts\/1223\/revisions\/1983"}],"wp:featuredmedia":[{"embeddable":true,"href":"https:\/\/blog.deville.com.br\/devillemkt6_json\/wp\/v2\/media\/111"}],"wp:attachment":[{"href":"https:\/\/blog.deville.com.br\/devillemkt6_json\/wp\/v2\/media?parent=1223"}],"wp:term":[{"taxonomy":"category","embeddable":true,"href":"https:\/\/blog.deville.com.br\/devillemkt6_json\/wp\/v2\/categories?post=1223"},{"taxonomy":"post_tag","embeddable":true,"href":"https:\/\/blog.deville.com.br\/devillemkt6_json\/wp\/v2\/tags?post=1223"}],"curies":[{"name":"wp","href":"https:\/\/api.w.org\/{rel}","templated":true}]}}