{"id":1225,"date":"2021-11-25T02:02:49","date_gmt":"2021-11-25T05:02:49","guid":{"rendered":"https:\/\/deville.perika.cc\/blog\/as-maiores-atracoes-do-parque-das-nacoes-indigenas-em-campo-grande\/"},"modified":"2021-11-25T02:02:49","modified_gmt":"2021-11-25T05:02:49","slug":"as-maiores-atracoes-do-parque-das-nacoes-indigenas-em-campo-grande","status":"publish","type":"post","link":"https:\/\/blog.deville.com.br\/destinos\/as-maiores-atracoes-do-parque-das-nacoes-indigenas-em-campo-grande\/","title":{"rendered":"As maiores atra\u00e7\u00f5es do Parque das Na\u00e7\u00f5es Ind\u00edgenas, em Campo Grande"},"content":{"rendered":"<div style=\"transition: opacity 1s ease-in-out 0s;\" data-rss-type=\"text\"><\/div>\n<div data-rss-type=\"text\">\n<p><span style=\"display: initial;\">Considerado um dos maiores parques do mundo, o Parque das Na\u00e7\u00f5es Ind\u00edgenas reserva diversas atra\u00e7\u00f5es. Conhe\u00e7a algumas delas.<\/span><\/p>\n<p><span style=\"display: initial;\">Com 119 hectares de terra, o Parque das Na\u00e7\u00f5es Ind\u00edgenas \u00e9 um dos maiores do mundo dentro do per\u00edmetro urbano. Com estrutura adequada para a pr\u00e1tica de lazer, divers\u00e3o e esporte, o local \u00e9 ideal para fam\u00edlia, amigos e um passeio rom\u00e2ntico ao p\u00f4r do sol.<\/span><\/p>\n<p><span style=\"display: initial;\">O Parque das Na\u00e7\u00f5es Ind\u00edgenas disp\u00f5e de locais para apresenta\u00e7\u00f5es como o Museu do \u00cdndio, Museu de Arte Contempor\u00e2nea, Museu de Hist\u00f3ria Natural, Monumento do \u00cdndio, al\u00e9m do maior aqu\u00e1rio de \u00e1gua doce do mundo, o Aqu\u00e1rio Pantanal, que se encontra atualmente em fase final de constru\u00e7\u00e3o. Sua estrutura \u00e9 composta de:<\/span><\/p>\n<ul>\n<li><span style=\"display: initial;\">Pista asfaltada para caminhada de 4 mil metros.<\/span><\/li>\n<li><span style=\"display: initial;\">Quadra de esportes.<\/span><\/li>\n<li><span style=\"display: initial;\">P\u00e1tio para skate e patins.<\/span><\/li>\n<li><span style=\"display: initial;\">Sanit\u00e1rios.<\/span><\/li>\n<li><span style=\"display: initial;\">Lanchonetes e restaurante.<\/span><\/li>\n<li><span style=\"display: initial;\">Policiamento.<\/span><\/li>\n<li><span style=\"display: initial;\">Lago formado pr\u00f3ximo \u00e0 nascente do c\u00f3rrego Prosa.<\/span><\/li>\n<\/ul>\n<p><span style=\"display: initial;\"><span style=\"display: initial;\">Em torno de 70% de vegeta\u00e7\u00e3o do parque \u00e9 formada por cobertura em grama e \u00e1rvores ornamentais.<\/span><\/span><\/p>\n<p><span style=\"display: initial;\">Al\u00e9m disso, uma grande quantidade de esp\u00e9cies de \u00e1rvores s\u00e3o preservadas tais como: jenipapo, mangueira, capit\u00e3ozinho, aroeira entre outras. Passeando pelo parque no in\u00edcio da manh\u00e3 ou no final da tarde, \u00e9 poss\u00edvel encontrar muitos p\u00e1ssaros como araras, periquitos, tucanos e outros.<\/span><\/p>\n<p><span style=\"display: initial;\">Localizado exatamente ao lado do Deville Prime Campo Grande, o Parque das Na\u00e7\u00f5es Ind\u00edgenas \u00e9 uma das atra\u00e7\u00f5es da cidades e pela sua proximidade, torna o Hotel Deville o local exato para sua hospedagem em Campo Grande.<\/span><\/p>\n<p><a style=\"display: initial;\" href=\"https:\/\/book.omnibees.com\/hotelresults?q=4796&amp;NRooms=1&amp;ad=2&amp;ch=0&amp;CheckIn=&amp;CheckOut=&amp;Code=BLOGDEVILLE&amp;lang=pt-BR\" target=\"_blank\" rel=\"noopener\">Fa\u00e7a sua reserva e garanta uma hospedagem memor\u00e1vel, clicando AQUI.<\/a><span style=\"display: initial;\"><br \/>\n<\/span><\/p>\n<\/div>\n","protected":false},"excerpt":{"rendered":"<p>Considerado um dos maiores parques do mundo, o Parque das Na\u00e7\u00f5es Ind\u00edgenas reserva diversas atra\u00e7\u00f5es. Conhe\u00e7a algumas delas.<\/p>\n","protected":false},"author":2,"featured_media":115,"comment_status":"open","ping_status":"open","sticky":false,"template":"","format":"standard","meta":{"_acf_changed":false,"footnotes":""},"categories":[3],"tags":[47],"class_list":["post-1225","post","type-post","status-publish","format-standard","has-post-thumbnail","hentry","category-destinos","tag-campo-grande"],"acf":[],"yoast_head":"<!-- This site is optimized with the Yoast SEO plugin v27.4 - https:\/\/yoast.com\/product\/yoast-seo-wordpress\/ -->\n<title>As maiores atra\u00e7\u00f5es do Parque das Na\u00e7\u00f5es Ind\u00edgenas, em Campo Grande - Blog Deville<\/title>\n<meta name=\"robots\" content=\"index, follow, max-snippet:-1, max-image-preview:large, max-video-preview:-1\" \/>\n<link rel=\"canonical\" href=\"https:\/\/blog.deville.com.br\/destinos\/as-maiores-atracoes-do-parque-das-nacoes-indigenas-em-campo-grande\/\" \/>\n<meta property=\"og:locale\" content=\"pt_BR\" \/>\n<meta property=\"og:type\" content=\"article\" \/>\n<meta property=\"og:title\" content=\"As maiores atra\u00e7\u00f5es do Parque das Na\u00e7\u00f5es Ind\u00edgenas, em Campo Grande - Blog Deville\" \/>\n<meta property=\"og:description\" content=\"Considerado um dos maiores parques do mundo, o Parque das Na\u00e7\u00f5es Ind\u00edgenas reserva diversas atra\u00e7\u00f5es. Conhe\u00e7a algumas delas.\" \/>\n<meta property=\"og:url\" content=\"https:\/\/blog.deville.com.br\/destinos\/as-maiores-atracoes-do-parque-das-nacoes-indigenas-em-campo-grande\/\" \/>\n<meta property=\"og:site_name\" content=\"Blog Deville\" \/>\n<meta property=\"article:publisher\" content=\"https:\/\/www.facebook.com\/hoteisdeville\/\" \/>\n<meta property=\"article:published_time\" content=\"2021-11-25T05:02:49+00:00\" \/>\n<meta property=\"og:image\" content=\"https:\/\/blog.deville.com.br\/wp-content\/uploads\/2024\/08\/AdobeStock_326089549-Campo-Grande-Mato-Grosso-do-Sul-Parque-das-Nacoes-Indigenas-Erich-Sacco.jpg.webp\" \/>\n\t<meta property=\"og:image:width\" content=\"1024\" \/>\n\t<meta property=\"og:image:height\" content=\"1024\" \/>\n\t<meta property=\"og:image:type\" content=\"image\/webp\" \/>\n<meta name=\"author\" content=\"Eduardo Sadao\" \/>\n<meta name=\"twitter:card\" content=\"summary_large_image\" \/>\n<meta name=\"twitter:creator\" content=\"@hoteis_deville\" \/>\n<meta name=\"twitter:site\" content=\"@hoteis_deville\" \/>\n<meta name=\"twitter:label1\" content=\"Escrito por\" \/>\n\t<meta name=\"twitter:data1\" content=\"Eduardo Sadao\" \/>\n\t<meta name=\"twitter:label2\" content=\"Est. tempo de leitura\" \/>\n\t<meta name=\"twitter:data2\" content=\"1 minuto\" \/>\n<script type=\"application\/ld+json\" class=\"yoast-schema-graph\">{\"@context\":\"https:\\\/\\\/schema.org\",\"@graph\":[{\"@type\":\"Article\",\"@id\":\"https:\\\/\\\/blog.deville.com.br\\\/destinos\\\/as-maiores-atracoes-do-parque-das-nacoes-indigenas-em-campo-grande\\\/#article\",\"isPartOf\":{\"@id\":\"https:\\\/\\\/blog.deville.com.br\\\/destinos\\\/as-maiores-atracoes-do-parque-das-nacoes-indigenas-em-campo-grande\\\/\"},\"author\":{\"name\":\"Eduardo Sadao\",\"@id\":\"https:\\\/\\\/blog.deville.com.br\\\/#\\\/schema\\\/person\\\/e5a2d1174f6fa1f4af45e0b1ee5a9b92\"},\"headline\":\"As maiores atra\u00e7\u00f5es do Parque das Na\u00e7\u00f5es Ind\u00edgenas, em Campo Grande\",\"datePublished\":\"2021-11-25T05:02:49+00:00\",\"mainEntityOfPage\":{\"@id\":\"https:\\\/\\\/blog.deville.com.br\\\/destinos\\\/as-maiores-atracoes-do-parque-das-nacoes-indigenas-em-campo-grande\\\/\"},\"wordCount\":294,\"commentCount\":0,\"publisher\":{\"@id\":\"https:\\\/\\\/blog.deville.com.br\\\/#organization\"},\"image\":{\"@id\":\"https:\\\/\\\/blog.deville.com.br\\\/destinos\\\/as-maiores-atracoes-do-parque-das-nacoes-indigenas-em-campo-grande\\\/#primaryimage\"},\"thumbnailUrl\":\"https:\\\/\\\/blog.deville.com.br\\\/wp-content\\\/uploads\\\/2024\\\/08\\\/AdobeStock_326089549-Campo-Grande-Mato-Grosso-do-Sul-Parque-das-Nacoes-Indigenas-Erich-Sacco.jpg.webp\",\"keywords\":[\"Campo Grande\"],\"articleSection\":[\"Destinos\"],\"inLanguage\":\"pt-BR\",\"potentialAction\":[{\"@type\":\"CommentAction\",\"name\":\"Comment\",\"target\":[\"https:\\\/\\\/blog.deville.com.br\\\/destinos\\\/as-maiores-atracoes-do-parque-das-nacoes-indigenas-em-campo-grande\\\/#respond\"]}]},{\"@type\":\"WebPage\",\"@id\":\"https:\\\/\\\/blog.deville.com.br\\\/destinos\\\/as-maiores-atracoes-do-parque-das-nacoes-indigenas-em-campo-grande\\\/\",\"url\":\"https:\\\/\\\/blog.deville.com.br\\\/destinos\\\/as-maiores-atracoes-do-parque-das-nacoes-indigenas-em-campo-grande\\\/\",\"name\":\"As maiores atra\u00e7\u00f5es do Parque das Na\u00e7\u00f5es Ind\u00edgenas, em Campo Grande - Blog Deville\",\"isPartOf\":{\"@id\":\"https:\\\/\\\/blog.deville.com.br\\\/#website\"},\"primaryImageOfPage\":{\"@id\":\"https:\\\/\\\/blog.deville.com.br\\\/destinos\\\/as-maiores-atracoes-do-parque-das-nacoes-indigenas-em-campo-grande\\\/#primaryimage\"},\"image\":{\"@id\":\"https:\\\/\\\/blog.deville.com.br\\\/destinos\\\/as-maiores-atracoes-do-parque-das-nacoes-indigenas-em-campo-grande\\\/#primaryimage\"},\"thumbnailUrl\":\"https:\\\/\\\/blog.deville.com.br\\\/wp-content\\\/uploads\\\/2024\\\/08\\\/AdobeStock_326089549-Campo-Grande-Mato-Grosso-do-Sul-Parque-das-Nacoes-Indigenas-Erich-Sacco.jpg.webp\",\"datePublished\":\"2021-11-25T05:02:49+00:00\",\"breadcrumb\":{\"@id\":\"https:\\\/\\\/blog.deville.com.br\\\/destinos\\\/as-maiores-atracoes-do-parque-das-nacoes-indigenas-em-campo-grande\\\/#breadcrumb\"},\"inLanguage\":\"pt-BR\",\"potentialAction\":[{\"@type\":\"ReadAction\",\"target\":[\"https:\\\/\\\/blog.deville.com.br\\\/destinos\\\/as-maiores-atracoes-do-parque-das-nacoes-indigenas-em-campo-grande\\\/\"]}]},{\"@type\":\"ImageObject\",\"inLanguage\":\"pt-BR\",\"@id\":\"https:\\\/\\\/blog.deville.com.br\\\/destinos\\\/as-maiores-atracoes-do-parque-das-nacoes-indigenas-em-campo-grande\\\/#primaryimage\",\"url\":\"https:\\\/\\\/blog.deville.com.br\\\/wp-content\\\/uploads\\\/2024\\\/08\\\/AdobeStock_326089549-Campo-Grande-Mato-Grosso-do-Sul-Parque-das-Nacoes-Indigenas-Erich-Sacco.jpg.webp\",\"contentUrl\":\"https:\\\/\\\/blog.deville.com.br\\\/wp-content\\\/uploads\\\/2024\\\/08\\\/AdobeStock_326089549-Campo-Grande-Mato-Grosso-do-Sul-Parque-das-Nacoes-Indigenas-Erich-Sacco.jpg.webp\",\"width\":1024,\"height\":1024,\"caption\":\"Parque das Na\u00e7\u00f5es Ind\u00edgenas, Campo Grande\\\/MS\"},{\"@type\":\"BreadcrumbList\",\"@id\":\"https:\\\/\\\/blog.deville.com.br\\\/destinos\\\/as-maiores-atracoes-do-parque-das-nacoes-indigenas-em-campo-grande\\\/#breadcrumb\",\"itemListElement\":[{\"@type\":\"ListItem\",\"position\":1,\"name\":\"In\u00edcio\",\"item\":\"https:\\\/\\\/blog.deville.com.br\\\/\"},{\"@type\":\"ListItem\",\"position\":2,\"name\":\"Destinos\",\"item\":\"https:\\\/\\\/blog.deville.com.br\\\/destinos\\\/\"},{\"@type\":\"ListItem\",\"position\":3,\"name\":\"As maiores atra\u00e7\u00f5es do Parque das Na\u00e7\u00f5es Ind\u00edgenas, em Campo Grande\"}]},{\"@type\":\"WebSite\",\"@id\":\"https:\\\/\\\/blog.deville.com.br\\\/#website\",\"url\":\"https:\\\/\\\/blog.deville.com.br\\\/\",\"name\":\"Blog Deville\",\"description\":\"\",\"publisher\":{\"@id\":\"https:\\\/\\\/blog.deville.com.br\\\/#organization\"},\"potentialAction\":[{\"@type\":\"SearchAction\",\"target\":{\"@type\":\"EntryPoint\",\"urlTemplate\":\"https:\\\/\\\/blog.deville.com.br\\\/?s={search_term_string}\"},\"query-input\":{\"@type\":\"PropertyValueSpecification\",\"valueRequired\":true,\"valueName\":\"search_term_string\"}}],\"inLanguage\":\"pt-BR\"},{\"@type\":\"Organization\",\"@id\":\"https:\\\/\\\/blog.deville.com.br\\\/#organization\",\"name\":\"Hot\u00e9is Deville\",\"url\":\"https:\\\/\\\/blog.deville.com.br\\\/\",\"logo\":{\"@type\":\"ImageObject\",\"inLanguage\":\"pt-BR\",\"@id\":\"https:\\\/\\\/blog.deville.com.br\\\/#\\\/schema\\\/logo\\\/image\\\/\",\"url\":\"https:\\\/\\\/blog.deville.com.br\\\/wp-content\\\/uploads\\\/2024\\\/08\\\/Deville_Logo.svg\",\"contentUrl\":\"https:\\\/\\\/blog.deville.com.br\\\/wp-content\\\/uploads\\\/2024\\\/08\\\/Deville_Logo.svg\",\"width\":139,\"height\":50,\"caption\":\"Hot\u00e9is Deville\"},\"image\":{\"@id\":\"https:\\\/\\\/blog.deville.com.br\\\/#\\\/schema\\\/logo\\\/image\\\/\"},\"sameAs\":[\"https:\\\/\\\/www.facebook.com\\\/hoteisdeville\\\/\",\"https:\\\/\\\/x.com\\\/hoteis_deville\",\"https:\\\/\\\/www.instagram.com\\\/hoteisdeville\\\/\",\"https:\\\/\\\/www.linkedin.com\\\/company\\\/hoteis-deville\\\/\"]},{\"@type\":\"Person\",\"@id\":\"https:\\\/\\\/blog.deville.com.br\\\/#\\\/schema\\\/person\\\/e5a2d1174f6fa1f4af45e0b1ee5a9b92\",\"name\":\"Eduardo Sadao\",\"image\":{\"@type\":\"ImageObject\",\"inLanguage\":\"pt-BR\",\"@id\":\"https:\\\/\\\/secure.gravatar.com\\\/avatar\\\/67d8d39b54ba97ba14d429e77886caa07d1733692959d0f0b17e48572261b638?s=96&d=mm&r=g\",\"url\":\"https:\\\/\\\/secure.gravatar.com\\\/avatar\\\/67d8d39b54ba97ba14d429e77886caa07d1733692959d0f0b17e48572261b638?s=96&d=mm&r=g\",\"contentUrl\":\"https:\\\/\\\/secure.gravatar.com\\\/avatar\\\/67d8d39b54ba97ba14d429e77886caa07d1733692959d0f0b17e48572261b638?s=96&d=mm&r=g\",\"caption\":\"Eduardo Sadao\"},\"url\":\"https:\\\/\\\/blog.deville.com.br\\\/author\\\/edu-sadao\\\/\"}]}<\/script>\n<!-- \/ Yoast SEO plugin. -->","yoast_head_json":{"title":"As maiores atra\u00e7\u00f5es do Parque das Na\u00e7\u00f5es Ind\u00edgenas, em Campo Grande - Blog Deville","robots":{"index":"index","follow":"follow","max-snippet":"max-snippet:-1","max-image-preview":"max-image-preview:large","max-video-preview":"max-video-preview:-1"},"canonical":"https:\/\/blog.deville.com.br\/destinos\/as-maiores-atracoes-do-parque-das-nacoes-indigenas-em-campo-grande\/","og_locale":"pt_BR","og_type":"article","og_title":"As maiores atra\u00e7\u00f5es do Parque das Na\u00e7\u00f5es Ind\u00edgenas, em Campo Grande - Blog Deville","og_description":"Considerado um dos maiores parques do mundo, o Parque das Na\u00e7\u00f5es Ind\u00edgenas reserva diversas atra\u00e7\u00f5es. Conhe\u00e7a algumas delas.","og_url":"https:\/\/blog.deville.com.br\/destinos\/as-maiores-atracoes-do-parque-das-nacoes-indigenas-em-campo-grande\/","og_site_name":"Blog Deville","article_publisher":"https:\/\/www.facebook.com\/hoteisdeville\/","article_published_time":"2021-11-25T05:02:49+00:00","og_image":[{"width":1024,"height":1024,"url":"https:\/\/blog.deville.com.br\/wp-content\/uploads\/2024\/08\/AdobeStock_326089549-Campo-Grande-Mato-Grosso-do-Sul-Parque-das-Nacoes-Indigenas-Erich-Sacco.jpg.webp","type":"image\/webp"}],"author":"Eduardo Sadao","twitter_card":"summary_large_image","twitter_creator":"@hoteis_deville","twitter_site":"@hoteis_deville","twitter_misc":{"Escrito por":"Eduardo Sadao","Est. tempo de leitura":"1 minuto"},"schema":{"@context":"https:\/\/schema.org","@graph":[{"@type":"Article","@id":"https:\/\/blog.deville.com.br\/destinos\/as-maiores-atracoes-do-parque-das-nacoes-indigenas-em-campo-grande\/#article","isPartOf":{"@id":"https:\/\/blog.deville.com.br\/destinos\/as-maiores-atracoes-do-parque-das-nacoes-indigenas-em-campo-grande\/"},"author":{"name":"Eduardo Sadao","@id":"https:\/\/blog.deville.com.br\/#\/schema\/person\/e5a2d1174f6fa1f4af45e0b1ee5a9b92"},"headline":"As maiores atra\u00e7\u00f5es do Parque das Na\u00e7\u00f5es Ind\u00edgenas, em Campo Grande","datePublished":"2021-11-25T05:02:49+00:00","mainEntityOfPage":{"@id":"https:\/\/blog.deville.com.br\/destinos\/as-maiores-atracoes-do-parque-das-nacoes-indigenas-em-campo-grande\/"},"wordCount":294,"commentCount":0,"publisher":{"@id":"https:\/\/blog.deville.com.br\/#organization"},"image":{"@id":"https:\/\/blog.deville.com.br\/destinos\/as-maiores-atracoes-do-parque-das-nacoes-indigenas-em-campo-grande\/#primaryimage"},"thumbnailUrl":"https:\/\/blog.deville.com.br\/wp-content\/uploads\/2024\/08\/AdobeStock_326089549-Campo-Grande-Mato-Grosso-do-Sul-Parque-das-Nacoes-Indigenas-Erich-Sacco.jpg.webp","keywords":["Campo Grande"],"articleSection":["Destinos"],"inLanguage":"pt-BR","potentialAction":[{"@type":"CommentAction","name":"Comment","target":["https:\/\/blog.deville.com.br\/destinos\/as-maiores-atracoes-do-parque-das-nacoes-indigenas-em-campo-grande\/#respond"]}]},{"@type":"WebPage","@id":"https:\/\/blog.deville.com.br\/destinos\/as-maiores-atracoes-do-parque-das-nacoes-indigenas-em-campo-grande\/","url":"https:\/\/blog.deville.com.br\/destinos\/as-maiores-atracoes-do-parque-das-nacoes-indigenas-em-campo-grande\/","name":"As maiores atra\u00e7\u00f5es do Parque das Na\u00e7\u00f5es Ind\u00edgenas, em Campo Grande - Blog Deville","isPartOf":{"@id":"https:\/\/blog.deville.com.br\/#website"},"primaryImageOfPage":{"@id":"https:\/\/blog.deville.com.br\/destinos\/as-maiores-atracoes-do-parque-das-nacoes-indigenas-em-campo-grande\/#primaryimage"},"image":{"@id":"https:\/\/blog.deville.com.br\/destinos\/as-maiores-atracoes-do-parque-das-nacoes-indigenas-em-campo-grande\/#primaryimage"},"thumbnailUrl":"https:\/\/blog.deville.com.br\/wp-content\/uploads\/2024\/08\/AdobeStock_326089549-Campo-Grande-Mato-Grosso-do-Sul-Parque-das-Nacoes-Indigenas-Erich-Sacco.jpg.webp","datePublished":"2021-11-25T05:02:49+00:00","breadcrumb":{"@id":"https:\/\/blog.deville.com.br\/destinos\/as-maiores-atracoes-do-parque-das-nacoes-indigenas-em-campo-grande\/#breadcrumb"},"inLanguage":"pt-BR","potentialAction":[{"@type":"ReadAction","target":["https:\/\/blog.deville.com.br\/destinos\/as-maiores-atracoes-do-parque-das-nacoes-indigenas-em-campo-grande\/"]}]},{"@type":"ImageObject","inLanguage":"pt-BR","@id":"https:\/\/blog.deville.com.br\/destinos\/as-maiores-atracoes-do-parque-das-nacoes-indigenas-em-campo-grande\/#primaryimage","url":"https:\/\/blog.deville.com.br\/wp-content\/uploads\/2024\/08\/AdobeStock_326089549-Campo-Grande-Mato-Grosso-do-Sul-Parque-das-Nacoes-Indigenas-Erich-Sacco.jpg.webp","contentUrl":"https:\/\/blog.deville.com.br\/wp-content\/uploads\/2024\/08\/AdobeStock_326089549-Campo-Grande-Mato-Grosso-do-Sul-Parque-das-Nacoes-Indigenas-Erich-Sacco.jpg.webp","width":1024,"height":1024,"caption":"Parque das Na\u00e7\u00f5es Ind\u00edgenas, Campo Grande\/MS"},{"@type":"BreadcrumbList","@id":"https:\/\/blog.deville.com.br\/destinos\/as-maiores-atracoes-do-parque-das-nacoes-indigenas-em-campo-grande\/#breadcrumb","itemListElement":[{"@type":"ListItem","position":1,"name":"In\u00edcio","item":"https:\/\/blog.deville.com.br\/"},{"@type":"ListItem","position":2,"name":"Destinos","item":"https:\/\/blog.deville.com.br\/destinos\/"},{"@type":"ListItem","position":3,"name":"As maiores atra\u00e7\u00f5es do Parque das Na\u00e7\u00f5es Ind\u00edgenas, em Campo Grande"}]},{"@type":"WebSite","@id":"https:\/\/blog.deville.com.br\/#website","url":"https:\/\/blog.deville.com.br\/","name":"Blog Deville","description":"","publisher":{"@id":"https:\/\/blog.deville.com.br\/#organization"},"potentialAction":[{"@type":"SearchAction","target":{"@type":"EntryPoint","urlTemplate":"https:\/\/blog.deville.com.br\/?s={search_term_string}"},"query-input":{"@type":"PropertyValueSpecification","valueRequired":true,"valueName":"search_term_string"}}],"inLanguage":"pt-BR"},{"@type":"Organization","@id":"https:\/\/blog.deville.com.br\/#organization","name":"Hot\u00e9is Deville","url":"https:\/\/blog.deville.com.br\/","logo":{"@type":"ImageObject","inLanguage":"pt-BR","@id":"https:\/\/blog.deville.com.br\/#\/schema\/logo\/image\/","url":"https:\/\/blog.deville.com.br\/wp-content\/uploads\/2024\/08\/Deville_Logo.svg","contentUrl":"https:\/\/blog.deville.com.br\/wp-content\/uploads\/2024\/08\/Deville_Logo.svg","width":139,"height":50,"caption":"Hot\u00e9is Deville"},"image":{"@id":"https:\/\/blog.deville.com.br\/#\/schema\/logo\/image\/"},"sameAs":["https:\/\/www.facebook.com\/hoteisdeville\/","https:\/\/x.com\/hoteis_deville","https:\/\/www.instagram.com\/hoteisdeville\/","https:\/\/www.linkedin.com\/company\/hoteis-deville\/"]},{"@type":"Person","@id":"https:\/\/blog.deville.com.br\/#\/schema\/person\/e5a2d1174f6fa1f4af45e0b1ee5a9b92","name":"Eduardo Sadao","image":{"@type":"ImageObject","inLanguage":"pt-BR","@id":"https:\/\/secure.gravatar.com\/avatar\/67d8d39b54ba97ba14d429e77886caa07d1733692959d0f0b17e48572261b638?s=96&d=mm&r=g","url":"https:\/\/secure.gravatar.com\/avatar\/67d8d39b54ba97ba14d429e77886caa07d1733692959d0f0b17e48572261b638?s=96&d=mm&r=g","contentUrl":"https:\/\/secure.gravatar.com\/avatar\/67d8d39b54ba97ba14d429e77886caa07d1733692959d0f0b17e48572261b638?s=96&d=mm&r=g","caption":"Eduardo Sadao"},"url":"https:\/\/blog.deville.com.br\/author\/edu-sadao\/"}]}},"publishpress_future_action":{"enabled":false,"date":"2026-05-04 13:29:43","action":"change-status","newStatus":"draft","terms":[],"taxonomy":"category","extraData":[]},"publishpress_future_workflow_manual_trigger":{"enabledWorkflows":[]},"_links":{"self":[{"href":"https:\/\/blog.deville.com.br\/devillemkt6_json\/wp\/v2\/posts\/1225","targetHints":{"allow":["GET"]}}],"collection":[{"href":"https:\/\/blog.deville.com.br\/devillemkt6_json\/wp\/v2\/posts"}],"about":[{"href":"https:\/\/blog.deville.com.br\/devillemkt6_json\/wp\/v2\/types\/post"}],"author":[{"embeddable":true,"href":"https:\/\/blog.deville.com.br\/devillemkt6_json\/wp\/v2\/users\/2"}],"replies":[{"embeddable":true,"href":"https:\/\/blog.deville.com.br\/devillemkt6_json\/wp\/v2\/comments?post=1225"}],"version-history":[{"count":0,"href":"https:\/\/blog.deville.com.br\/devillemkt6_json\/wp\/v2\/posts\/1225\/revisions"}],"wp:featuredmedia":[{"embeddable":true,"href":"https:\/\/blog.deville.com.br\/devillemkt6_json\/wp\/v2\/media\/115"}],"wp:attachment":[{"href":"https:\/\/blog.deville.com.br\/devillemkt6_json\/wp\/v2\/media?parent=1225"}],"wp:term":[{"taxonomy":"category","embeddable":true,"href":"https:\/\/blog.deville.com.br\/devillemkt6_json\/wp\/v2\/categories?post=1225"},{"taxonomy":"post_tag","embeddable":true,"href":"https:\/\/blog.deville.com.br\/devillemkt6_json\/wp\/v2\/tags?post=1225"}],"curies":[{"name":"wp","href":"https:\/\/api.w.org\/{rel}","templated":true}]}}