{"id":1236,"date":"2021-11-24T23:46:31","date_gmt":"2021-11-25T02:46:31","guid":{"rendered":"https:\/\/deville.perika.cc\/blog\/o-que-fazer-em-um-fim-de-semana-em-campo-grande\/"},"modified":"2021-11-24T23:46:31","modified_gmt":"2021-11-25T02:46:31","slug":"o-que-fazer-em-um-fim-de-semana-em-campo-grande","status":"publish","type":"post","link":"https:\/\/blog.deville.com.br\/viagens\/o-que-fazer-em-um-fim-de-semana-em-campo-grande\/","title":{"rendered":"O que fazer em um fim de semana em Campo Grande?"},"content":{"rendered":"<div style=\"transition: opacity 1s ease-in-out 0s;\" data-rss-type=\"text\"><\/div>\n<div data-rss-type=\"text\">\n<p><span style=\"display: initial;\"><span style=\"display: initial;\">A bel\u00edssima capital do Mato Grosso do Sul reserva excelentes op\u00e7\u00f5es para desfrutar de um final de semana divertido e especial. Seja a neg\u00f3cios, passeio ou f\u00e9rias, Campo Grande \u00e9 uma cidade repleta de atividades para se aproveitar com amigos, fam\u00edlia ou sozinho.<\/span><\/span><\/p>\n<p><span style=\"display: initial;\">Que tal conhecer 3 op\u00e7\u00f5es de passeio para um final de semana na capital sul-mato-grossense? Indicamos os melhores destinos para quem quiser conhecer a cidade em poucos dias. Confira as sugest\u00f5es de roteiro abaixo e j\u00e1 v\u00e1 fazendo as malas!<\/span><\/p>\n<p><span style=\"display: initial; font-weight: bold;\">Feira Central \u2013 Feirona:<\/span><\/p>\n<p><span style=\"display: initial;\"><span style=\"display: initial;\">Conhecida como \u201cFeirona\u201d, a Feira Central de Campo Grande \u00e9 um dos pontos tur\u00edsticos mais visitados em toda a capital. Joyce ressalta que a grande atra\u00e7\u00e3o da feira \u00e9 sua forte influ\u00eancia pela cultura e culin\u00e1ria oriental japonesa. \u201cA feira tem como destaques os tradicionais sob\u00e1, yakisoba e espetinhos com a mandioca amarela da terra\u201d, diz.<\/span><\/span><\/p>\n<p><span style=\"display: initial;\">Al\u00e9m disso, o artesanato e o com\u00e9rcio com lojas t\u00edpicas completam a programa\u00e7\u00e3o da Feirona. Local: Rua 14 de Julho, 3351 \u2013 Cento. Campo Grande, MS. Hor\u00e1rio de funcionamento: Quartas, quintas e sextas a partir das 16h. S\u00e1bados e domingos a partir das 12h.<\/span><\/p>\n<p><span style=\"display: initial; font-weight: bold;\">Mercado Municipal Ant\u00f4nio Valente \u2013 Mercad\u00e3o:<\/span><\/p>\n<p><span style=\"display: initial;\"><span style=\"display: initial;\">O Mercad\u00e3o \u00e9 mais uma atra\u00e7\u00e3o muito famosa na cidade, por conta de toda sua hist\u00f3ria, visto que o pr\u00e9dio foi inaugurado em 1958, no qual teve sua origem numa feira livre. Com uma \u00e1rea de 2.050 m\u00b2, o Mercad\u00e3o possui 214 bancas e 70 boxes com variedades de recursos e produtos de muita qualidade com pre\u00e7os acess\u00edveis.<\/span><\/span><\/p>\n<p><span style=\"display: initial;\">Ainda, o local passou a ser refer\u00eancia na comercializa\u00e7\u00e3o de produtos aliment\u00edcios, artesanato, hortifrutigranjeiros, peixes da regi\u00e3o, ervas medicinais, cestas b\u00e1sicas, especiarias e a famosa erva mate. \u201cNo Mercado Municipal Ant\u00f4nio Valente, \u00e9 marcante o encontro das diferentes culturas presentes no estado, como a ind\u00edgena, a pantaneira e a paraguaia\u201d, destaca Joyce. Local: Rua 7 de Setembro, 65 \u2013 Centro. Campo Grande, MS. Hor\u00e1rio de funcionamento: Segunda a s\u00e1bado das 6h30 \u00e0s 18h30. Domingos e feriados das 6h \u00e0s 12h.<\/span><\/p>\n<p><span style=\"display: initial; font-weight: bold;\">Fazenda Pontal das \u00c1guas:<\/span><\/p>\n<p><span style=\"display: initial;\"><span style=\"display: initial;\">Que tal um programa para desestressar geral e entrar em contato com a natureza? Joyce indica o Pontal das \u00c1guas, que disponibiliza no day use o caf\u00e9 da manh\u00e3, trilha ecol\u00f3gica e um delicioso banho de cachoeira. \u201cA programa\u00e7\u00e3o b\u00e1sica da Fazenda proporciona um dia repleto de contato com a natureza e atividades de lazer como piscina, v\u00f4lei, futebol, pesca esportiva na modalidade pesque-e-solte na lagoa e caminhadas para conhecer o local\u201d, explica. Local: BR-262, Km 312. Campo Grande, MS. Hor\u00e1rio de Funcionamento: Segunda a sexta mediante agendamento das 8h \u00e0s 17h. S\u00e1bados, domingos e feriados das 8h \u00e0s 13h. Al\u00e9m dessas tr\u00eas atra\u00e7\u00f5es, o Parque das Na\u00e7\u00f5es Ind\u00edgenas \u00e9 outro local muito visitado por todos os turistas que v\u00e3o at\u00e9 a capital do Mato Grosso do Sul. Fique ligado, pois nos pr\u00f3ximos dias publicaremos um texto completo falando somente sobre essa atra\u00e7\u00e3o!<\/span><\/span><\/p>\n<p><span style=\"display: initial;\"><span style=\"display: initial;\">Quando visitar a cidade, tenha a certeza de escolher a melhor op\u00e7\u00e3o de hospedagem: o Deville Prime Campo Grande! <\/span><\/span><a href=\"https:\/\/book.omnibees.com\/hotelresults?q=4796&amp;NRooms=1&amp;ad=2&amp;ch=0&amp;CheckIn=&amp;CheckOut=&amp;Code=BLOGDEVILLE&amp;lang=pt-BR\" target=\"_blank\" rel=\"noopener\">Clique aqui<\/a> e fa\u00e7a a sua reserva!<span style=\"display: initial;\"><br \/>\n<\/span><\/p>\n<\/div>\n","protected":false},"excerpt":{"rendered":"<p>A bel\u00edssima capital do Mato Grosso do Sul reserva excelentes op\u00e7\u00f5es para desfrutar de um final de semana divertido e especial.<\/p>\n","protected":false},"author":2,"featured_media":122,"comment_status":"open","ping_status":"open","sticky":false,"template":"","format":"standard","meta":{"_acf_changed":false,"footnotes":""},"categories":[5],"tags":[47,56],"class_list":["post-1236","post","type-post","status-publish","format-standard","has-post-thumbnail","hentry","category-viagens","tag-campo-grande","tag-turismo"],"acf":[],"yoast_head":"<!-- This site is optimized with the Yoast SEO plugin v27.4 - https:\/\/yoast.com\/product\/yoast-seo-wordpress\/ -->\n<title>O que fazer em um fim de semana em Campo Grande? - Blog Deville<\/title>\n<meta name=\"robots\" content=\"index, follow, max-snippet:-1, max-image-preview:large, max-video-preview:-1\" \/>\n<link rel=\"canonical\" href=\"https:\/\/blog.deville.com.br\/viagens\/o-que-fazer-em-um-fim-de-semana-em-campo-grande\/\" \/>\n<meta property=\"og:locale\" content=\"pt_BR\" \/>\n<meta property=\"og:type\" content=\"article\" \/>\n<meta property=\"og:title\" content=\"O que fazer em um fim de semana em Campo Grande? - Blog Deville\" \/>\n<meta property=\"og:description\" content=\"A bel\u00edssima capital do Mato Grosso do Sul reserva excelentes op\u00e7\u00f5es para desfrutar de um final de semana divertido e especial.\" \/>\n<meta property=\"og:url\" content=\"https:\/\/blog.deville.com.br\/viagens\/o-que-fazer-em-um-fim-de-semana-em-campo-grande\/\" \/>\n<meta property=\"og:site_name\" content=\"Blog Deville\" \/>\n<meta property=\"article:publisher\" content=\"https:\/\/www.facebook.com\/hoteisdeville\/\" \/>\n<meta property=\"article:published_time\" content=\"2021-11-25T02:46:31+00:00\" \/>\n<meta property=\"og:image\" content=\"https:\/\/blog.deville.com.br\/wp-content\/uploads\/2024\/08\/AdobeStock_438504006-Campo-Grande-Mato-Grosso-do-Sul-Jair.jpg.webp\" \/>\n\t<meta property=\"og:image:width\" content=\"1024\" \/>\n\t<meta property=\"og:image:height\" content=\"1024\" \/>\n\t<meta property=\"og:image:type\" content=\"image\/webp\" \/>\n<meta name=\"author\" content=\"Eduardo Sadao\" \/>\n<meta name=\"twitter:card\" content=\"summary_large_image\" \/>\n<meta name=\"twitter:creator\" content=\"@hoteis_deville\" \/>\n<meta name=\"twitter:site\" content=\"@hoteis_deville\" \/>\n<meta name=\"twitter:label1\" content=\"Escrito por\" \/>\n\t<meta name=\"twitter:data1\" content=\"Eduardo Sadao\" \/>\n\t<meta name=\"twitter:label2\" content=\"Est. tempo de leitura\" \/>\n\t<meta name=\"twitter:data2\" content=\"3 minutos\" \/>\n<script type=\"application\/ld+json\" class=\"yoast-schema-graph\">{\"@context\":\"https:\\\/\\\/schema.org\",\"@graph\":[{\"@type\":\"Article\",\"@id\":\"https:\\\/\\\/blog.deville.com.br\\\/viagens\\\/o-que-fazer-em-um-fim-de-semana-em-campo-grande\\\/#article\",\"isPartOf\":{\"@id\":\"https:\\\/\\\/blog.deville.com.br\\\/viagens\\\/o-que-fazer-em-um-fim-de-semana-em-campo-grande\\\/\"},\"author\":{\"name\":\"Eduardo Sadao\",\"@id\":\"https:\\\/\\\/blog.deville.com.br\\\/#\\\/schema\\\/person\\\/e5a2d1174f6fa1f4af45e0b1ee5a9b92\"},\"headline\":\"O que fazer em um fim de semana em Campo Grande?\",\"datePublished\":\"2021-11-25T02:46:31+00:00\",\"mainEntityOfPage\":{\"@id\":\"https:\\\/\\\/blog.deville.com.br\\\/viagens\\\/o-que-fazer-em-um-fim-de-semana-em-campo-grande\\\/\"},\"wordCount\":546,\"commentCount\":0,\"publisher\":{\"@id\":\"https:\\\/\\\/blog.deville.com.br\\\/#organization\"},\"image\":{\"@id\":\"https:\\\/\\\/blog.deville.com.br\\\/viagens\\\/o-que-fazer-em-um-fim-de-semana-em-campo-grande\\\/#primaryimage\"},\"thumbnailUrl\":\"https:\\\/\\\/blog.deville.com.br\\\/wp-content\\\/uploads\\\/2024\\\/08\\\/AdobeStock_438504006-Campo-Grande-Mato-Grosso-do-Sul-Jair.jpg.webp\",\"keywords\":[\"Campo Grande\",\"Turismo\"],\"articleSection\":[\"Viagens\"],\"inLanguage\":\"pt-BR\",\"potentialAction\":[{\"@type\":\"CommentAction\",\"name\":\"Comment\",\"target\":[\"https:\\\/\\\/blog.deville.com.br\\\/viagens\\\/o-que-fazer-em-um-fim-de-semana-em-campo-grande\\\/#respond\"]}]},{\"@type\":\"WebPage\",\"@id\":\"https:\\\/\\\/blog.deville.com.br\\\/viagens\\\/o-que-fazer-em-um-fim-de-semana-em-campo-grande\\\/\",\"url\":\"https:\\\/\\\/blog.deville.com.br\\\/viagens\\\/o-que-fazer-em-um-fim-de-semana-em-campo-grande\\\/\",\"name\":\"O que fazer em um fim de semana em Campo Grande? - Blog Deville\",\"isPartOf\":{\"@id\":\"https:\\\/\\\/blog.deville.com.br\\\/#website\"},\"primaryImageOfPage\":{\"@id\":\"https:\\\/\\\/blog.deville.com.br\\\/viagens\\\/o-que-fazer-em-um-fim-de-semana-em-campo-grande\\\/#primaryimage\"},\"image\":{\"@id\":\"https:\\\/\\\/blog.deville.com.br\\\/viagens\\\/o-que-fazer-em-um-fim-de-semana-em-campo-grande\\\/#primaryimage\"},\"thumbnailUrl\":\"https:\\\/\\\/blog.deville.com.br\\\/wp-content\\\/uploads\\\/2024\\\/08\\\/AdobeStock_438504006-Campo-Grande-Mato-Grosso-do-Sul-Jair.jpg.webp\",\"datePublished\":\"2021-11-25T02:46:31+00:00\",\"breadcrumb\":{\"@id\":\"https:\\\/\\\/blog.deville.com.br\\\/viagens\\\/o-que-fazer-em-um-fim-de-semana-em-campo-grande\\\/#breadcrumb\"},\"inLanguage\":\"pt-BR\",\"potentialAction\":[{\"@type\":\"ReadAction\",\"target\":[\"https:\\\/\\\/blog.deville.com.br\\\/viagens\\\/o-que-fazer-em-um-fim-de-semana-em-campo-grande\\\/\"]}]},{\"@type\":\"ImageObject\",\"inLanguage\":\"pt-BR\",\"@id\":\"https:\\\/\\\/blog.deville.com.br\\\/viagens\\\/o-que-fazer-em-um-fim-de-semana-em-campo-grande\\\/#primaryimage\",\"url\":\"https:\\\/\\\/blog.deville.com.br\\\/wp-content\\\/uploads\\\/2024\\\/08\\\/AdobeStock_438504006-Campo-Grande-Mato-Grosso-do-Sul-Jair.jpg.webp\",\"contentUrl\":\"https:\\\/\\\/blog.deville.com.br\\\/wp-content\\\/uploads\\\/2024\\\/08\\\/AdobeStock_438504006-Campo-Grande-Mato-Grosso-do-Sul-Jair.jpg.webp\",\"width\":1024,\"height\":1024,\"caption\":\"Vista a\u00e9rea de Campo Grande\\\/MS\"},{\"@type\":\"BreadcrumbList\",\"@id\":\"https:\\\/\\\/blog.deville.com.br\\\/viagens\\\/o-que-fazer-em-um-fim-de-semana-em-campo-grande\\\/#breadcrumb\",\"itemListElement\":[{\"@type\":\"ListItem\",\"position\":1,\"name\":\"In\u00edcio\",\"item\":\"https:\\\/\\\/blog.deville.com.br\\\/\"},{\"@type\":\"ListItem\",\"position\":2,\"name\":\"Viagens\",\"item\":\"https:\\\/\\\/blog.deville.com.br\\\/viagens\\\/\"},{\"@type\":\"ListItem\",\"position\":3,\"name\":\"O que fazer em um fim de semana em Campo Grande?\"}]},{\"@type\":\"WebSite\",\"@id\":\"https:\\\/\\\/blog.deville.com.br\\\/#website\",\"url\":\"https:\\\/\\\/blog.deville.com.br\\\/\",\"name\":\"Blog Deville\",\"description\":\"\",\"publisher\":{\"@id\":\"https:\\\/\\\/blog.deville.com.br\\\/#organization\"},\"potentialAction\":[{\"@type\":\"SearchAction\",\"target\":{\"@type\":\"EntryPoint\",\"urlTemplate\":\"https:\\\/\\\/blog.deville.com.br\\\/?s={search_term_string}\"},\"query-input\":{\"@type\":\"PropertyValueSpecification\",\"valueRequired\":true,\"valueName\":\"search_term_string\"}}],\"inLanguage\":\"pt-BR\"},{\"@type\":\"Organization\",\"@id\":\"https:\\\/\\\/blog.deville.com.br\\\/#organization\",\"name\":\"Hot\u00e9is Deville\",\"url\":\"https:\\\/\\\/blog.deville.com.br\\\/\",\"logo\":{\"@type\":\"ImageObject\",\"inLanguage\":\"pt-BR\",\"@id\":\"https:\\\/\\\/blog.deville.com.br\\\/#\\\/schema\\\/logo\\\/image\\\/\",\"url\":\"https:\\\/\\\/blog.deville.com.br\\\/wp-content\\\/uploads\\\/2024\\\/08\\\/Deville_Logo.svg\",\"contentUrl\":\"https:\\\/\\\/blog.deville.com.br\\\/wp-content\\\/uploads\\\/2024\\\/08\\\/Deville_Logo.svg\",\"width\":139,\"height\":50,\"caption\":\"Hot\u00e9is Deville\"},\"image\":{\"@id\":\"https:\\\/\\\/blog.deville.com.br\\\/#\\\/schema\\\/logo\\\/image\\\/\"},\"sameAs\":[\"https:\\\/\\\/www.facebook.com\\\/hoteisdeville\\\/\",\"https:\\\/\\\/x.com\\\/hoteis_deville\",\"https:\\\/\\\/www.instagram.com\\\/hoteisdeville\\\/\",\"https:\\\/\\\/www.linkedin.com\\\/company\\\/hoteis-deville\\\/\"]},{\"@type\":\"Person\",\"@id\":\"https:\\\/\\\/blog.deville.com.br\\\/#\\\/schema\\\/person\\\/e5a2d1174f6fa1f4af45e0b1ee5a9b92\",\"name\":\"Eduardo Sadao\",\"image\":{\"@type\":\"ImageObject\",\"inLanguage\":\"pt-BR\",\"@id\":\"https:\\\/\\\/secure.gravatar.com\\\/avatar\\\/67d8d39b54ba97ba14d429e77886caa07d1733692959d0f0b17e48572261b638?s=96&d=mm&r=g\",\"url\":\"https:\\\/\\\/secure.gravatar.com\\\/avatar\\\/67d8d39b54ba97ba14d429e77886caa07d1733692959d0f0b17e48572261b638?s=96&d=mm&r=g\",\"contentUrl\":\"https:\\\/\\\/secure.gravatar.com\\\/avatar\\\/67d8d39b54ba97ba14d429e77886caa07d1733692959d0f0b17e48572261b638?s=96&d=mm&r=g\",\"caption\":\"Eduardo Sadao\"},\"url\":\"https:\\\/\\\/blog.deville.com.br\\\/author\\\/edu-sadao\\\/\"}]}<\/script>\n<!-- \/ Yoast SEO plugin. -->","yoast_head_json":{"title":"O que fazer em um fim de semana em Campo Grande? - Blog Deville","robots":{"index":"index","follow":"follow","max-snippet":"max-snippet:-1","max-image-preview":"max-image-preview:large","max-video-preview":"max-video-preview:-1"},"canonical":"https:\/\/blog.deville.com.br\/viagens\/o-que-fazer-em-um-fim-de-semana-em-campo-grande\/","og_locale":"pt_BR","og_type":"article","og_title":"O que fazer em um fim de semana em Campo Grande? - Blog Deville","og_description":"A bel\u00edssima capital do Mato Grosso do Sul reserva excelentes op\u00e7\u00f5es para desfrutar de um final de semana divertido e especial.","og_url":"https:\/\/blog.deville.com.br\/viagens\/o-que-fazer-em-um-fim-de-semana-em-campo-grande\/","og_site_name":"Blog Deville","article_publisher":"https:\/\/www.facebook.com\/hoteisdeville\/","article_published_time":"2021-11-25T02:46:31+00:00","og_image":[{"width":1024,"height":1024,"url":"https:\/\/blog.deville.com.br\/wp-content\/uploads\/2024\/08\/AdobeStock_438504006-Campo-Grande-Mato-Grosso-do-Sul-Jair.jpg.webp","type":"image\/webp"}],"author":"Eduardo Sadao","twitter_card":"summary_large_image","twitter_creator":"@hoteis_deville","twitter_site":"@hoteis_deville","twitter_misc":{"Escrito por":"Eduardo Sadao","Est. tempo de leitura":"3 minutos"},"schema":{"@context":"https:\/\/schema.org","@graph":[{"@type":"Article","@id":"https:\/\/blog.deville.com.br\/viagens\/o-que-fazer-em-um-fim-de-semana-em-campo-grande\/#article","isPartOf":{"@id":"https:\/\/blog.deville.com.br\/viagens\/o-que-fazer-em-um-fim-de-semana-em-campo-grande\/"},"author":{"name":"Eduardo Sadao","@id":"https:\/\/blog.deville.com.br\/#\/schema\/person\/e5a2d1174f6fa1f4af45e0b1ee5a9b92"},"headline":"O que fazer em um fim de semana em Campo Grande?","datePublished":"2021-11-25T02:46:31+00:00","mainEntityOfPage":{"@id":"https:\/\/blog.deville.com.br\/viagens\/o-que-fazer-em-um-fim-de-semana-em-campo-grande\/"},"wordCount":546,"commentCount":0,"publisher":{"@id":"https:\/\/blog.deville.com.br\/#organization"},"image":{"@id":"https:\/\/blog.deville.com.br\/viagens\/o-que-fazer-em-um-fim-de-semana-em-campo-grande\/#primaryimage"},"thumbnailUrl":"https:\/\/blog.deville.com.br\/wp-content\/uploads\/2024\/08\/AdobeStock_438504006-Campo-Grande-Mato-Grosso-do-Sul-Jair.jpg.webp","keywords":["Campo Grande","Turismo"],"articleSection":["Viagens"],"inLanguage":"pt-BR","potentialAction":[{"@type":"CommentAction","name":"Comment","target":["https:\/\/blog.deville.com.br\/viagens\/o-que-fazer-em-um-fim-de-semana-em-campo-grande\/#respond"]}]},{"@type":"WebPage","@id":"https:\/\/blog.deville.com.br\/viagens\/o-que-fazer-em-um-fim-de-semana-em-campo-grande\/","url":"https:\/\/blog.deville.com.br\/viagens\/o-que-fazer-em-um-fim-de-semana-em-campo-grande\/","name":"O que fazer em um fim de semana em Campo Grande? - Blog Deville","isPartOf":{"@id":"https:\/\/blog.deville.com.br\/#website"},"primaryImageOfPage":{"@id":"https:\/\/blog.deville.com.br\/viagens\/o-que-fazer-em-um-fim-de-semana-em-campo-grande\/#primaryimage"},"image":{"@id":"https:\/\/blog.deville.com.br\/viagens\/o-que-fazer-em-um-fim-de-semana-em-campo-grande\/#primaryimage"},"thumbnailUrl":"https:\/\/blog.deville.com.br\/wp-content\/uploads\/2024\/08\/AdobeStock_438504006-Campo-Grande-Mato-Grosso-do-Sul-Jair.jpg.webp","datePublished":"2021-11-25T02:46:31+00:00","breadcrumb":{"@id":"https:\/\/blog.deville.com.br\/viagens\/o-que-fazer-em-um-fim-de-semana-em-campo-grande\/#breadcrumb"},"inLanguage":"pt-BR","potentialAction":[{"@type":"ReadAction","target":["https:\/\/blog.deville.com.br\/viagens\/o-que-fazer-em-um-fim-de-semana-em-campo-grande\/"]}]},{"@type":"ImageObject","inLanguage":"pt-BR","@id":"https:\/\/blog.deville.com.br\/viagens\/o-que-fazer-em-um-fim-de-semana-em-campo-grande\/#primaryimage","url":"https:\/\/blog.deville.com.br\/wp-content\/uploads\/2024\/08\/AdobeStock_438504006-Campo-Grande-Mato-Grosso-do-Sul-Jair.jpg.webp","contentUrl":"https:\/\/blog.deville.com.br\/wp-content\/uploads\/2024\/08\/AdobeStock_438504006-Campo-Grande-Mato-Grosso-do-Sul-Jair.jpg.webp","width":1024,"height":1024,"caption":"Vista a\u00e9rea de Campo Grande\/MS"},{"@type":"BreadcrumbList","@id":"https:\/\/blog.deville.com.br\/viagens\/o-que-fazer-em-um-fim-de-semana-em-campo-grande\/#breadcrumb","itemListElement":[{"@type":"ListItem","position":1,"name":"In\u00edcio","item":"https:\/\/blog.deville.com.br\/"},{"@type":"ListItem","position":2,"name":"Viagens","item":"https:\/\/blog.deville.com.br\/viagens\/"},{"@type":"ListItem","position":3,"name":"O que fazer em um fim de semana em Campo Grande?"}]},{"@type":"WebSite","@id":"https:\/\/blog.deville.com.br\/#website","url":"https:\/\/blog.deville.com.br\/","name":"Blog Deville","description":"","publisher":{"@id":"https:\/\/blog.deville.com.br\/#organization"},"potentialAction":[{"@type":"SearchAction","target":{"@type":"EntryPoint","urlTemplate":"https:\/\/blog.deville.com.br\/?s={search_term_string}"},"query-input":{"@type":"PropertyValueSpecification","valueRequired":true,"valueName":"search_term_string"}}],"inLanguage":"pt-BR"},{"@type":"Organization","@id":"https:\/\/blog.deville.com.br\/#organization","name":"Hot\u00e9is Deville","url":"https:\/\/blog.deville.com.br\/","logo":{"@type":"ImageObject","inLanguage":"pt-BR","@id":"https:\/\/blog.deville.com.br\/#\/schema\/logo\/image\/","url":"https:\/\/blog.deville.com.br\/wp-content\/uploads\/2024\/08\/Deville_Logo.svg","contentUrl":"https:\/\/blog.deville.com.br\/wp-content\/uploads\/2024\/08\/Deville_Logo.svg","width":139,"height":50,"caption":"Hot\u00e9is Deville"},"image":{"@id":"https:\/\/blog.deville.com.br\/#\/schema\/logo\/image\/"},"sameAs":["https:\/\/www.facebook.com\/hoteisdeville\/","https:\/\/x.com\/hoteis_deville","https:\/\/www.instagram.com\/hoteisdeville\/","https:\/\/www.linkedin.com\/company\/hoteis-deville\/"]},{"@type":"Person","@id":"https:\/\/blog.deville.com.br\/#\/schema\/person\/e5a2d1174f6fa1f4af45e0b1ee5a9b92","name":"Eduardo Sadao","image":{"@type":"ImageObject","inLanguage":"pt-BR","@id":"https:\/\/secure.gravatar.com\/avatar\/67d8d39b54ba97ba14d429e77886caa07d1733692959d0f0b17e48572261b638?s=96&d=mm&r=g","url":"https:\/\/secure.gravatar.com\/avatar\/67d8d39b54ba97ba14d429e77886caa07d1733692959d0f0b17e48572261b638?s=96&d=mm&r=g","contentUrl":"https:\/\/secure.gravatar.com\/avatar\/67d8d39b54ba97ba14d429e77886caa07d1733692959d0f0b17e48572261b638?s=96&d=mm&r=g","caption":"Eduardo Sadao"},"url":"https:\/\/blog.deville.com.br\/author\/edu-sadao\/"}]}},"publishpress_future_action":{"enabled":false,"date":"2026-05-04 13:33:03","action":"change-status","newStatus":"draft","terms":[],"taxonomy":"category","extraData":[]},"publishpress_future_workflow_manual_trigger":{"enabledWorkflows":[]},"_links":{"self":[{"href":"https:\/\/blog.deville.com.br\/devillemkt6_json\/wp\/v2\/posts\/1236","targetHints":{"allow":["GET"]}}],"collection":[{"href":"https:\/\/blog.deville.com.br\/devillemkt6_json\/wp\/v2\/posts"}],"about":[{"href":"https:\/\/blog.deville.com.br\/devillemkt6_json\/wp\/v2\/types\/post"}],"author":[{"embeddable":true,"href":"https:\/\/blog.deville.com.br\/devillemkt6_json\/wp\/v2\/users\/2"}],"replies":[{"embeddable":true,"href":"https:\/\/blog.deville.com.br\/devillemkt6_json\/wp\/v2\/comments?post=1236"}],"version-history":[{"count":0,"href":"https:\/\/blog.deville.com.br\/devillemkt6_json\/wp\/v2\/posts\/1236\/revisions"}],"wp:featuredmedia":[{"embeddable":true,"href":"https:\/\/blog.deville.com.br\/devillemkt6_json\/wp\/v2\/media\/122"}],"wp:attachment":[{"href":"https:\/\/blog.deville.com.br\/devillemkt6_json\/wp\/v2\/media?parent=1236"}],"wp:term":[{"taxonomy":"category","embeddable":true,"href":"https:\/\/blog.deville.com.br\/devillemkt6_json\/wp\/v2\/categories?post=1236"},{"taxonomy":"post_tag","embeddable":true,"href":"https:\/\/blog.deville.com.br\/devillemkt6_json\/wp\/v2\/tags?post=1236"}],"curies":[{"name":"wp","href":"https:\/\/api.w.org\/{rel}","templated":true}]}}