{"id":1237,"date":"2021-11-24T23:22:59","date_gmt":"2021-11-25T02:22:59","guid":{"rendered":"https:\/\/deville.perika.cc\/blog\/um-roteiro-cultural-por-porto-alegre\/"},"modified":"2021-11-24T23:22:59","modified_gmt":"2021-11-25T02:22:59","slug":"um-roteiro-cultural-por-porto-alegre","status":"publish","type":"post","link":"https:\/\/blog.deville.com.br\/destinos\/um-roteiro-cultural-por-porto-alegre\/","title":{"rendered":"Um roteiro cultural por Porto Alegre"},"content":{"rendered":"<p style=\"transition: opacity 1s ease-in-out 0s;\" data-rss-type=\"text\">Porto Alegre \u00e9 uma cidade que respira cultura e apresenta variadas op\u00e7\u00f5es para curtir com a fam\u00edlia e amigos. Est\u00e1 com viagem marcada para a capital do Rio Grande do Sul? Se voc\u00ea est\u00e1 prestes a conhecer Porto Alegre e quer algumas dicas do que fazer nessa bel\u00edssima cidade, o Deville preparou um roteiro cultural muito interessante. Confira:<\/p>\n<p data-rss-type=\"text\">\n<div data-rss-type=\"text\">\n<p><span style=\"display: initial; font-weight: bold;\">Amo.te Lisboa:<\/span><\/p>\n<p><span style=\"display: initial;\">A Amo.te Lisboa \u00e9 uma confeitaria portuguesa com um charme todo especial, principalmente com a festa Amo.te Segundas de Lisboa. Essa festa, que acontece todos os meses em uma das segundas-feiras do m\u00eas, \u00e9 tipicamente portuguesa com o jeitinho de Lisboa. O evento inclui gastronomia, m\u00fasica e algumas surpresas a cada m\u00eas. Em caso de chuva, o evento \u00e9 transferido para a segunda-feira seguinte. Local: Av. Independ\u00eancia, 1211 (Esquina com a Ramiro Barcelos)<\/span><\/p>\n<p><span style=\"display: initial; font-weight: bold;\">Museu de Porto Alegre:<\/span><\/p>\n<p><span style=\"display: initial;\">O museu da capital rio grandense localiza-se na Cidade Baixa e \u00e9 uma excelente op\u00e7\u00e3o cultural para turistas e moradores locais. Nele \u00e9 poss\u00edvel conhecer parte da hist\u00f3ria da cidade e realizar um piquenique no amplo gramado do local. \u00c9 poss\u00edvel agendar uma visita guiada pelo museu e a entrada \u00e9 gratuita. Local: Rua Jo\u00e3o Alfredo, 582 \u2013 Cidade Baixa Hor\u00e1rio de funcionamento: Segunda-feira \u2013 das 13h \u00e0s 17h30min. Ter\u00e7a-feira a sexta-feira \u2013 das 9h \u00e0s 12h e das 13h \u00e0s 17h30min.<\/span><\/p>\n<p><span style=\"display: initial; font-weight: bold;\">Musical \u00c9vora no Theatro S\u00e3o Pedro:<\/span><\/p>\n<p><span style=\"display: initial;\">Para quem gosta de uma boa m\u00fasica, essa \u00e9 uma excelente dica. Todas as quartas-feiras, o Theatro S\u00e3o Pedro oferece uma apresenta\u00e7\u00e3o musical gratuita chamada de Musical \u00c9vora. O espet\u00e1culo acontece \u00e0s 12h30 na Sala da M\u00fasica \u2013 Multipalco, trazendo o trabalho de m\u00fasicos de diferentes regi\u00f5es do pa\u00eds e do exterior. As apresenta\u00e7\u00e3o t\u00eam em torno de 45 minutos, com diversos estilos, como erudito, MPB, choro e jazz. Local: Pra\u00e7a Mal. Deodoro, S\/N \u2013 Centro Hist\u00f3rico.<\/span><\/p>\n<p><span style=\"display: initial; font-weight: bold;\">Demais atra\u00e7\u00f5es:<\/span><\/p>\n<p><span style=\"display: initial;\"><span style=\"display: initial;\">No in\u00edcio de mar\u00e7o, a cidade de Porto Alegre receber\u00e1 uma atra\u00e7\u00e3o internacional muito famosa: Foo Fighters and Queens Of The Stone Age. No dia 04\/03 as bandas se apresentar\u00e3o no Est\u00e1dio Beira Rio, a partir das 19h. Se estiver na cidade nesse dia, corra para garantir seu ingresso! Viu s\u00f3 que legal as op\u00e7\u00f5es que Porto Alegre pode oferecer para voc\u00ea aproveitar os dias na cidade?<\/span><\/span><\/p>\n<p><span style=\"display: initial;\"><span style=\"display: initial;\">Para curtir tudo que a cidade tem para mostrar, garanta sua hospedagem no Deville Prime Porto Alegre! Pr\u00f3ximo do aeroporto e com f\u00e1cil acesso aos principais pontos tur\u00edsticos da cidade, o hotel conta com toda a estrutura para voc\u00ea relaxar e se divertir na cidade. Fa\u00e7a sua reserva pela internet, <a href=\"https:\/\/book.omnibees.com\/hotelresults?q=4800&amp;NRooms=1&amp;ad=2&amp;ch=0&amp;CheckIn=&amp;CheckOut=&amp;Code=BLOGDEVILLE&amp;lang=pt-BR\" target=\"_blank\" rel=\"noopener\">clicando aqui!<\/a><\/span><\/span><span style=\"display: initial;\"><br \/>\n<\/span><\/p>\n<\/div>\n","protected":false},"excerpt":{"rendered":"<p>Est\u00e1 com viagem marcada para a capital do Rio Grande do Sul? Se voc\u00ea est\u00e1 prestes a conhecer Porto Alegre e quer algumas dicas do que fazer nessa bel\u00edssima cidade, o Deville preparou um roteiro cultural muito interessante.<\/p>\n","protected":false},"author":2,"featured_media":124,"comment_status":"open","ping_status":"open","sticky":false,"template":"","format":"standard","meta":{"_acf_changed":false,"footnotes":""},"categories":[39,3],"tags":[82,56],"class_list":["post-1237","post","type-post","status-publish","format-standard","has-post-thumbnail","hentry","category-cultura","category-destinos","tag-porto-alegre","tag-turismo"],"acf":[],"yoast_head":"<!-- This site is optimized with the Yoast SEO plugin v27.4 - https:\/\/yoast.com\/product\/yoast-seo-wordpress\/ -->\n<title>Um roteiro cultural por Porto Alegre - Blog Deville<\/title>\n<meta name=\"robots\" content=\"index, follow, max-snippet:-1, max-image-preview:large, max-video-preview:-1\" \/>\n<link rel=\"canonical\" href=\"https:\/\/blog.deville.com.br\/destinos\/um-roteiro-cultural-por-porto-alegre\/\" \/>\n<meta property=\"og:locale\" content=\"pt_BR\" \/>\n<meta property=\"og:type\" content=\"article\" \/>\n<meta property=\"og:title\" content=\"Um roteiro cultural por Porto Alegre - Blog Deville\" \/>\n<meta property=\"og:description\" content=\"Est\u00e1 com viagem marcada para a capital do Rio Grande do Sul? Se voc\u00ea est\u00e1 prestes a conhecer Porto Alegre e quer algumas dicas do que fazer nessa bel\u00edssima cidade, o Deville preparou um roteiro cultural muito interessante.\" \/>\n<meta property=\"og:url\" content=\"https:\/\/blog.deville.com.br\/destinos\/um-roteiro-cultural-por-porto-alegre\/\" \/>\n<meta property=\"og:site_name\" content=\"Blog Deville\" \/>\n<meta property=\"article:publisher\" content=\"https:\/\/www.facebook.com\/hoteisdeville\/\" \/>\n<meta property=\"article:published_time\" content=\"2021-11-25T02:22:59+00:00\" \/>\n<meta property=\"og:image\" content=\"https:\/\/blog.deville.com.br\/wp-content\/uploads\/2024\/08\/AdobeStock_339260607-Porto-Alegre-Rio-Grande-do-Sul-Rossoni.jpg.webp\" \/>\n\t<meta property=\"og:image:width\" content=\"1024\" \/>\n\t<meta property=\"og:image:height\" content=\"1024\" \/>\n\t<meta property=\"og:image:type\" content=\"image\/webp\" \/>\n<meta name=\"author\" content=\"Eduardo Sadao\" \/>\n<meta name=\"twitter:card\" content=\"summary_large_image\" \/>\n<meta name=\"twitter:creator\" content=\"@hoteis_deville\" \/>\n<meta name=\"twitter:site\" content=\"@hoteis_deville\" \/>\n<meta name=\"twitter:label1\" content=\"Escrito por\" \/>\n\t<meta name=\"twitter:data1\" content=\"Eduardo Sadao\" \/>\n\t<meta name=\"twitter:label2\" content=\"Est. tempo de leitura\" \/>\n\t<meta name=\"twitter:data2\" content=\"2 minutos\" \/>\n<script type=\"application\/ld+json\" class=\"yoast-schema-graph\">{\"@context\":\"https:\\\/\\\/schema.org\",\"@graph\":[{\"@type\":\"Article\",\"@id\":\"https:\\\/\\\/blog.deville.com.br\\\/destinos\\\/um-roteiro-cultural-por-porto-alegre\\\/#article\",\"isPartOf\":{\"@id\":\"https:\\\/\\\/blog.deville.com.br\\\/destinos\\\/um-roteiro-cultural-por-porto-alegre\\\/\"},\"author\":{\"name\":\"Eduardo Sadao\",\"@id\":\"https:\\\/\\\/blog.deville.com.br\\\/#\\\/schema\\\/person\\\/e5a2d1174f6fa1f4af45e0b1ee5a9b92\"},\"headline\":\"Um roteiro cultural por Porto Alegre\",\"datePublished\":\"2021-11-25T02:22:59+00:00\",\"mainEntityOfPage\":{\"@id\":\"https:\\\/\\\/blog.deville.com.br\\\/destinos\\\/um-roteiro-cultural-por-porto-alegre\\\/\"},\"wordCount\":455,\"commentCount\":0,\"publisher\":{\"@id\":\"https:\\\/\\\/blog.deville.com.br\\\/#organization\"},\"image\":{\"@id\":\"https:\\\/\\\/blog.deville.com.br\\\/destinos\\\/um-roteiro-cultural-por-porto-alegre\\\/#primaryimage\"},\"thumbnailUrl\":\"https:\\\/\\\/blog.deville.com.br\\\/wp-content\\\/uploads\\\/2024\\\/08\\\/AdobeStock_339260607-Porto-Alegre-Rio-Grande-do-Sul-Rossoni.jpg.webp\",\"keywords\":[\"Porto Alegre\",\"Turismo\"],\"articleSection\":[\"Cultura\",\"Destinos\"],\"inLanguage\":\"pt-BR\",\"potentialAction\":[{\"@type\":\"CommentAction\",\"name\":\"Comment\",\"target\":[\"https:\\\/\\\/blog.deville.com.br\\\/destinos\\\/um-roteiro-cultural-por-porto-alegre\\\/#respond\"]}]},{\"@type\":\"WebPage\",\"@id\":\"https:\\\/\\\/blog.deville.com.br\\\/destinos\\\/um-roteiro-cultural-por-porto-alegre\\\/\",\"url\":\"https:\\\/\\\/blog.deville.com.br\\\/destinos\\\/um-roteiro-cultural-por-porto-alegre\\\/\",\"name\":\"Um roteiro cultural por Porto Alegre - Blog Deville\",\"isPartOf\":{\"@id\":\"https:\\\/\\\/blog.deville.com.br\\\/#website\"},\"primaryImageOfPage\":{\"@id\":\"https:\\\/\\\/blog.deville.com.br\\\/destinos\\\/um-roteiro-cultural-por-porto-alegre\\\/#primaryimage\"},\"image\":{\"@id\":\"https:\\\/\\\/blog.deville.com.br\\\/destinos\\\/um-roteiro-cultural-por-porto-alegre\\\/#primaryimage\"},\"thumbnailUrl\":\"https:\\\/\\\/blog.deville.com.br\\\/wp-content\\\/uploads\\\/2024\\\/08\\\/AdobeStock_339260607-Porto-Alegre-Rio-Grande-do-Sul-Rossoni.jpg.webp\",\"datePublished\":\"2021-11-25T02:22:59+00:00\",\"breadcrumb\":{\"@id\":\"https:\\\/\\\/blog.deville.com.br\\\/destinos\\\/um-roteiro-cultural-por-porto-alegre\\\/#breadcrumb\"},\"inLanguage\":\"pt-BR\",\"potentialAction\":[{\"@type\":\"ReadAction\",\"target\":[\"https:\\\/\\\/blog.deville.com.br\\\/destinos\\\/um-roteiro-cultural-por-porto-alegre\\\/\"]}]},{\"@type\":\"ImageObject\",\"inLanguage\":\"pt-BR\",\"@id\":\"https:\\\/\\\/blog.deville.com.br\\\/destinos\\\/um-roteiro-cultural-por-porto-alegre\\\/#primaryimage\",\"url\":\"https:\\\/\\\/blog.deville.com.br\\\/wp-content\\\/uploads\\\/2024\\\/08\\\/AdobeStock_339260607-Porto-Alegre-Rio-Grande-do-Sul-Rossoni.jpg.webp\",\"contentUrl\":\"https:\\\/\\\/blog.deville.com.br\\\/wp-content\\\/uploads\\\/2024\\\/08\\\/AdobeStock_339260607-Porto-Alegre-Rio-Grande-do-Sul-Rossoni.jpg.webp\",\"width\":1024,\"height\":1024,\"caption\":\"Porto Alegre\\\/RS\"},{\"@type\":\"BreadcrumbList\",\"@id\":\"https:\\\/\\\/blog.deville.com.br\\\/destinos\\\/um-roteiro-cultural-por-porto-alegre\\\/#breadcrumb\",\"itemListElement\":[{\"@type\":\"ListItem\",\"position\":1,\"name\":\"In\u00edcio\",\"item\":\"https:\\\/\\\/blog.deville.com.br\\\/\"},{\"@type\":\"ListItem\",\"position\":2,\"name\":\"Cultura\",\"item\":\"https:\\\/\\\/blog.deville.com.br\\\/cultura\\\/\"},{\"@type\":\"ListItem\",\"position\":3,\"name\":\"Um roteiro cultural por Porto Alegre\"}]},{\"@type\":\"WebSite\",\"@id\":\"https:\\\/\\\/blog.deville.com.br\\\/#website\",\"url\":\"https:\\\/\\\/blog.deville.com.br\\\/\",\"name\":\"Blog Deville\",\"description\":\"\",\"publisher\":{\"@id\":\"https:\\\/\\\/blog.deville.com.br\\\/#organization\"},\"potentialAction\":[{\"@type\":\"SearchAction\",\"target\":{\"@type\":\"EntryPoint\",\"urlTemplate\":\"https:\\\/\\\/blog.deville.com.br\\\/?s={search_term_string}\"},\"query-input\":{\"@type\":\"PropertyValueSpecification\",\"valueRequired\":true,\"valueName\":\"search_term_string\"}}],\"inLanguage\":\"pt-BR\"},{\"@type\":\"Organization\",\"@id\":\"https:\\\/\\\/blog.deville.com.br\\\/#organization\",\"name\":\"Hot\u00e9is Deville\",\"url\":\"https:\\\/\\\/blog.deville.com.br\\\/\",\"logo\":{\"@type\":\"ImageObject\",\"inLanguage\":\"pt-BR\",\"@id\":\"https:\\\/\\\/blog.deville.com.br\\\/#\\\/schema\\\/logo\\\/image\\\/\",\"url\":\"https:\\\/\\\/blog.deville.com.br\\\/wp-content\\\/uploads\\\/2024\\\/08\\\/Deville_Logo.svg\",\"contentUrl\":\"https:\\\/\\\/blog.deville.com.br\\\/wp-content\\\/uploads\\\/2024\\\/08\\\/Deville_Logo.svg\",\"width\":139,\"height\":50,\"caption\":\"Hot\u00e9is Deville\"},\"image\":{\"@id\":\"https:\\\/\\\/blog.deville.com.br\\\/#\\\/schema\\\/logo\\\/image\\\/\"},\"sameAs\":[\"https:\\\/\\\/www.facebook.com\\\/hoteisdeville\\\/\",\"https:\\\/\\\/x.com\\\/hoteis_deville\",\"https:\\\/\\\/www.instagram.com\\\/hoteisdeville\\\/\",\"https:\\\/\\\/www.linkedin.com\\\/company\\\/hoteis-deville\\\/\"]},{\"@type\":\"Person\",\"@id\":\"https:\\\/\\\/blog.deville.com.br\\\/#\\\/schema\\\/person\\\/e5a2d1174f6fa1f4af45e0b1ee5a9b92\",\"name\":\"Eduardo Sadao\",\"image\":{\"@type\":\"ImageObject\",\"inLanguage\":\"pt-BR\",\"@id\":\"https:\\\/\\\/secure.gravatar.com\\\/avatar\\\/67d8d39b54ba97ba14d429e77886caa07d1733692959d0f0b17e48572261b638?s=96&d=mm&r=g\",\"url\":\"https:\\\/\\\/secure.gravatar.com\\\/avatar\\\/67d8d39b54ba97ba14d429e77886caa07d1733692959d0f0b17e48572261b638?s=96&d=mm&r=g\",\"contentUrl\":\"https:\\\/\\\/secure.gravatar.com\\\/avatar\\\/67d8d39b54ba97ba14d429e77886caa07d1733692959d0f0b17e48572261b638?s=96&d=mm&r=g\",\"caption\":\"Eduardo Sadao\"},\"url\":\"https:\\\/\\\/blog.deville.com.br\\\/author\\\/edu-sadao\\\/\"}]}<\/script>\n<!-- \/ Yoast SEO plugin. -->","yoast_head_json":{"title":"Um roteiro cultural por Porto Alegre - Blog Deville","robots":{"index":"index","follow":"follow","max-snippet":"max-snippet:-1","max-image-preview":"max-image-preview:large","max-video-preview":"max-video-preview:-1"},"canonical":"https:\/\/blog.deville.com.br\/destinos\/um-roteiro-cultural-por-porto-alegre\/","og_locale":"pt_BR","og_type":"article","og_title":"Um roteiro cultural por Porto Alegre - Blog Deville","og_description":"Est\u00e1 com viagem marcada para a capital do Rio Grande do Sul? Se voc\u00ea est\u00e1 prestes a conhecer Porto Alegre e quer algumas dicas do que fazer nessa bel\u00edssima cidade, o Deville preparou um roteiro cultural muito interessante.","og_url":"https:\/\/blog.deville.com.br\/destinos\/um-roteiro-cultural-por-porto-alegre\/","og_site_name":"Blog Deville","article_publisher":"https:\/\/www.facebook.com\/hoteisdeville\/","article_published_time":"2021-11-25T02:22:59+00:00","og_image":[{"width":1024,"height":1024,"url":"https:\/\/blog.deville.com.br\/wp-content\/uploads\/2024\/08\/AdobeStock_339260607-Porto-Alegre-Rio-Grande-do-Sul-Rossoni.jpg.webp","type":"image\/webp"}],"author":"Eduardo Sadao","twitter_card":"summary_large_image","twitter_creator":"@hoteis_deville","twitter_site":"@hoteis_deville","twitter_misc":{"Escrito por":"Eduardo Sadao","Est. tempo de leitura":"2 minutos"},"schema":{"@context":"https:\/\/schema.org","@graph":[{"@type":"Article","@id":"https:\/\/blog.deville.com.br\/destinos\/um-roteiro-cultural-por-porto-alegre\/#article","isPartOf":{"@id":"https:\/\/blog.deville.com.br\/destinos\/um-roteiro-cultural-por-porto-alegre\/"},"author":{"name":"Eduardo Sadao","@id":"https:\/\/blog.deville.com.br\/#\/schema\/person\/e5a2d1174f6fa1f4af45e0b1ee5a9b92"},"headline":"Um roteiro cultural por Porto Alegre","datePublished":"2021-11-25T02:22:59+00:00","mainEntityOfPage":{"@id":"https:\/\/blog.deville.com.br\/destinos\/um-roteiro-cultural-por-porto-alegre\/"},"wordCount":455,"commentCount":0,"publisher":{"@id":"https:\/\/blog.deville.com.br\/#organization"},"image":{"@id":"https:\/\/blog.deville.com.br\/destinos\/um-roteiro-cultural-por-porto-alegre\/#primaryimage"},"thumbnailUrl":"https:\/\/blog.deville.com.br\/wp-content\/uploads\/2024\/08\/AdobeStock_339260607-Porto-Alegre-Rio-Grande-do-Sul-Rossoni.jpg.webp","keywords":["Porto Alegre","Turismo"],"articleSection":["Cultura","Destinos"],"inLanguage":"pt-BR","potentialAction":[{"@type":"CommentAction","name":"Comment","target":["https:\/\/blog.deville.com.br\/destinos\/um-roteiro-cultural-por-porto-alegre\/#respond"]}]},{"@type":"WebPage","@id":"https:\/\/blog.deville.com.br\/destinos\/um-roteiro-cultural-por-porto-alegre\/","url":"https:\/\/blog.deville.com.br\/destinos\/um-roteiro-cultural-por-porto-alegre\/","name":"Um roteiro cultural por Porto Alegre - Blog Deville","isPartOf":{"@id":"https:\/\/blog.deville.com.br\/#website"},"primaryImageOfPage":{"@id":"https:\/\/blog.deville.com.br\/destinos\/um-roteiro-cultural-por-porto-alegre\/#primaryimage"},"image":{"@id":"https:\/\/blog.deville.com.br\/destinos\/um-roteiro-cultural-por-porto-alegre\/#primaryimage"},"thumbnailUrl":"https:\/\/blog.deville.com.br\/wp-content\/uploads\/2024\/08\/AdobeStock_339260607-Porto-Alegre-Rio-Grande-do-Sul-Rossoni.jpg.webp","datePublished":"2021-11-25T02:22:59+00:00","breadcrumb":{"@id":"https:\/\/blog.deville.com.br\/destinos\/um-roteiro-cultural-por-porto-alegre\/#breadcrumb"},"inLanguage":"pt-BR","potentialAction":[{"@type":"ReadAction","target":["https:\/\/blog.deville.com.br\/destinos\/um-roteiro-cultural-por-porto-alegre\/"]}]},{"@type":"ImageObject","inLanguage":"pt-BR","@id":"https:\/\/blog.deville.com.br\/destinos\/um-roteiro-cultural-por-porto-alegre\/#primaryimage","url":"https:\/\/blog.deville.com.br\/wp-content\/uploads\/2024\/08\/AdobeStock_339260607-Porto-Alegre-Rio-Grande-do-Sul-Rossoni.jpg.webp","contentUrl":"https:\/\/blog.deville.com.br\/wp-content\/uploads\/2024\/08\/AdobeStock_339260607-Porto-Alegre-Rio-Grande-do-Sul-Rossoni.jpg.webp","width":1024,"height":1024,"caption":"Porto Alegre\/RS"},{"@type":"BreadcrumbList","@id":"https:\/\/blog.deville.com.br\/destinos\/um-roteiro-cultural-por-porto-alegre\/#breadcrumb","itemListElement":[{"@type":"ListItem","position":1,"name":"In\u00edcio","item":"https:\/\/blog.deville.com.br\/"},{"@type":"ListItem","position":2,"name":"Cultura","item":"https:\/\/blog.deville.com.br\/cultura\/"},{"@type":"ListItem","position":3,"name":"Um roteiro cultural por Porto Alegre"}]},{"@type":"WebSite","@id":"https:\/\/blog.deville.com.br\/#website","url":"https:\/\/blog.deville.com.br\/","name":"Blog Deville","description":"","publisher":{"@id":"https:\/\/blog.deville.com.br\/#organization"},"potentialAction":[{"@type":"SearchAction","target":{"@type":"EntryPoint","urlTemplate":"https:\/\/blog.deville.com.br\/?s={search_term_string}"},"query-input":{"@type":"PropertyValueSpecification","valueRequired":true,"valueName":"search_term_string"}}],"inLanguage":"pt-BR"},{"@type":"Organization","@id":"https:\/\/blog.deville.com.br\/#organization","name":"Hot\u00e9is Deville","url":"https:\/\/blog.deville.com.br\/","logo":{"@type":"ImageObject","inLanguage":"pt-BR","@id":"https:\/\/blog.deville.com.br\/#\/schema\/logo\/image\/","url":"https:\/\/blog.deville.com.br\/wp-content\/uploads\/2024\/08\/Deville_Logo.svg","contentUrl":"https:\/\/blog.deville.com.br\/wp-content\/uploads\/2024\/08\/Deville_Logo.svg","width":139,"height":50,"caption":"Hot\u00e9is Deville"},"image":{"@id":"https:\/\/blog.deville.com.br\/#\/schema\/logo\/image\/"},"sameAs":["https:\/\/www.facebook.com\/hoteisdeville\/","https:\/\/x.com\/hoteis_deville","https:\/\/www.instagram.com\/hoteisdeville\/","https:\/\/www.linkedin.com\/company\/hoteis-deville\/"]},{"@type":"Person","@id":"https:\/\/blog.deville.com.br\/#\/schema\/person\/e5a2d1174f6fa1f4af45e0b1ee5a9b92","name":"Eduardo Sadao","image":{"@type":"ImageObject","inLanguage":"pt-BR","@id":"https:\/\/secure.gravatar.com\/avatar\/67d8d39b54ba97ba14d429e77886caa07d1733692959d0f0b17e48572261b638?s=96&d=mm&r=g","url":"https:\/\/secure.gravatar.com\/avatar\/67d8d39b54ba97ba14d429e77886caa07d1733692959d0f0b17e48572261b638?s=96&d=mm&r=g","contentUrl":"https:\/\/secure.gravatar.com\/avatar\/67d8d39b54ba97ba14d429e77886caa07d1733692959d0f0b17e48572261b638?s=96&d=mm&r=g","caption":"Eduardo Sadao"},"url":"https:\/\/blog.deville.com.br\/author\/edu-sadao\/"}]}},"publishpress_future_action":{"enabled":false,"date":"2026-05-04 12:19:34","action":"change-status","newStatus":"draft","terms":[],"taxonomy":"category","extraData":[]},"publishpress_future_workflow_manual_trigger":{"enabledWorkflows":[]},"_links":{"self":[{"href":"https:\/\/blog.deville.com.br\/devillemkt6_json\/wp\/v2\/posts\/1237","targetHints":{"allow":["GET"]}}],"collection":[{"href":"https:\/\/blog.deville.com.br\/devillemkt6_json\/wp\/v2\/posts"}],"about":[{"href":"https:\/\/blog.deville.com.br\/devillemkt6_json\/wp\/v2\/types\/post"}],"author":[{"embeddable":true,"href":"https:\/\/blog.deville.com.br\/devillemkt6_json\/wp\/v2\/users\/2"}],"replies":[{"embeddable":true,"href":"https:\/\/blog.deville.com.br\/devillemkt6_json\/wp\/v2\/comments?post=1237"}],"version-history":[{"count":0,"href":"https:\/\/blog.deville.com.br\/devillemkt6_json\/wp\/v2\/posts\/1237\/revisions"}],"wp:featuredmedia":[{"embeddable":true,"href":"https:\/\/blog.deville.com.br\/devillemkt6_json\/wp\/v2\/media\/124"}],"wp:attachment":[{"href":"https:\/\/blog.deville.com.br\/devillemkt6_json\/wp\/v2\/media?parent=1237"}],"wp:term":[{"taxonomy":"category","embeddable":true,"href":"https:\/\/blog.deville.com.br\/devillemkt6_json\/wp\/v2\/categories?post=1237"},{"taxonomy":"post_tag","embeddable":true,"href":"https:\/\/blog.deville.com.br\/devillemkt6_json\/wp\/v2\/tags?post=1237"}],"curies":[{"name":"wp","href":"https:\/\/api.w.org\/{rel}","templated":true}]}}