{"id":1290,"date":"2024-08-16T17:45:04","date_gmt":"2024-08-16T20:45:04","guid":{"rendered":"https:\/\/deville.perika.cc\/blog\/pelourinho-conheca-a-historia-desse-simbolo-de-salvador\/"},"modified":"2025-03-24T15:19:34","modified_gmt":"2025-03-24T18:19:34","slug":"pelourinho-conheca-a-historia-desse-simbolo-de-salvador","status":"publish","type":"post","link":"https:\/\/blog.deville.com.br\/cultura\/pelourinho-conheca-a-historia-desse-simbolo-de-salvador\/","title":{"rendered":"Pelourinho: conhe\u00e7a a hist\u00f3ria desse s\u00edmbolo de Salvador"},"content":{"rendered":"<p>Ao visitar a vibrante Capital Baiana, um destino obrigat\u00f3rio \u00e9 o Pelourinho. Esse local encantador, cheio de cores, arquitetura hist\u00f3rica e cultura abundante, atrai a aten\u00e7\u00e3o de turistas do mundo todo. No entanto, o que muitos n\u00e3o sabem \u00e9 que por tr\u00e1s desse ponto tur\u00edstico ic\u00f4nico de Salvador h\u00e1 uma hist\u00f3ria intrincada que se confunde com a do pr\u00f3prio Brasil. Neste artigo, preparado pela equipe dos Hot\u00e9is Deville, voc\u00ea vai descobrir mais sobre o Pelourinho, suas origens tristes, seu papel na hist\u00f3ria e sua transforma\u00e7\u00e3o em um espa\u00e7o cultural e art\u00edstico de grande import\u00e2ncia.<\/p>\n<p>&nbsp;<\/p>\n<p><strong>O Pelourinho: Origens e Significado<\/strong><\/p>\n<p>O termo &#8220;pelourinho&#8221; era utilizado para descrever o local onde escravos fugitivos ou infratores eram levados para serem punidos. Esses lugares p\u00fablicos eram compostos por colunas de pedra com argolas, onde as pessoas eram amarradas e submetidas a torturas cru\u00e9is. A presen\u00e7a dos pelourinhos em Salvador, antiga capital do Brasil, durante os 214 anos em que ocupou esse posto, representa a triste realidade da escravid\u00e3o e a autoridade dos senhores de escravos.<\/p>\n<p><strong>Pelourinhos na Capital<\/strong><\/p>\n<p>Salvador foi um importante centro econ\u00f4mico do Brasil colonial, onde a m\u00e3o de obra escrava era amplamente utilizada. Por essa raz\u00e3o, diversos pelourinhos foram instalados na cidade, simbolizando a justi\u00e7a e a autoridade dos senhores de escravos. Alguns dos espa\u00e7os que abrigaram essas colunas de puni\u00e7\u00e3o foram o Terreiro de Jesus, a Pra\u00e7a Castro Alves e a Pra\u00e7a Tom\u00e9 de Souza.<\/p>\n<p>&nbsp;<\/p>\n<figure id=\"attachment_1724\" aria-describedby=\"caption-attachment-1724\" style=\"width: 350px\" class=\"wp-caption aligncenter\"><img fetchpriority=\"high\" decoding=\"async\" class=\"wp-image-1724\" src=\"https:\/\/blog.deville.com.br\/wp-content\/uploads\/2024\/08\/Pelourinho-Salvador-BA-imagem-de-Stefan-Wieser.jpg.webp\" alt=\"Pelourinho, Salvador\/BA | Imagem: Canva\" width=\"350\" height=\"175\" \/><figcaption id=\"caption-attachment-1724\" class=\"wp-caption-text\">Pelourinho, Salvador\/BA | Imagem: Canva<\/figcaption><\/figure>\n<p>&nbsp;<\/p>\n<p><strong>O Pelourinho Hoje: Arte, Cultura e Patrim\u00f4nio<\/strong><\/p>\n<p>Apesar de seu passado sombrio, o Pelourinho de Salvador se transformou em um local repleto de m\u00fasica, cultura e arte baiana. Reconhecido como Patrim\u00f4nio Hist\u00f3rico da Humanidade, os visitantes podem explorar igrejas com arquitetura marcante, como a Catedral Bas\u00edlica e a Igreja do Ros\u00e1rio dos Homens Pretos, al\u00e9m de desfrutar de restaurantes, bares, centros culturais, atra\u00e7\u00f5es art\u00edsticas, museus e muito mais.<\/p>\n<p>Localizado no centro hist\u00f3rico de Salvador, o Pelourinho se tornou um palco para artistas internacionais renomados, como Michael Jackson e Paul Simon, que encantaram o p\u00fablico com suas apresenta\u00e7\u00f5es nesse cen\u00e1rio \u00fanico.<\/p>\n<p>&nbsp;<\/p>\n<p><img decoding=\"async\" class=\" wp-image-1747 aligncenter\" src=\"https:\/\/blog.deville.com.br\/wp-content\/uploads\/2024\/08\/videoframe_121005-1-1.png-scaled.webp\" alt=\"Devile Prime Salvador\" width=\"452\" height=\"254\" \/><\/p>\n<p style=\"text-align: left;\">Deville Prime Salvador\/BA | Imagem: Hot\u00e9is Deville<\/p>\n<p><strong>Descubra a Magia do Pelourinho de Salvador: Hospede-se no Deville Prime Salvador<\/strong><\/p>\n<p>Aproveite ao m\u00e1ximo sua visita a Salvador planejando sua estadia no <a href=\"https:\/\/www.deville.com.br\/hotel-deville-prime-salvador\" target=\"_blank\" rel=\"noopener\">Deville Prime Salvador<\/a>. Como um hotel moderno e completo, com gastronomia regional e servi\u00e7os de excel\u00eancia, o Deville Prime oferece acomoda\u00e7\u00f5es confort\u00e1veis e uma experi\u00eancia \u00fanica de um resort urbano.<\/p>\n<p>Com a nova \u00e1rea de lazer do <a href=\"https:\/\/www.deville.com.br\/hotel-deville-prime-salvador\">Deville Prime Salvador<\/a>, os momentos para relaxar e curtir ficaram ainda melhores. Uma incr\u00edvel piscina praiada com hidromassagem, bangal\u00f4s com piscina exclusiva, al\u00e9m de muita divers\u00e3o para as crian\u00e7as no Deville Kids, playground aqu\u00e1tico, recrea\u00e7\u00e3o, parquinho e muito mais. Desfrute da seguran\u00e7a, comodidade e tranquilidade de uma \u00e1rea verde para descanso, onde voc\u00ea pode relaxar ap\u00f3s explorar as maravilhas culturais do Pelourinho.<\/p>\n<p>Planeje sua visita \u00e0 capital baiana e mergulhe na rica cultura e hist\u00f3ria do Pelourinho de Salvador. Fa\u00e7a sua reserva no <a href=\"https:\/\/www.deville.com.br\/hotel-deville-prime-salvador\" target=\"_blank\" rel=\"noopener\">Deville Prime Salvador<\/a> e tenha uma experi\u00eancia inesquec\u00edvel em um destino que mescla tradi\u00e7\u00e3o, arte e hospitalidade de excel\u00eancia.<\/p>\n","protected":false},"excerpt":{"rendered":"<p>Patrim\u00f4nio Hist\u00f3rico da Humanidade, o Pelourinho \u00e9 destino obrigat\u00f3rio para quem visita a capital baiana.<\/p>\n","protected":false},"author":2,"featured_media":2086,"comment_status":"open","ping_status":"open","sticky":false,"template":"","format":"standard","meta":{"_acf_changed":false,"footnotes":""},"categories":[39],"tags":[4,56,96],"class_list":["post-1290","post","type-post","status-publish","format-standard","has-post-thumbnail","hentry","category-cultura","tag-destinos","tag-turismo","tag-viagens"],"acf":[],"yoast_head":"<!-- This site is optimized with the Yoast SEO plugin v27.5 - https:\/\/yoast.com\/product\/yoast-seo-wordpress\/ -->\n<title>Pelourinho: conhe\u00e7a a hist\u00f3ria desse s\u00edmbolo de Salvador - Blog Deville<\/title>\n<meta name=\"robots\" content=\"index, follow, max-snippet:-1, max-image-preview:large, max-video-preview:-1\" \/>\n<link rel=\"canonical\" href=\"https:\/\/blog.deville.com.br\/cultura\/pelourinho-conheca-a-historia-desse-simbolo-de-salvador\/\" \/>\n<meta property=\"og:locale\" content=\"pt_BR\" \/>\n<meta property=\"og:type\" content=\"article\" \/>\n<meta property=\"og:title\" content=\"Pelourinho: conhe\u00e7a a hist\u00f3ria desse s\u00edmbolo de Salvador - Blog Deville\" \/>\n<meta property=\"og:description\" content=\"Patrim\u00f4nio Hist\u00f3rico da Humanidade, o Pelourinho \u00e9 destino obrigat\u00f3rio para quem visita a capital baiana.\" \/>\n<meta property=\"og:url\" content=\"https:\/\/blog.deville.com.br\/cultura\/pelourinho-conheca-a-historia-desse-simbolo-de-salvador\/\" \/>\n<meta property=\"og:site_name\" content=\"Blog Deville\" \/>\n<meta property=\"article:publisher\" content=\"https:\/\/www.facebook.com\/hoteisdeville\/\" \/>\n<meta property=\"article:published_time\" content=\"2024-08-16T20:45:04+00:00\" \/>\n<meta property=\"article:modified_time\" content=\"2025-03-24T18:19:34+00:00\" \/>\n<meta property=\"og:image\" content=\"https:\/\/blog.deville.com.br\/wp-content\/uploads\/2024\/08\/AdobeStock_303899156-Salvador-Bahia-Pelourinho-Giban.jpg-1.webp\" \/>\n\t<meta property=\"og:image:width\" content=\"1024\" \/>\n\t<meta property=\"og:image:height\" content=\"1024\" \/>\n\t<meta property=\"og:image:type\" content=\"image\/webp\" \/>\n<meta name=\"author\" content=\"Eduardo Sadao\" \/>\n<meta name=\"twitter:card\" content=\"summary_large_image\" \/>\n<meta name=\"twitter:creator\" content=\"@hoteis_deville\" \/>\n<meta name=\"twitter:site\" content=\"@hoteis_deville\" \/>\n<meta name=\"twitter:label1\" content=\"Escrito por\" \/>\n\t<meta name=\"twitter:data1\" content=\"Eduardo Sadao\" \/>\n\t<meta name=\"twitter:label2\" content=\"Est. tempo de leitura\" \/>\n\t<meta name=\"twitter:data2\" content=\"4 minutos\" \/>\n<script type=\"application\/ld+json\" class=\"yoast-schema-graph\">{\"@context\":\"https:\\\/\\\/schema.org\",\"@graph\":[{\"@type\":\"Article\",\"@id\":\"https:\\\/\\\/blog.deville.com.br\\\/cultura\\\/pelourinho-conheca-a-historia-desse-simbolo-de-salvador\\\/#article\",\"isPartOf\":{\"@id\":\"https:\\\/\\\/blog.deville.com.br\\\/cultura\\\/pelourinho-conheca-a-historia-desse-simbolo-de-salvador\\\/\"},\"author\":{\"name\":\"Eduardo Sadao\",\"@id\":\"https:\\\/\\\/blog.deville.com.br\\\/#\\\/schema\\\/person\\\/e5a2d1174f6fa1f4af45e0b1ee5a9b92\"},\"headline\":\"Pelourinho: conhe\u00e7a a hist\u00f3ria desse s\u00edmbolo de Salvador\",\"datePublished\":\"2024-08-16T20:45:04+00:00\",\"dateModified\":\"2025-03-24T18:19:34+00:00\",\"mainEntityOfPage\":{\"@id\":\"https:\\\/\\\/blog.deville.com.br\\\/cultura\\\/pelourinho-conheca-a-historia-desse-simbolo-de-salvador\\\/\"},\"wordCount\":589,\"commentCount\":0,\"publisher\":{\"@id\":\"https:\\\/\\\/blog.deville.com.br\\\/#organization\"},\"image\":{\"@id\":\"https:\\\/\\\/blog.deville.com.br\\\/cultura\\\/pelourinho-conheca-a-historia-desse-simbolo-de-salvador\\\/#primaryimage\"},\"thumbnailUrl\":\"https:\\\/\\\/blog.deville.com.br\\\/wp-content\\\/uploads\\\/2024\\\/08\\\/AdobeStock_303899156-Salvador-Bahia-Pelourinho-Giban.jpg-1.webp\",\"keywords\":[\"Destinos\",\"Turismo\",\"Viagens\"],\"articleSection\":[\"Cultura\"],\"inLanguage\":\"pt-BR\",\"potentialAction\":[{\"@type\":\"CommentAction\",\"name\":\"Comment\",\"target\":[\"https:\\\/\\\/blog.deville.com.br\\\/cultura\\\/pelourinho-conheca-a-historia-desse-simbolo-de-salvador\\\/#respond\"]}]},{\"@type\":\"WebPage\",\"@id\":\"https:\\\/\\\/blog.deville.com.br\\\/cultura\\\/pelourinho-conheca-a-historia-desse-simbolo-de-salvador\\\/\",\"url\":\"https:\\\/\\\/blog.deville.com.br\\\/cultura\\\/pelourinho-conheca-a-historia-desse-simbolo-de-salvador\\\/\",\"name\":\"Pelourinho: conhe\u00e7a a hist\u00f3ria desse s\u00edmbolo de Salvador - Blog Deville\",\"isPartOf\":{\"@id\":\"https:\\\/\\\/blog.deville.com.br\\\/#website\"},\"primaryImageOfPage\":{\"@id\":\"https:\\\/\\\/blog.deville.com.br\\\/cultura\\\/pelourinho-conheca-a-historia-desse-simbolo-de-salvador\\\/#primaryimage\"},\"image\":{\"@id\":\"https:\\\/\\\/blog.deville.com.br\\\/cultura\\\/pelourinho-conheca-a-historia-desse-simbolo-de-salvador\\\/#primaryimage\"},\"thumbnailUrl\":\"https:\\\/\\\/blog.deville.com.br\\\/wp-content\\\/uploads\\\/2024\\\/08\\\/AdobeStock_303899156-Salvador-Bahia-Pelourinho-Giban.jpg-1.webp\",\"datePublished\":\"2024-08-16T20:45:04+00:00\",\"dateModified\":\"2025-03-24T18:19:34+00:00\",\"breadcrumb\":{\"@id\":\"https:\\\/\\\/blog.deville.com.br\\\/cultura\\\/pelourinho-conheca-a-historia-desse-simbolo-de-salvador\\\/#breadcrumb\"},\"inLanguage\":\"pt-BR\",\"potentialAction\":[{\"@type\":\"ReadAction\",\"target\":[\"https:\\\/\\\/blog.deville.com.br\\\/cultura\\\/pelourinho-conheca-a-historia-desse-simbolo-de-salvador\\\/\"]}]},{\"@type\":\"ImageObject\",\"inLanguage\":\"pt-BR\",\"@id\":\"https:\\\/\\\/blog.deville.com.br\\\/cultura\\\/pelourinho-conheca-a-historia-desse-simbolo-de-salvador\\\/#primaryimage\",\"url\":\"https:\\\/\\\/blog.deville.com.br\\\/wp-content\\\/uploads\\\/2024\\\/08\\\/AdobeStock_303899156-Salvador-Bahia-Pelourinho-Giban.jpg-1.webp\",\"contentUrl\":\"https:\\\/\\\/blog.deville.com.br\\\/wp-content\\\/uploads\\\/2024\\\/08\\\/AdobeStock_303899156-Salvador-Bahia-Pelourinho-Giban.jpg-1.webp\",\"width\":1024,\"height\":1024},{\"@type\":\"BreadcrumbList\",\"@id\":\"https:\\\/\\\/blog.deville.com.br\\\/cultura\\\/pelourinho-conheca-a-historia-desse-simbolo-de-salvador\\\/#breadcrumb\",\"itemListElement\":[{\"@type\":\"ListItem\",\"position\":1,\"name\":\"In\u00edcio\",\"item\":\"https:\\\/\\\/blog.deville.com.br\\\/\"},{\"@type\":\"ListItem\",\"position\":2,\"name\":\"Cultura\",\"item\":\"https:\\\/\\\/blog.deville.com.br\\\/cultura\\\/\"},{\"@type\":\"ListItem\",\"position\":3,\"name\":\"Pelourinho: conhe\u00e7a a hist\u00f3ria desse s\u00edmbolo de Salvador\"}]},{\"@type\":\"WebSite\",\"@id\":\"https:\\\/\\\/blog.deville.com.br\\\/#website\",\"url\":\"https:\\\/\\\/blog.deville.com.br\\\/\",\"name\":\"Blog Deville\",\"description\":\"\",\"publisher\":{\"@id\":\"https:\\\/\\\/blog.deville.com.br\\\/#organization\"},\"potentialAction\":[{\"@type\":\"SearchAction\",\"target\":{\"@type\":\"EntryPoint\",\"urlTemplate\":\"https:\\\/\\\/blog.deville.com.br\\\/?s={search_term_string}\"},\"query-input\":{\"@type\":\"PropertyValueSpecification\",\"valueRequired\":true,\"valueName\":\"search_term_string\"}}],\"inLanguage\":\"pt-BR\"},{\"@type\":\"Organization\",\"@id\":\"https:\\\/\\\/blog.deville.com.br\\\/#organization\",\"name\":\"Hot\u00e9is Deville\",\"url\":\"https:\\\/\\\/blog.deville.com.br\\\/\",\"logo\":{\"@type\":\"ImageObject\",\"inLanguage\":\"pt-BR\",\"@id\":\"https:\\\/\\\/blog.deville.com.br\\\/#\\\/schema\\\/logo\\\/image\\\/\",\"url\":\"https:\\\/\\\/blog.deville.com.br\\\/wp-content\\\/uploads\\\/2024\\\/08\\\/Deville_Logo.svg\",\"contentUrl\":\"https:\\\/\\\/blog.deville.com.br\\\/wp-content\\\/uploads\\\/2024\\\/08\\\/Deville_Logo.svg\",\"width\":139,\"height\":50,\"caption\":\"Hot\u00e9is Deville\"},\"image\":{\"@id\":\"https:\\\/\\\/blog.deville.com.br\\\/#\\\/schema\\\/logo\\\/image\\\/\"},\"sameAs\":[\"https:\\\/\\\/www.facebook.com\\\/hoteisdeville\\\/\",\"https:\\\/\\\/x.com\\\/hoteis_deville\",\"https:\\\/\\\/www.instagram.com\\\/hoteisdeville\\\/\",\"https:\\\/\\\/www.linkedin.com\\\/company\\\/hoteis-deville\\\/\"]},{\"@type\":\"Person\",\"@id\":\"https:\\\/\\\/blog.deville.com.br\\\/#\\\/schema\\\/person\\\/e5a2d1174f6fa1f4af45e0b1ee5a9b92\",\"name\":\"Eduardo Sadao\",\"image\":{\"@type\":\"ImageObject\",\"inLanguage\":\"pt-BR\",\"@id\":\"https:\\\/\\\/secure.gravatar.com\\\/avatar\\\/67d8d39b54ba97ba14d429e77886caa07d1733692959d0f0b17e48572261b638?s=96&d=mm&r=g\",\"url\":\"https:\\\/\\\/secure.gravatar.com\\\/avatar\\\/67d8d39b54ba97ba14d429e77886caa07d1733692959d0f0b17e48572261b638?s=96&d=mm&r=g\",\"contentUrl\":\"https:\\\/\\\/secure.gravatar.com\\\/avatar\\\/67d8d39b54ba97ba14d429e77886caa07d1733692959d0f0b17e48572261b638?s=96&d=mm&r=g\",\"caption\":\"Eduardo Sadao\"},\"url\":\"https:\\\/\\\/blog.deville.com.br\\\/author\\\/edu-sadao\\\/\"}]}<\/script>\n<!-- \/ Yoast SEO plugin. -->","yoast_head_json":{"title":"Pelourinho: conhe\u00e7a a hist\u00f3ria desse s\u00edmbolo de Salvador - Blog Deville","robots":{"index":"index","follow":"follow","max-snippet":"max-snippet:-1","max-image-preview":"max-image-preview:large","max-video-preview":"max-video-preview:-1"},"canonical":"https:\/\/blog.deville.com.br\/cultura\/pelourinho-conheca-a-historia-desse-simbolo-de-salvador\/","og_locale":"pt_BR","og_type":"article","og_title":"Pelourinho: conhe\u00e7a a hist\u00f3ria desse s\u00edmbolo de Salvador - Blog Deville","og_description":"Patrim\u00f4nio Hist\u00f3rico da Humanidade, o Pelourinho \u00e9 destino obrigat\u00f3rio para quem visita a capital baiana.","og_url":"https:\/\/blog.deville.com.br\/cultura\/pelourinho-conheca-a-historia-desse-simbolo-de-salvador\/","og_site_name":"Blog Deville","article_publisher":"https:\/\/www.facebook.com\/hoteisdeville\/","article_published_time":"2024-08-16T20:45:04+00:00","article_modified_time":"2025-03-24T18:19:34+00:00","og_image":[{"width":1024,"height":1024,"url":"https:\/\/blog.deville.com.br\/wp-content\/uploads\/2024\/08\/AdobeStock_303899156-Salvador-Bahia-Pelourinho-Giban.jpg-1.webp","type":"image\/webp"}],"author":"Eduardo Sadao","twitter_card":"summary_large_image","twitter_creator":"@hoteis_deville","twitter_site":"@hoteis_deville","twitter_misc":{"Escrito por":"Eduardo Sadao","Est. tempo de leitura":"4 minutos"},"schema":{"@context":"https:\/\/schema.org","@graph":[{"@type":"Article","@id":"https:\/\/blog.deville.com.br\/cultura\/pelourinho-conheca-a-historia-desse-simbolo-de-salvador\/#article","isPartOf":{"@id":"https:\/\/blog.deville.com.br\/cultura\/pelourinho-conheca-a-historia-desse-simbolo-de-salvador\/"},"author":{"name":"Eduardo Sadao","@id":"https:\/\/blog.deville.com.br\/#\/schema\/person\/e5a2d1174f6fa1f4af45e0b1ee5a9b92"},"headline":"Pelourinho: conhe\u00e7a a hist\u00f3ria desse s\u00edmbolo de Salvador","datePublished":"2024-08-16T20:45:04+00:00","dateModified":"2025-03-24T18:19:34+00:00","mainEntityOfPage":{"@id":"https:\/\/blog.deville.com.br\/cultura\/pelourinho-conheca-a-historia-desse-simbolo-de-salvador\/"},"wordCount":589,"commentCount":0,"publisher":{"@id":"https:\/\/blog.deville.com.br\/#organization"},"image":{"@id":"https:\/\/blog.deville.com.br\/cultura\/pelourinho-conheca-a-historia-desse-simbolo-de-salvador\/#primaryimage"},"thumbnailUrl":"https:\/\/blog.deville.com.br\/wp-content\/uploads\/2024\/08\/AdobeStock_303899156-Salvador-Bahia-Pelourinho-Giban.jpg-1.webp","keywords":["Destinos","Turismo","Viagens"],"articleSection":["Cultura"],"inLanguage":"pt-BR","potentialAction":[{"@type":"CommentAction","name":"Comment","target":["https:\/\/blog.deville.com.br\/cultura\/pelourinho-conheca-a-historia-desse-simbolo-de-salvador\/#respond"]}]},{"@type":"WebPage","@id":"https:\/\/blog.deville.com.br\/cultura\/pelourinho-conheca-a-historia-desse-simbolo-de-salvador\/","url":"https:\/\/blog.deville.com.br\/cultura\/pelourinho-conheca-a-historia-desse-simbolo-de-salvador\/","name":"Pelourinho: conhe\u00e7a a hist\u00f3ria desse s\u00edmbolo de Salvador - Blog Deville","isPartOf":{"@id":"https:\/\/blog.deville.com.br\/#website"},"primaryImageOfPage":{"@id":"https:\/\/blog.deville.com.br\/cultura\/pelourinho-conheca-a-historia-desse-simbolo-de-salvador\/#primaryimage"},"image":{"@id":"https:\/\/blog.deville.com.br\/cultura\/pelourinho-conheca-a-historia-desse-simbolo-de-salvador\/#primaryimage"},"thumbnailUrl":"https:\/\/blog.deville.com.br\/wp-content\/uploads\/2024\/08\/AdobeStock_303899156-Salvador-Bahia-Pelourinho-Giban.jpg-1.webp","datePublished":"2024-08-16T20:45:04+00:00","dateModified":"2025-03-24T18:19:34+00:00","breadcrumb":{"@id":"https:\/\/blog.deville.com.br\/cultura\/pelourinho-conheca-a-historia-desse-simbolo-de-salvador\/#breadcrumb"},"inLanguage":"pt-BR","potentialAction":[{"@type":"ReadAction","target":["https:\/\/blog.deville.com.br\/cultura\/pelourinho-conheca-a-historia-desse-simbolo-de-salvador\/"]}]},{"@type":"ImageObject","inLanguage":"pt-BR","@id":"https:\/\/blog.deville.com.br\/cultura\/pelourinho-conheca-a-historia-desse-simbolo-de-salvador\/#primaryimage","url":"https:\/\/blog.deville.com.br\/wp-content\/uploads\/2024\/08\/AdobeStock_303899156-Salvador-Bahia-Pelourinho-Giban.jpg-1.webp","contentUrl":"https:\/\/blog.deville.com.br\/wp-content\/uploads\/2024\/08\/AdobeStock_303899156-Salvador-Bahia-Pelourinho-Giban.jpg-1.webp","width":1024,"height":1024},{"@type":"BreadcrumbList","@id":"https:\/\/blog.deville.com.br\/cultura\/pelourinho-conheca-a-historia-desse-simbolo-de-salvador\/#breadcrumb","itemListElement":[{"@type":"ListItem","position":1,"name":"In\u00edcio","item":"https:\/\/blog.deville.com.br\/"},{"@type":"ListItem","position":2,"name":"Cultura","item":"https:\/\/blog.deville.com.br\/cultura\/"},{"@type":"ListItem","position":3,"name":"Pelourinho: conhe\u00e7a a hist\u00f3ria desse s\u00edmbolo de Salvador"}]},{"@type":"WebSite","@id":"https:\/\/blog.deville.com.br\/#website","url":"https:\/\/blog.deville.com.br\/","name":"Blog Deville","description":"","publisher":{"@id":"https:\/\/blog.deville.com.br\/#organization"},"potentialAction":[{"@type":"SearchAction","target":{"@type":"EntryPoint","urlTemplate":"https:\/\/blog.deville.com.br\/?s={search_term_string}"},"query-input":{"@type":"PropertyValueSpecification","valueRequired":true,"valueName":"search_term_string"}}],"inLanguage":"pt-BR"},{"@type":"Organization","@id":"https:\/\/blog.deville.com.br\/#organization","name":"Hot\u00e9is Deville","url":"https:\/\/blog.deville.com.br\/","logo":{"@type":"ImageObject","inLanguage":"pt-BR","@id":"https:\/\/blog.deville.com.br\/#\/schema\/logo\/image\/","url":"https:\/\/blog.deville.com.br\/wp-content\/uploads\/2024\/08\/Deville_Logo.svg","contentUrl":"https:\/\/blog.deville.com.br\/wp-content\/uploads\/2024\/08\/Deville_Logo.svg","width":139,"height":50,"caption":"Hot\u00e9is Deville"},"image":{"@id":"https:\/\/blog.deville.com.br\/#\/schema\/logo\/image\/"},"sameAs":["https:\/\/www.facebook.com\/hoteisdeville\/","https:\/\/x.com\/hoteis_deville","https:\/\/www.instagram.com\/hoteisdeville\/","https:\/\/www.linkedin.com\/company\/hoteis-deville\/"]},{"@type":"Person","@id":"https:\/\/blog.deville.com.br\/#\/schema\/person\/e5a2d1174f6fa1f4af45e0b1ee5a9b92","name":"Eduardo Sadao","image":{"@type":"ImageObject","inLanguage":"pt-BR","@id":"https:\/\/secure.gravatar.com\/avatar\/67d8d39b54ba97ba14d429e77886caa07d1733692959d0f0b17e48572261b638?s=96&d=mm&r=g","url":"https:\/\/secure.gravatar.com\/avatar\/67d8d39b54ba97ba14d429e77886caa07d1733692959d0f0b17e48572261b638?s=96&d=mm&r=g","contentUrl":"https:\/\/secure.gravatar.com\/avatar\/67d8d39b54ba97ba14d429e77886caa07d1733692959d0f0b17e48572261b638?s=96&d=mm&r=g","caption":"Eduardo Sadao"},"url":"https:\/\/blog.deville.com.br\/author\/edu-sadao\/"}]}},"publishpress_future_action":{"enabled":false,"date":"2026-05-08 08:50:37","action":"change-status","newStatus":"draft","terms":[],"taxonomy":"category","extraData":[]},"publishpress_future_workflow_manual_trigger":{"enabledWorkflows":[]},"_links":{"self":[{"href":"https:\/\/blog.deville.com.br\/devillemkt6_json\/wp\/v2\/posts\/1290","targetHints":{"allow":["GET"]}}],"collection":[{"href":"https:\/\/blog.deville.com.br\/devillemkt6_json\/wp\/v2\/posts"}],"about":[{"href":"https:\/\/blog.deville.com.br\/devillemkt6_json\/wp\/v2\/types\/post"}],"author":[{"embeddable":true,"href":"https:\/\/blog.deville.com.br\/devillemkt6_json\/wp\/v2\/users\/2"}],"replies":[{"embeddable":true,"href":"https:\/\/blog.deville.com.br\/devillemkt6_json\/wp\/v2\/comments?post=1290"}],"version-history":[{"count":1,"href":"https:\/\/blog.deville.com.br\/devillemkt6_json\/wp\/v2\/posts\/1290\/revisions"}],"predecessor-version":[{"id":1291,"href":"https:\/\/blog.deville.com.br\/devillemkt6_json\/wp\/v2\/posts\/1290\/revisions\/1291"}],"wp:featuredmedia":[{"embeddable":true,"href":"https:\/\/blog.deville.com.br\/devillemkt6_json\/wp\/v2\/media\/2086"}],"wp:attachment":[{"href":"https:\/\/blog.deville.com.br\/devillemkt6_json\/wp\/v2\/media?parent=1290"}],"wp:term":[{"taxonomy":"category","embeddable":true,"href":"https:\/\/blog.deville.com.br\/devillemkt6_json\/wp\/v2\/categories?post=1290"},{"taxonomy":"post_tag","embeddable":true,"href":"https:\/\/blog.deville.com.br\/devillemkt6_json\/wp\/v2\/tags?post=1290"}],"curies":[{"name":"wp","href":"https:\/\/api.w.org\/{rel}","templated":true}]}}