{"id":1331,"date":"2023-06-16T14:24:51","date_gmt":"2023-06-16T17:24:51","guid":{"rendered":"https:\/\/deville.perika.cc\/blog\/explore-o-museu-do-carnaval-em-salvador-cultura-interatividade-e-hospedagem-no-hotel-deville-prime\/"},"modified":"2023-06-16T14:24:51","modified_gmt":"2023-06-16T17:24:51","slug":"explore-o-museu-do-carnaval-em-salvador-cultura-interatividade-e-hospedagem-no-hotel-deville-prime","status":"publish","type":"post","link":"https:\/\/blog.deville.com.br\/cultura\/explore-o-museu-do-carnaval-em-salvador-cultura-interatividade-e-hospedagem-no-hotel-deville-prime\/","title":{"rendered":"Explore o Museu do Carnaval em Salvador: Cultura, Interatividade e Hospedagem no Hotel Deville Prime"},"content":{"rendered":"<p>Salvador, a capital baiana, \u00e9 conhecida por sua rica cultura, tradi\u00e7\u00f5es e, \u00e9 claro, pelo Carnaval. Neste artigo, vamos apresentar o Museu do Carnaval, o primeiro museu interativo sobre essa festa t\u00e3o ic\u00f4nica no Brasil. Localizado no centro hist\u00f3rico de Salvador, ao lado da Catedral Bas\u00edlica Primacial S\u00e3o Salvador, esse espa\u00e7o oferece uma experi\u00eancia \u00fanica aos visitantes, com recursos multim\u00eddia que trazem \u00e0 vida a vibra\u00e7\u00e3o e a alegria dessa festa. Al\u00e9m disso, falaremos sobre uma excelente op\u00e7\u00e3o de hospedagem para quem deseja desfrutar plenamente da cidade: o <a href=\"https:\/\/www.deville.com.br\/hotel-deville-prime-salvador\" target=\"_blank\" rel=\"noopener\">Hotel Deville Prime Salvador<\/a>. Continue lendo e descubra como aproveitar o melhor do Carnaval e desfrutar de uma hospedagem de excel\u00eancia.<\/p>\n<p>&nbsp;<\/p>\n<p><strong>Explorando o Museu do Carnaval: <\/strong><\/p>\n<p>A Casa do Carnaval \u00e9 um verdadeiro tesouro para os amantes dessa festa popular. Com uma vasta cole\u00e7\u00e3o de livros, objetos, esculturas e v\u00eddeos relacionados ao Carnaval e \u00e0 cidade de Salvador, o museu mergulha os visitantes na hist\u00f3ria e nas tradi\u00e7\u00f5es dessa celebra\u00e7\u00e3o \u00fanica. O diferencial est\u00e1 na interatividade proporcionada pelos recursos multim\u00eddia, como luzes, refletores e fitas de LED, que recriam a atmosfera e a energia do Carnaval. Os visitantes podem vivenciar coreografias, explorar vitrines com objetos in\u00e9ditos cedidos por artistas e at\u00e9 mesmo desfrutar de uma vista incr\u00edvel da Ba\u00eda de Todos os Santos no terra\u00e7o do museu.<\/p>\n<p>&nbsp;<\/p>\n<p><strong>Hospedagem no Hotel Deville Prime Salvador: <\/strong><\/p>\n<p>Para uma experi\u00eancia completa em Salvador, \u00e9 essencial escolher uma hospedagem que ofere\u00e7a conforto e servi\u00e7os de qualidade. O Hotel Deville Prime Salvador \u00e9 um resort urbano que combina excel\u00eancia em hospitalidade com uma \u00e1rea verde exuberante para momentos de descanso. Com uma localiza\u00e7\u00e3o estrat\u00e9gica, o hotel oferece facilidade de acesso aos principais pontos tur\u00edsticos da cidade, incluindo o Museu do Carnaval. Desfrute de quartos confort\u00e1veis, gastronomia refinada e uma equipe dedicada a tornar sua estadia memor\u00e1vel.<\/p>\n<p>&nbsp;<\/p>\n<p>N\u00e3o deixe de visitar o Museu do Carnaval e desfrutar de uma hospedagem excepcional no <a href=\"https:\/\/www.deville.com.br\/hotel-deville-prime-salvador\" target=\"_blank\" rel=\"noopener\">Hotel Deville Prime Salvador<\/a>. Garanta sua reserva e mergulhe na cultura e na alegria dessa festa \u00fanica!<\/p>\n","protected":false},"excerpt":{"rendered":"<p>Salvador, a capital baiana, \u00e9 conhecida por sua rica cultura, tradi\u00e7\u00f5es e, \u00e9 claro, pelo Carnaval. Neste artigo, vamos apresentar o Museu do Carnaval, o primeiro museu interativo sobre essa festa t\u00e3o ic\u00f4nica no Brasil. Localizado no centro hist\u00f3rico de Salvador, ao lado da Catedral Bas\u00edlica Primacial S\u00e3o Salvador, esse espa\u00e7o oferece uma experi\u00eancia \u00fanica [&hellip;]<\/p>\n","protected":false},"author":2,"featured_media":201,"comment_status":"open","ping_status":"open","sticky":false,"template":"","format":"standard","meta":{"_acf_changed":false,"footnotes":""},"categories":[39],"tags":[99,6,95,81],"class_list":["post-1331","post","type-post","status-publish","format-standard","has-post-thumbnail","hentry","category-cultura","tag-carnaval","tag-dicas","tag-hotel-deville-prime-salvador","tag-salvador"],"acf":[],"yoast_head":"<!-- This site is optimized with the Yoast SEO plugin v27.4 - https:\/\/yoast.com\/product\/yoast-seo-wordpress\/ -->\n<title>Explore o Museu do Carnaval em Salvador: Cultura, Interatividade e Hospedagem no Hotel Deville Prime - Blog Deville<\/title>\n<meta name=\"robots\" content=\"index, follow, max-snippet:-1, max-image-preview:large, max-video-preview:-1\" \/>\n<link rel=\"canonical\" href=\"https:\/\/blog.deville.com.br\/cultura\/explore-o-museu-do-carnaval-em-salvador-cultura-interatividade-e-hospedagem-no-hotel-deville-prime\/\" \/>\n<meta property=\"og:locale\" content=\"pt_BR\" \/>\n<meta property=\"og:type\" content=\"article\" \/>\n<meta property=\"og:title\" content=\"Explore o Museu do Carnaval em Salvador: Cultura, Interatividade e Hospedagem no Hotel Deville Prime - Blog Deville\" \/>\n<meta property=\"og:description\" content=\"Salvador, a capital baiana, \u00e9 conhecida por sua rica cultura, tradi\u00e7\u00f5es e, \u00e9 claro, pelo Carnaval. Neste artigo, vamos apresentar o Museu do Carnaval, o primeiro museu interativo sobre essa festa t\u00e3o ic\u00f4nica no Brasil. Localizado no centro hist\u00f3rico de Salvador, ao lado da Catedral Bas\u00edlica Primacial S\u00e3o Salvador, esse espa\u00e7o oferece uma experi\u00eancia \u00fanica [&hellip;]\" \/>\n<meta property=\"og:url\" content=\"https:\/\/blog.deville.com.br\/cultura\/explore-o-museu-do-carnaval-em-salvador-cultura-interatividade-e-hospedagem-no-hotel-deville-prime\/\" \/>\n<meta property=\"og:site_name\" content=\"Blog Deville\" \/>\n<meta property=\"article:publisher\" content=\"https:\/\/www.facebook.com\/hoteisdeville\/\" \/>\n<meta property=\"article:published_time\" content=\"2023-06-16T17:24:51+00:00\" \/>\n<meta property=\"og:image\" content=\"https:\/\/blog.deville.com.br\/wp-content\/uploads\/2024\/08\/Museu-do-Carnaval-Hotel-Deville-Prime-Salvador-Imagem-de-Marcio-Filho-MTUR.jpg.webp\" \/>\n\t<meta property=\"og:image:width\" content=\"1024\" \/>\n\t<meta property=\"og:image:height\" content=\"1024\" \/>\n\t<meta property=\"og:image:type\" content=\"image\/webp\" \/>\n<meta name=\"author\" content=\"Eduardo Sadao\" \/>\n<meta name=\"twitter:card\" content=\"summary_large_image\" \/>\n<meta name=\"twitter:creator\" content=\"@hoteis_deville\" \/>\n<meta name=\"twitter:site\" content=\"@hoteis_deville\" \/>\n<meta name=\"twitter:label1\" content=\"Escrito por\" \/>\n\t<meta name=\"twitter:data1\" content=\"Eduardo Sadao\" \/>\n\t<meta name=\"twitter:label2\" content=\"Est. tempo de leitura\" \/>\n\t<meta name=\"twitter:data2\" content=\"2 minutos\" \/>\n<script type=\"application\/ld+json\" class=\"yoast-schema-graph\">{\"@context\":\"https:\\\/\\\/schema.org\",\"@graph\":[{\"@type\":\"Article\",\"@id\":\"https:\\\/\\\/blog.deville.com.br\\\/cultura\\\/explore-o-museu-do-carnaval-em-salvador-cultura-interatividade-e-hospedagem-no-hotel-deville-prime\\\/#article\",\"isPartOf\":{\"@id\":\"https:\\\/\\\/blog.deville.com.br\\\/cultura\\\/explore-o-museu-do-carnaval-em-salvador-cultura-interatividade-e-hospedagem-no-hotel-deville-prime\\\/\"},\"author\":{\"name\":\"Eduardo Sadao\",\"@id\":\"https:\\\/\\\/blog.deville.com.br\\\/#\\\/schema\\\/person\\\/e5a2d1174f6fa1f4af45e0b1ee5a9b92\"},\"headline\":\"Explore o Museu do Carnaval em Salvador: Cultura, Interatividade e Hospedagem no Hotel Deville Prime\",\"datePublished\":\"2023-06-16T17:24:51+00:00\",\"mainEntityOfPage\":{\"@id\":\"https:\\\/\\\/blog.deville.com.br\\\/cultura\\\/explore-o-museu-do-carnaval-em-salvador-cultura-interatividade-e-hospedagem-no-hotel-deville-prime\\\/\"},\"wordCount\":374,\"commentCount\":0,\"publisher\":{\"@id\":\"https:\\\/\\\/blog.deville.com.br\\\/#organization\"},\"image\":{\"@id\":\"https:\\\/\\\/blog.deville.com.br\\\/cultura\\\/explore-o-museu-do-carnaval-em-salvador-cultura-interatividade-e-hospedagem-no-hotel-deville-prime\\\/#primaryimage\"},\"thumbnailUrl\":\"https:\\\/\\\/blog.deville.com.br\\\/wp-content\\\/uploads\\\/2024\\\/08\\\/Museu-do-Carnaval-Hotel-Deville-Prime-Salvador-Imagem-de-Marcio-Filho-MTUR.jpg.webp\",\"keywords\":[\"Carnaval\",\"Dicas\",\"Hotel Deville Prime Salvador\",\"Salvador\"],\"articleSection\":[\"Cultura\"],\"inLanguage\":\"pt-BR\",\"potentialAction\":[{\"@type\":\"CommentAction\",\"name\":\"Comment\",\"target\":[\"https:\\\/\\\/blog.deville.com.br\\\/cultura\\\/explore-o-museu-do-carnaval-em-salvador-cultura-interatividade-e-hospedagem-no-hotel-deville-prime\\\/#respond\"]}]},{\"@type\":\"WebPage\",\"@id\":\"https:\\\/\\\/blog.deville.com.br\\\/cultura\\\/explore-o-museu-do-carnaval-em-salvador-cultura-interatividade-e-hospedagem-no-hotel-deville-prime\\\/\",\"url\":\"https:\\\/\\\/blog.deville.com.br\\\/cultura\\\/explore-o-museu-do-carnaval-em-salvador-cultura-interatividade-e-hospedagem-no-hotel-deville-prime\\\/\",\"name\":\"Explore o Museu do Carnaval em Salvador: Cultura, Interatividade e Hospedagem no Hotel Deville Prime - Blog Deville\",\"isPartOf\":{\"@id\":\"https:\\\/\\\/blog.deville.com.br\\\/#website\"},\"primaryImageOfPage\":{\"@id\":\"https:\\\/\\\/blog.deville.com.br\\\/cultura\\\/explore-o-museu-do-carnaval-em-salvador-cultura-interatividade-e-hospedagem-no-hotel-deville-prime\\\/#primaryimage\"},\"image\":{\"@id\":\"https:\\\/\\\/blog.deville.com.br\\\/cultura\\\/explore-o-museu-do-carnaval-em-salvador-cultura-interatividade-e-hospedagem-no-hotel-deville-prime\\\/#primaryimage\"},\"thumbnailUrl\":\"https:\\\/\\\/blog.deville.com.br\\\/wp-content\\\/uploads\\\/2024\\\/08\\\/Museu-do-Carnaval-Hotel-Deville-Prime-Salvador-Imagem-de-Marcio-Filho-MTUR.jpg.webp\",\"datePublished\":\"2023-06-16T17:24:51+00:00\",\"breadcrumb\":{\"@id\":\"https:\\\/\\\/blog.deville.com.br\\\/cultura\\\/explore-o-museu-do-carnaval-em-salvador-cultura-interatividade-e-hospedagem-no-hotel-deville-prime\\\/#breadcrumb\"},\"inLanguage\":\"pt-BR\",\"potentialAction\":[{\"@type\":\"ReadAction\",\"target\":[\"https:\\\/\\\/blog.deville.com.br\\\/cultura\\\/explore-o-museu-do-carnaval-em-salvador-cultura-interatividade-e-hospedagem-no-hotel-deville-prime\\\/\"]}]},{\"@type\":\"ImageObject\",\"inLanguage\":\"pt-BR\",\"@id\":\"https:\\\/\\\/blog.deville.com.br\\\/cultura\\\/explore-o-museu-do-carnaval-em-salvador-cultura-interatividade-e-hospedagem-no-hotel-deville-prime\\\/#primaryimage\",\"url\":\"https:\\\/\\\/blog.deville.com.br\\\/wp-content\\\/uploads\\\/2024\\\/08\\\/Museu-do-Carnaval-Hotel-Deville-Prime-Salvador-Imagem-de-Marcio-Filho-MTUR.jpg.webp\",\"contentUrl\":\"https:\\\/\\\/blog.deville.com.br\\\/wp-content\\\/uploads\\\/2024\\\/08\\\/Museu-do-Carnaval-Hotel-Deville-Prime-Salvador-Imagem-de-Marcio-Filho-MTUR.jpg.webp\",\"width\":1024,\"height\":1024,\"caption\":\"Museu do Carnaval, Salvador\\\/BA\"},{\"@type\":\"BreadcrumbList\",\"@id\":\"https:\\\/\\\/blog.deville.com.br\\\/cultura\\\/explore-o-museu-do-carnaval-em-salvador-cultura-interatividade-e-hospedagem-no-hotel-deville-prime\\\/#breadcrumb\",\"itemListElement\":[{\"@type\":\"ListItem\",\"position\":1,\"name\":\"In\u00edcio\",\"item\":\"https:\\\/\\\/blog.deville.com.br\\\/\"},{\"@type\":\"ListItem\",\"position\":2,\"name\":\"Cultura\",\"item\":\"https:\\\/\\\/blog.deville.com.br\\\/cultura\\\/\"},{\"@type\":\"ListItem\",\"position\":3,\"name\":\"Explore o Museu do Carnaval em Salvador: Cultura, Interatividade e Hospedagem no Hotel Deville Prime\"}]},{\"@type\":\"WebSite\",\"@id\":\"https:\\\/\\\/blog.deville.com.br\\\/#website\",\"url\":\"https:\\\/\\\/blog.deville.com.br\\\/\",\"name\":\"Blog Deville\",\"description\":\"\",\"publisher\":{\"@id\":\"https:\\\/\\\/blog.deville.com.br\\\/#organization\"},\"potentialAction\":[{\"@type\":\"SearchAction\",\"target\":{\"@type\":\"EntryPoint\",\"urlTemplate\":\"https:\\\/\\\/blog.deville.com.br\\\/?s={search_term_string}\"},\"query-input\":{\"@type\":\"PropertyValueSpecification\",\"valueRequired\":true,\"valueName\":\"search_term_string\"}}],\"inLanguage\":\"pt-BR\"},{\"@type\":\"Organization\",\"@id\":\"https:\\\/\\\/blog.deville.com.br\\\/#organization\",\"name\":\"Hot\u00e9is Deville\",\"url\":\"https:\\\/\\\/blog.deville.com.br\\\/\",\"logo\":{\"@type\":\"ImageObject\",\"inLanguage\":\"pt-BR\",\"@id\":\"https:\\\/\\\/blog.deville.com.br\\\/#\\\/schema\\\/logo\\\/image\\\/\",\"url\":\"https:\\\/\\\/blog.deville.com.br\\\/wp-content\\\/uploads\\\/2024\\\/08\\\/Deville_Logo.svg\",\"contentUrl\":\"https:\\\/\\\/blog.deville.com.br\\\/wp-content\\\/uploads\\\/2024\\\/08\\\/Deville_Logo.svg\",\"width\":139,\"height\":50,\"caption\":\"Hot\u00e9is Deville\"},\"image\":{\"@id\":\"https:\\\/\\\/blog.deville.com.br\\\/#\\\/schema\\\/logo\\\/image\\\/\"},\"sameAs\":[\"https:\\\/\\\/www.facebook.com\\\/hoteisdeville\\\/\",\"https:\\\/\\\/x.com\\\/hoteis_deville\",\"https:\\\/\\\/www.instagram.com\\\/hoteisdeville\\\/\",\"https:\\\/\\\/www.linkedin.com\\\/company\\\/hoteis-deville\\\/\"]},{\"@type\":\"Person\",\"@id\":\"https:\\\/\\\/blog.deville.com.br\\\/#\\\/schema\\\/person\\\/e5a2d1174f6fa1f4af45e0b1ee5a9b92\",\"name\":\"Eduardo Sadao\",\"image\":{\"@type\":\"ImageObject\",\"inLanguage\":\"pt-BR\",\"@id\":\"https:\\\/\\\/secure.gravatar.com\\\/avatar\\\/67d8d39b54ba97ba14d429e77886caa07d1733692959d0f0b17e48572261b638?s=96&d=mm&r=g\",\"url\":\"https:\\\/\\\/secure.gravatar.com\\\/avatar\\\/67d8d39b54ba97ba14d429e77886caa07d1733692959d0f0b17e48572261b638?s=96&d=mm&r=g\",\"contentUrl\":\"https:\\\/\\\/secure.gravatar.com\\\/avatar\\\/67d8d39b54ba97ba14d429e77886caa07d1733692959d0f0b17e48572261b638?s=96&d=mm&r=g\",\"caption\":\"Eduardo Sadao\"},\"url\":\"https:\\\/\\\/blog.deville.com.br\\\/author\\\/edu-sadao\\\/\"}]}<\/script>\n<!-- \/ Yoast SEO plugin. -->","yoast_head_json":{"title":"Explore o Museu do Carnaval em Salvador: Cultura, Interatividade e Hospedagem no Hotel Deville Prime - Blog Deville","robots":{"index":"index","follow":"follow","max-snippet":"max-snippet:-1","max-image-preview":"max-image-preview:large","max-video-preview":"max-video-preview:-1"},"canonical":"https:\/\/blog.deville.com.br\/cultura\/explore-o-museu-do-carnaval-em-salvador-cultura-interatividade-e-hospedagem-no-hotel-deville-prime\/","og_locale":"pt_BR","og_type":"article","og_title":"Explore o Museu do Carnaval em Salvador: Cultura, Interatividade e Hospedagem no Hotel Deville Prime - Blog Deville","og_description":"Salvador, a capital baiana, \u00e9 conhecida por sua rica cultura, tradi\u00e7\u00f5es e, \u00e9 claro, pelo Carnaval. Neste artigo, vamos apresentar o Museu do Carnaval, o primeiro museu interativo sobre essa festa t\u00e3o ic\u00f4nica no Brasil. Localizado no centro hist\u00f3rico de Salvador, ao lado da Catedral Bas\u00edlica Primacial S\u00e3o Salvador, esse espa\u00e7o oferece uma experi\u00eancia \u00fanica [&hellip;]","og_url":"https:\/\/blog.deville.com.br\/cultura\/explore-o-museu-do-carnaval-em-salvador-cultura-interatividade-e-hospedagem-no-hotel-deville-prime\/","og_site_name":"Blog Deville","article_publisher":"https:\/\/www.facebook.com\/hoteisdeville\/","article_published_time":"2023-06-16T17:24:51+00:00","og_image":[{"width":1024,"height":1024,"url":"https:\/\/blog.deville.com.br\/wp-content\/uploads\/2024\/08\/Museu-do-Carnaval-Hotel-Deville-Prime-Salvador-Imagem-de-Marcio-Filho-MTUR.jpg.webp","type":"image\/webp"}],"author":"Eduardo Sadao","twitter_card":"summary_large_image","twitter_creator":"@hoteis_deville","twitter_site":"@hoteis_deville","twitter_misc":{"Escrito por":"Eduardo Sadao","Est. tempo de leitura":"2 minutos"},"schema":{"@context":"https:\/\/schema.org","@graph":[{"@type":"Article","@id":"https:\/\/blog.deville.com.br\/cultura\/explore-o-museu-do-carnaval-em-salvador-cultura-interatividade-e-hospedagem-no-hotel-deville-prime\/#article","isPartOf":{"@id":"https:\/\/blog.deville.com.br\/cultura\/explore-o-museu-do-carnaval-em-salvador-cultura-interatividade-e-hospedagem-no-hotel-deville-prime\/"},"author":{"name":"Eduardo Sadao","@id":"https:\/\/blog.deville.com.br\/#\/schema\/person\/e5a2d1174f6fa1f4af45e0b1ee5a9b92"},"headline":"Explore o Museu do Carnaval em Salvador: Cultura, Interatividade e Hospedagem no Hotel Deville Prime","datePublished":"2023-06-16T17:24:51+00:00","mainEntityOfPage":{"@id":"https:\/\/blog.deville.com.br\/cultura\/explore-o-museu-do-carnaval-em-salvador-cultura-interatividade-e-hospedagem-no-hotel-deville-prime\/"},"wordCount":374,"commentCount":0,"publisher":{"@id":"https:\/\/blog.deville.com.br\/#organization"},"image":{"@id":"https:\/\/blog.deville.com.br\/cultura\/explore-o-museu-do-carnaval-em-salvador-cultura-interatividade-e-hospedagem-no-hotel-deville-prime\/#primaryimage"},"thumbnailUrl":"https:\/\/blog.deville.com.br\/wp-content\/uploads\/2024\/08\/Museu-do-Carnaval-Hotel-Deville-Prime-Salvador-Imagem-de-Marcio-Filho-MTUR.jpg.webp","keywords":["Carnaval","Dicas","Hotel Deville Prime Salvador","Salvador"],"articleSection":["Cultura"],"inLanguage":"pt-BR","potentialAction":[{"@type":"CommentAction","name":"Comment","target":["https:\/\/blog.deville.com.br\/cultura\/explore-o-museu-do-carnaval-em-salvador-cultura-interatividade-e-hospedagem-no-hotel-deville-prime\/#respond"]}]},{"@type":"WebPage","@id":"https:\/\/blog.deville.com.br\/cultura\/explore-o-museu-do-carnaval-em-salvador-cultura-interatividade-e-hospedagem-no-hotel-deville-prime\/","url":"https:\/\/blog.deville.com.br\/cultura\/explore-o-museu-do-carnaval-em-salvador-cultura-interatividade-e-hospedagem-no-hotel-deville-prime\/","name":"Explore o Museu do Carnaval em Salvador: Cultura, Interatividade e Hospedagem no Hotel Deville Prime - Blog Deville","isPartOf":{"@id":"https:\/\/blog.deville.com.br\/#website"},"primaryImageOfPage":{"@id":"https:\/\/blog.deville.com.br\/cultura\/explore-o-museu-do-carnaval-em-salvador-cultura-interatividade-e-hospedagem-no-hotel-deville-prime\/#primaryimage"},"image":{"@id":"https:\/\/blog.deville.com.br\/cultura\/explore-o-museu-do-carnaval-em-salvador-cultura-interatividade-e-hospedagem-no-hotel-deville-prime\/#primaryimage"},"thumbnailUrl":"https:\/\/blog.deville.com.br\/wp-content\/uploads\/2024\/08\/Museu-do-Carnaval-Hotel-Deville-Prime-Salvador-Imagem-de-Marcio-Filho-MTUR.jpg.webp","datePublished":"2023-06-16T17:24:51+00:00","breadcrumb":{"@id":"https:\/\/blog.deville.com.br\/cultura\/explore-o-museu-do-carnaval-em-salvador-cultura-interatividade-e-hospedagem-no-hotel-deville-prime\/#breadcrumb"},"inLanguage":"pt-BR","potentialAction":[{"@type":"ReadAction","target":["https:\/\/blog.deville.com.br\/cultura\/explore-o-museu-do-carnaval-em-salvador-cultura-interatividade-e-hospedagem-no-hotel-deville-prime\/"]}]},{"@type":"ImageObject","inLanguage":"pt-BR","@id":"https:\/\/blog.deville.com.br\/cultura\/explore-o-museu-do-carnaval-em-salvador-cultura-interatividade-e-hospedagem-no-hotel-deville-prime\/#primaryimage","url":"https:\/\/blog.deville.com.br\/wp-content\/uploads\/2024\/08\/Museu-do-Carnaval-Hotel-Deville-Prime-Salvador-Imagem-de-Marcio-Filho-MTUR.jpg.webp","contentUrl":"https:\/\/blog.deville.com.br\/wp-content\/uploads\/2024\/08\/Museu-do-Carnaval-Hotel-Deville-Prime-Salvador-Imagem-de-Marcio-Filho-MTUR.jpg.webp","width":1024,"height":1024,"caption":"Museu do Carnaval, Salvador\/BA"},{"@type":"BreadcrumbList","@id":"https:\/\/blog.deville.com.br\/cultura\/explore-o-museu-do-carnaval-em-salvador-cultura-interatividade-e-hospedagem-no-hotel-deville-prime\/#breadcrumb","itemListElement":[{"@type":"ListItem","position":1,"name":"In\u00edcio","item":"https:\/\/blog.deville.com.br\/"},{"@type":"ListItem","position":2,"name":"Cultura","item":"https:\/\/blog.deville.com.br\/cultura\/"},{"@type":"ListItem","position":3,"name":"Explore o Museu do Carnaval em Salvador: Cultura, Interatividade e Hospedagem no Hotel Deville Prime"}]},{"@type":"WebSite","@id":"https:\/\/blog.deville.com.br\/#website","url":"https:\/\/blog.deville.com.br\/","name":"Blog Deville","description":"","publisher":{"@id":"https:\/\/blog.deville.com.br\/#organization"},"potentialAction":[{"@type":"SearchAction","target":{"@type":"EntryPoint","urlTemplate":"https:\/\/blog.deville.com.br\/?s={search_term_string}"},"query-input":{"@type":"PropertyValueSpecification","valueRequired":true,"valueName":"search_term_string"}}],"inLanguage":"pt-BR"},{"@type":"Organization","@id":"https:\/\/blog.deville.com.br\/#organization","name":"Hot\u00e9is Deville","url":"https:\/\/blog.deville.com.br\/","logo":{"@type":"ImageObject","inLanguage":"pt-BR","@id":"https:\/\/blog.deville.com.br\/#\/schema\/logo\/image\/","url":"https:\/\/blog.deville.com.br\/wp-content\/uploads\/2024\/08\/Deville_Logo.svg","contentUrl":"https:\/\/blog.deville.com.br\/wp-content\/uploads\/2024\/08\/Deville_Logo.svg","width":139,"height":50,"caption":"Hot\u00e9is Deville"},"image":{"@id":"https:\/\/blog.deville.com.br\/#\/schema\/logo\/image\/"},"sameAs":["https:\/\/www.facebook.com\/hoteisdeville\/","https:\/\/x.com\/hoteis_deville","https:\/\/www.instagram.com\/hoteisdeville\/","https:\/\/www.linkedin.com\/company\/hoteis-deville\/"]},{"@type":"Person","@id":"https:\/\/blog.deville.com.br\/#\/schema\/person\/e5a2d1174f6fa1f4af45e0b1ee5a9b92","name":"Eduardo Sadao","image":{"@type":"ImageObject","inLanguage":"pt-BR","@id":"https:\/\/secure.gravatar.com\/avatar\/67d8d39b54ba97ba14d429e77886caa07d1733692959d0f0b17e48572261b638?s=96&d=mm&r=g","url":"https:\/\/secure.gravatar.com\/avatar\/67d8d39b54ba97ba14d429e77886caa07d1733692959d0f0b17e48572261b638?s=96&d=mm&r=g","contentUrl":"https:\/\/secure.gravatar.com\/avatar\/67d8d39b54ba97ba14d429e77886caa07d1733692959d0f0b17e48572261b638?s=96&d=mm&r=g","caption":"Eduardo Sadao"},"url":"https:\/\/blog.deville.com.br\/author\/edu-sadao\/"}]}},"publishpress_future_action":{"enabled":false,"date":"2026-05-04 12:23:06","action":"change-status","newStatus":"draft","terms":[],"taxonomy":"category","extraData":[]},"publishpress_future_workflow_manual_trigger":{"enabledWorkflows":[]},"_links":{"self":[{"href":"https:\/\/blog.deville.com.br\/devillemkt6_json\/wp\/v2\/posts\/1331","targetHints":{"allow":["GET"]}}],"collection":[{"href":"https:\/\/blog.deville.com.br\/devillemkt6_json\/wp\/v2\/posts"}],"about":[{"href":"https:\/\/blog.deville.com.br\/devillemkt6_json\/wp\/v2\/types\/post"}],"author":[{"embeddable":true,"href":"https:\/\/blog.deville.com.br\/devillemkt6_json\/wp\/v2\/users\/2"}],"replies":[{"embeddable":true,"href":"https:\/\/blog.deville.com.br\/devillemkt6_json\/wp\/v2\/comments?post=1331"}],"version-history":[{"count":0,"href":"https:\/\/blog.deville.com.br\/devillemkt6_json\/wp\/v2\/posts\/1331\/revisions"}],"wp:featuredmedia":[{"embeddable":true,"href":"https:\/\/blog.deville.com.br\/devillemkt6_json\/wp\/v2\/media\/201"}],"wp:attachment":[{"href":"https:\/\/blog.deville.com.br\/devillemkt6_json\/wp\/v2\/media?parent=1331"}],"wp:term":[{"taxonomy":"category","embeddable":true,"href":"https:\/\/blog.deville.com.br\/devillemkt6_json\/wp\/v2\/categories?post=1331"},{"taxonomy":"post_tag","embeddable":true,"href":"https:\/\/blog.deville.com.br\/devillemkt6_json\/wp\/v2\/tags?post=1331"}],"curies":[{"name":"wp","href":"https:\/\/api.w.org\/{rel}","templated":true}]}}