{"id":1344,"date":"2023-07-24T18:59:10","date_gmt":"2023-07-24T21:59:10","guid":{"rendered":"https:\/\/deville.perika.cc\/blog\/o-que-posso-levar-na-bagagem-de-mao\/"},"modified":"2023-07-24T18:59:10","modified_gmt":"2023-07-24T21:59:10","slug":"o-que-posso-levar-na-bagagem-de-mao","status":"publish","type":"post","link":"https:\/\/blog.deville.com.br\/viagens\/o-que-posso-levar-na-bagagem-de-mao\/","title":{"rendered":"O que eu posso levar na bagagem de m\u00e3o?"},"content":{"rendered":"<p style=\"transition: opacity 1s ease-in-out 0s;\" data-rss-type=\"text\">Descubra aqui o tamanho, a quantidade, o que n\u00e3o pode levar e o que voc\u00ea deve colocar na sua bagagem de m\u00e3o. Essa \u00e9 uma d\u00favida que todo viajante de primeira viagem \u2013 e mesmo aqueles mais experientes \u2013 tem: afinal, o que pode e o que n\u00e3o pode ser levado na bagagem de m\u00e3o?<\/p>\n<p>Embora essa resposta varie um pouco de acordo com a companhia a\u00e9rea e se a viagem \u00e9 dom\u00e9stica ou internacional, h\u00e1 algumas regras gerais que devem ser respeitadas. Aqui est\u00e1 um guia r\u00e1pido e pr\u00e1tico para voc\u00ea nunca mais esquecer.<\/p>\n<div style=\"transition: none 0s ease 0s; display: block;\" data-rss-type=\"text\">\n<p style=\"line-height: 2;\"><strong><span style=\"display: initial;\">O que caracteriza uma bagagem de m\u00e3o?<\/span><\/strong><\/p>\n<p><span style=\"display: initial;\">Bagagem de m\u00e3o \u00e9 tudo o que levamos junto conosco dentro do avi\u00e3o, sem despachar. A maior preocupa\u00e7\u00e3o com a bagagem de m\u00e3o \u00e9 que ela n\u00e3o seja muito grande ou que carregue itens que possam apresentar riscos para os passageiros ou para o voo como um todo. Por isso, h\u00e1 algumas limita\u00e7\u00f5es.<\/span><\/p>\n<p><strong><span style=\"display: initial;\">Qual o tamanho m\u00e1ximo da bagagem de m\u00e3o?<\/span><\/strong><\/p>\n<p><span style=\"display: initial;\">A boa not\u00edcia \u00e9 que a bagagem de m\u00e3o n\u00e3o precisa ser necessariamente apenas uma bagagem \u2013 elas podem ser duas, desde que sigam as regras do voo. Em voos nacionais, \u00e9 permitido levar como bagagem de m\u00e3o uma\u00a0<\/span><span style=\"display: initial; font-weight: bolder;\">mala de at\u00e9 10kg + um item pessoal<\/span><span style=\"display: initial;\">, que pode ser uma\u00a0<\/span><span style=\"display: initial; font-weight: bolder;\">mochila<\/span><span style=\"display: initial;\">.<\/span><\/p>\n<p><span style=\"display: initial;\">Em viagens internacionais, isso pode variar de acordo com a companhia a\u00e9rea, ent\u00e3o \u00e9 importante sempre verificar antes do dia da viagem qual o tamanho e a quantidade de bagagens que \u00e9 poss\u00edvel levar consigo no voo.<\/span><\/p>\n<p><span style=\"display: initial; font-weight: bold;\">O que n\u00e3o pode levar?<\/span><\/p>\n<p><span style=\"display: initial;\">Al\u00e9m do tamanho da bagagem, o conte\u00fado tamb\u00e9m \u00e9 relevante. Basicamente, o que n\u00e3o pode levar s\u00e3o itens cortantes, inflam\u00e1veis ou l\u00edquidos em demasia. Em resumo, n\u00e3o \u00e9 poss\u00edvel levar:<\/span><\/p>\n<ul>\n<li style=\"line-height: 2;\"><span style=\"display: initial;\">Itens pontiagudos ou cortantes, como tesouras de unha, estiletes, etc. Eles devem ser levados na bagagem despachada;<\/span><\/li>\n<li style=\"line-height: 2;\"><span style=\"display: initial;\">H\u00e1 algumas regras espec\u00edficas para levar pastas, cremes, g\u00e9is e aeross\u00f3is. Em voos nacionais, \u00e9 poss\u00edvel levar 4 frascos aeross\u00f3is de no m\u00e1ximo 300 ml\/g cada e frascos de perfume de at\u00e9 50ml cada. J\u00e1 em voos internacionais, cada frasco l\u00edquido deve ter no m\u00e1ximo 100ml;<\/span><\/li>\n<li style=\"line-height: 2;\"><span style=\"display: initial;\">Bebidas alco\u00f3licas tamb\u00e9m possuem regras espec\u00edficas. \u00c9 poss\u00edvel levar at\u00e9 5 garrafas de at\u00e9 1 litro, desde que estejam fechadas e na embalagem original;<\/span><\/li>\n<li style=\"line-height: 2;\"><span style=\"display: initial;\">Em viagens internacionais, \u00e9 importante tamb\u00e9m ficar atento ao que \u00e9 poss\u00edvel levar de alimentos e lanches na bagagem de m\u00e3o. Cada pa\u00eds tem suas regras alfandeg\u00e1rias em rela\u00e7\u00e3o a isso.<\/span><\/li>\n<\/ul>\n<p style=\"line-height: 2;\"><span style=\"display: initial;\">Caso ainda tenha d\u00favidas em rela\u00e7\u00e3o a outros itens, pesquise no site da companhia a\u00e9rea ou entre em contato com eles. \u00c9 melhor fazer isso do que ter que jogar fora alguma coisa na hora do embarque!<\/span><\/p>\n<p><strong><span style=\"display: initial;\">O que levar na bagagem de m\u00e3o?<\/span><\/strong><\/p>\n<p><span style=\"display: initial;\">Com essas regras em mente, \u00e9 hora de montar a sua bagagem de m\u00e3o. A dica mais importante aqui \u00e9 selecionar os itens mais importantes e essenciais para voc\u00ea caso a sua bagagem que est\u00e1 viajando l\u00e1 no bagageiro seja extraviada. Preven\u00e7\u00e3o nunca \u00e9 demais.<\/span><\/p>\n<p><span style=\"display: initial; font-weight: bold;\">Portanto, leve sempre junto com voc\u00ea:<\/span><\/p>\n<ul>\n<li style=\"line-height: 2;\"><span style=\"display: initial;\">seus documentos pessoais<\/span><\/li>\n<li style=\"line-height: 2;\"><span style=\"display: initial;\">medicamentos essenciais (com receita m\u00e9dica)<\/span><\/li>\n<li style=\"line-height: 2;\"><span style=\"display: initial;\">uma muda de roupas<\/span><\/li>\n<li style=\"line-height: 2;\"><span style=\"display: initial;\">um livro ou leitor digital<\/span><\/li>\n<li style=\"line-height: 2;\"><span style=\"display: initial;\">fones de ouvido<\/span><\/li>\n<li style=\"line-height: 2;\"><span style=\"display: initial;\">acess\u00f3rios\u00a0<\/span><\/li>\n<li style=\"line-height: 2;\"><span style=\"display: initial;\">carteira<\/span><\/li>\n<li style=\"line-height: 2;\"><span style=\"display: initial;\">um lanche r\u00e1pido<\/span><\/li>\n<\/ul>\n<p style=\"line-height: 2;\"><span style=\"display: initial;\">Pronto, agora \u00e9 s\u00f3 relaxar e curtir a viagem! Ali\u00e1s, voc\u00ea j\u00e1 fez sua reserva no Deville para ter tudo pronto quando chegar? Ainda n\u00e3o? Ent\u00e3o chegou a hora:\u00a0<\/span><a href=\"https:\/\/book.omnibees.com\/chainresults?c=1785&amp;NRooms=1&amp;ad=2&amp;ch=0&amp;CheckIn=&amp;CheckOut=&amp;Code=BLOGDEVILLE&amp;lang=pt-BR\" target=\"_blank\" rel=\"noopener\">clique aqui<\/a> e garanta os melhores pre\u00e7os nos Hot\u00e9is Deville em todo o Brasil<span style=\"display: initial;\">!<\/span><\/p>\n<\/div>\n","protected":false},"excerpt":{"rendered":"<p>Descubra aqui o tamanho, a quantidade, o que n\u00e3o pode levar e o que voc\u00ea deve colocar na sua bagagem de m\u00e3o. Essa \u00e9 uma d\u00favida que todo viajante de primeira viagem \u2013 e mesmo aqueles mais experientes \u2013 tem: afinal, o que pode e o que n\u00e3o pode ser levado na bagagem de m\u00e3o? [&hellip;]<\/p>\n","protected":false},"author":2,"featured_media":184,"comment_status":"open","ping_status":"open","sticky":false,"template":"","format":"standard","meta":{"_acf_changed":false,"footnotes":""},"categories":[5],"tags":[],"class_list":["post-1344","post","type-post","status-publish","format-standard","has-post-thumbnail","hentry","category-viagens"],"acf":[],"yoast_head":"<!-- This site is optimized with the Yoast SEO plugin v27.4 - https:\/\/yoast.com\/product\/yoast-seo-wordpress\/ -->\n<title>O que eu posso levar na bagagem de m\u00e3o? - Blog Deville<\/title>\n<meta name=\"robots\" content=\"index, follow, max-snippet:-1, max-image-preview:large, max-video-preview:-1\" \/>\n<link rel=\"canonical\" href=\"https:\/\/blog.deville.com.br\/viagens\/o-que-posso-levar-na-bagagem-de-mao\/\" \/>\n<meta property=\"og:locale\" content=\"pt_BR\" \/>\n<meta property=\"og:type\" content=\"article\" \/>\n<meta property=\"og:title\" content=\"O que eu posso levar na bagagem de m\u00e3o? - Blog Deville\" \/>\n<meta property=\"og:description\" content=\"Descubra aqui o tamanho, a quantidade, o que n\u00e3o pode levar e o que voc\u00ea deve colocar na sua bagagem de m\u00e3o. Essa \u00e9 uma d\u00favida que todo viajante de primeira viagem \u2013 e mesmo aqueles mais experientes \u2013 tem: afinal, o que pode e o que n\u00e3o pode ser levado na bagagem de m\u00e3o? [&hellip;]\" \/>\n<meta property=\"og:url\" content=\"https:\/\/blog.deville.com.br\/viagens\/o-que-posso-levar-na-bagagem-de-mao\/\" \/>\n<meta property=\"og:site_name\" content=\"Blog Deville\" \/>\n<meta property=\"article:publisher\" content=\"https:\/\/www.facebook.com\/hoteisdeville\/\" \/>\n<meta property=\"article:published_time\" content=\"2023-07-24T21:59:10+00:00\" \/>\n<meta property=\"og:image\" content=\"https:\/\/blog.deville.com.br\/wp-content\/uploads\/2024\/08\/Mala-de-viagem-Canva.jpg.webp\" \/>\n\t<meta property=\"og:image:width\" content=\"1024\" \/>\n\t<meta property=\"og:image:height\" content=\"1024\" \/>\n\t<meta property=\"og:image:type\" content=\"image\/webp\" \/>\n<meta name=\"author\" content=\"Eduardo Sadao\" \/>\n<meta name=\"twitter:card\" content=\"summary_large_image\" \/>\n<meta name=\"twitter:creator\" content=\"@hoteis_deville\" \/>\n<meta name=\"twitter:site\" content=\"@hoteis_deville\" \/>\n<meta name=\"twitter:label1\" content=\"Escrito por\" \/>\n\t<meta name=\"twitter:data1\" content=\"Eduardo Sadao\" \/>\n\t<meta name=\"twitter:label2\" content=\"Est. tempo de leitura\" \/>\n\t<meta name=\"twitter:data2\" content=\"3 minutos\" \/>\n<script type=\"application\/ld+json\" class=\"yoast-schema-graph\">{\"@context\":\"https:\\\/\\\/schema.org\",\"@graph\":[{\"@type\":\"Article\",\"@id\":\"https:\\\/\\\/blog.deville.com.br\\\/viagens\\\/o-que-posso-levar-na-bagagem-de-mao\\\/#article\",\"isPartOf\":{\"@id\":\"https:\\\/\\\/blog.deville.com.br\\\/viagens\\\/o-que-posso-levar-na-bagagem-de-mao\\\/\"},\"author\":{\"name\":\"Eduardo Sadao\",\"@id\":\"https:\\\/\\\/blog.deville.com.br\\\/#\\\/schema\\\/person\\\/e5a2d1174f6fa1f4af45e0b1ee5a9b92\"},\"headline\":\"O que eu posso levar na bagagem de m\u00e3o?\",\"datePublished\":\"2023-07-24T21:59:10+00:00\",\"mainEntityOfPage\":{\"@id\":\"https:\\\/\\\/blog.deville.com.br\\\/viagens\\\/o-que-posso-levar-na-bagagem-de-mao\\\/\"},\"wordCount\":619,\"commentCount\":0,\"publisher\":{\"@id\":\"https:\\\/\\\/blog.deville.com.br\\\/#organization\"},\"image\":{\"@id\":\"https:\\\/\\\/blog.deville.com.br\\\/viagens\\\/o-que-posso-levar-na-bagagem-de-mao\\\/#primaryimage\"},\"thumbnailUrl\":\"https:\\\/\\\/blog.deville.com.br\\\/wp-content\\\/uploads\\\/2024\\\/08\\\/Mala-de-viagem-Canva.jpg.webp\",\"articleSection\":[\"Viagens\"],\"inLanguage\":\"pt-BR\",\"potentialAction\":[{\"@type\":\"CommentAction\",\"name\":\"Comment\",\"target\":[\"https:\\\/\\\/blog.deville.com.br\\\/viagens\\\/o-que-posso-levar-na-bagagem-de-mao\\\/#respond\"]}]},{\"@type\":\"WebPage\",\"@id\":\"https:\\\/\\\/blog.deville.com.br\\\/viagens\\\/o-que-posso-levar-na-bagagem-de-mao\\\/\",\"url\":\"https:\\\/\\\/blog.deville.com.br\\\/viagens\\\/o-que-posso-levar-na-bagagem-de-mao\\\/\",\"name\":\"O que eu posso levar na bagagem de m\u00e3o? - Blog Deville\",\"isPartOf\":{\"@id\":\"https:\\\/\\\/blog.deville.com.br\\\/#website\"},\"primaryImageOfPage\":{\"@id\":\"https:\\\/\\\/blog.deville.com.br\\\/viagens\\\/o-que-posso-levar-na-bagagem-de-mao\\\/#primaryimage\"},\"image\":{\"@id\":\"https:\\\/\\\/blog.deville.com.br\\\/viagens\\\/o-que-posso-levar-na-bagagem-de-mao\\\/#primaryimage\"},\"thumbnailUrl\":\"https:\\\/\\\/blog.deville.com.br\\\/wp-content\\\/uploads\\\/2024\\\/08\\\/Mala-de-viagem-Canva.jpg.webp\",\"datePublished\":\"2023-07-24T21:59:10+00:00\",\"breadcrumb\":{\"@id\":\"https:\\\/\\\/blog.deville.com.br\\\/viagens\\\/o-que-posso-levar-na-bagagem-de-mao\\\/#breadcrumb\"},\"inLanguage\":\"pt-BR\",\"potentialAction\":[{\"@type\":\"ReadAction\",\"target\":[\"https:\\\/\\\/blog.deville.com.br\\\/viagens\\\/o-que-posso-levar-na-bagagem-de-mao\\\/\"]}]},{\"@type\":\"ImageObject\",\"inLanguage\":\"pt-BR\",\"@id\":\"https:\\\/\\\/blog.deville.com.br\\\/viagens\\\/o-que-posso-levar-na-bagagem-de-mao\\\/#primaryimage\",\"url\":\"https:\\\/\\\/blog.deville.com.br\\\/wp-content\\\/uploads\\\/2024\\\/08\\\/Mala-de-viagem-Canva.jpg.webp\",\"contentUrl\":\"https:\\\/\\\/blog.deville.com.br\\\/wp-content\\\/uploads\\\/2024\\\/08\\\/Mala-de-viagem-Canva.jpg.webp\",\"width\":1024,\"height\":1024,\"caption\":\"Mala de viagem\"},{\"@type\":\"BreadcrumbList\",\"@id\":\"https:\\\/\\\/blog.deville.com.br\\\/viagens\\\/o-que-posso-levar-na-bagagem-de-mao\\\/#breadcrumb\",\"itemListElement\":[{\"@type\":\"ListItem\",\"position\":1,\"name\":\"In\u00edcio\",\"item\":\"https:\\\/\\\/blog.deville.com.br\\\/\"},{\"@type\":\"ListItem\",\"position\":2,\"name\":\"Viagens\",\"item\":\"https:\\\/\\\/blog.deville.com.br\\\/viagens\\\/\"},{\"@type\":\"ListItem\",\"position\":3,\"name\":\"O que eu posso levar na bagagem de m\u00e3o?\"}]},{\"@type\":\"WebSite\",\"@id\":\"https:\\\/\\\/blog.deville.com.br\\\/#website\",\"url\":\"https:\\\/\\\/blog.deville.com.br\\\/\",\"name\":\"Blog Deville\",\"description\":\"\",\"publisher\":{\"@id\":\"https:\\\/\\\/blog.deville.com.br\\\/#organization\"},\"potentialAction\":[{\"@type\":\"SearchAction\",\"target\":{\"@type\":\"EntryPoint\",\"urlTemplate\":\"https:\\\/\\\/blog.deville.com.br\\\/?s={search_term_string}\"},\"query-input\":{\"@type\":\"PropertyValueSpecification\",\"valueRequired\":true,\"valueName\":\"search_term_string\"}}],\"inLanguage\":\"pt-BR\"},{\"@type\":\"Organization\",\"@id\":\"https:\\\/\\\/blog.deville.com.br\\\/#organization\",\"name\":\"Hot\u00e9is Deville\",\"url\":\"https:\\\/\\\/blog.deville.com.br\\\/\",\"logo\":{\"@type\":\"ImageObject\",\"inLanguage\":\"pt-BR\",\"@id\":\"https:\\\/\\\/blog.deville.com.br\\\/#\\\/schema\\\/logo\\\/image\\\/\",\"url\":\"https:\\\/\\\/blog.deville.com.br\\\/wp-content\\\/uploads\\\/2024\\\/08\\\/Deville_Logo.svg\",\"contentUrl\":\"https:\\\/\\\/blog.deville.com.br\\\/wp-content\\\/uploads\\\/2024\\\/08\\\/Deville_Logo.svg\",\"width\":139,\"height\":50,\"caption\":\"Hot\u00e9is Deville\"},\"image\":{\"@id\":\"https:\\\/\\\/blog.deville.com.br\\\/#\\\/schema\\\/logo\\\/image\\\/\"},\"sameAs\":[\"https:\\\/\\\/www.facebook.com\\\/hoteisdeville\\\/\",\"https:\\\/\\\/x.com\\\/hoteis_deville\",\"https:\\\/\\\/www.instagram.com\\\/hoteisdeville\\\/\",\"https:\\\/\\\/www.linkedin.com\\\/company\\\/hoteis-deville\\\/\"]},{\"@type\":\"Person\",\"@id\":\"https:\\\/\\\/blog.deville.com.br\\\/#\\\/schema\\\/person\\\/e5a2d1174f6fa1f4af45e0b1ee5a9b92\",\"name\":\"Eduardo Sadao\",\"image\":{\"@type\":\"ImageObject\",\"inLanguage\":\"pt-BR\",\"@id\":\"https:\\\/\\\/secure.gravatar.com\\\/avatar\\\/67d8d39b54ba97ba14d429e77886caa07d1733692959d0f0b17e48572261b638?s=96&d=mm&r=g\",\"url\":\"https:\\\/\\\/secure.gravatar.com\\\/avatar\\\/67d8d39b54ba97ba14d429e77886caa07d1733692959d0f0b17e48572261b638?s=96&d=mm&r=g\",\"contentUrl\":\"https:\\\/\\\/secure.gravatar.com\\\/avatar\\\/67d8d39b54ba97ba14d429e77886caa07d1733692959d0f0b17e48572261b638?s=96&d=mm&r=g\",\"caption\":\"Eduardo Sadao\"},\"url\":\"https:\\\/\\\/blog.deville.com.br\\\/author\\\/edu-sadao\\\/\"}]}<\/script>\n<!-- \/ Yoast SEO plugin. -->","yoast_head_json":{"title":"O que eu posso levar na bagagem de m\u00e3o? - Blog Deville","robots":{"index":"index","follow":"follow","max-snippet":"max-snippet:-1","max-image-preview":"max-image-preview:large","max-video-preview":"max-video-preview:-1"},"canonical":"https:\/\/blog.deville.com.br\/viagens\/o-que-posso-levar-na-bagagem-de-mao\/","og_locale":"pt_BR","og_type":"article","og_title":"O que eu posso levar na bagagem de m\u00e3o? - Blog Deville","og_description":"Descubra aqui o tamanho, a quantidade, o que n\u00e3o pode levar e o que voc\u00ea deve colocar na sua bagagem de m\u00e3o. Essa \u00e9 uma d\u00favida que todo viajante de primeira viagem \u2013 e mesmo aqueles mais experientes \u2013 tem: afinal, o que pode e o que n\u00e3o pode ser levado na bagagem de m\u00e3o? [&hellip;]","og_url":"https:\/\/blog.deville.com.br\/viagens\/o-que-posso-levar-na-bagagem-de-mao\/","og_site_name":"Blog Deville","article_publisher":"https:\/\/www.facebook.com\/hoteisdeville\/","article_published_time":"2023-07-24T21:59:10+00:00","og_image":[{"width":1024,"height":1024,"url":"https:\/\/blog.deville.com.br\/wp-content\/uploads\/2024\/08\/Mala-de-viagem-Canva.jpg.webp","type":"image\/webp"}],"author":"Eduardo Sadao","twitter_card":"summary_large_image","twitter_creator":"@hoteis_deville","twitter_site":"@hoteis_deville","twitter_misc":{"Escrito por":"Eduardo Sadao","Est. tempo de leitura":"3 minutos"},"schema":{"@context":"https:\/\/schema.org","@graph":[{"@type":"Article","@id":"https:\/\/blog.deville.com.br\/viagens\/o-que-posso-levar-na-bagagem-de-mao\/#article","isPartOf":{"@id":"https:\/\/blog.deville.com.br\/viagens\/o-que-posso-levar-na-bagagem-de-mao\/"},"author":{"name":"Eduardo Sadao","@id":"https:\/\/blog.deville.com.br\/#\/schema\/person\/e5a2d1174f6fa1f4af45e0b1ee5a9b92"},"headline":"O que eu posso levar na bagagem de m\u00e3o?","datePublished":"2023-07-24T21:59:10+00:00","mainEntityOfPage":{"@id":"https:\/\/blog.deville.com.br\/viagens\/o-que-posso-levar-na-bagagem-de-mao\/"},"wordCount":619,"commentCount":0,"publisher":{"@id":"https:\/\/blog.deville.com.br\/#organization"},"image":{"@id":"https:\/\/blog.deville.com.br\/viagens\/o-que-posso-levar-na-bagagem-de-mao\/#primaryimage"},"thumbnailUrl":"https:\/\/blog.deville.com.br\/wp-content\/uploads\/2024\/08\/Mala-de-viagem-Canva.jpg.webp","articleSection":["Viagens"],"inLanguage":"pt-BR","potentialAction":[{"@type":"CommentAction","name":"Comment","target":["https:\/\/blog.deville.com.br\/viagens\/o-que-posso-levar-na-bagagem-de-mao\/#respond"]}]},{"@type":"WebPage","@id":"https:\/\/blog.deville.com.br\/viagens\/o-que-posso-levar-na-bagagem-de-mao\/","url":"https:\/\/blog.deville.com.br\/viagens\/o-que-posso-levar-na-bagagem-de-mao\/","name":"O que eu posso levar na bagagem de m\u00e3o? - Blog Deville","isPartOf":{"@id":"https:\/\/blog.deville.com.br\/#website"},"primaryImageOfPage":{"@id":"https:\/\/blog.deville.com.br\/viagens\/o-que-posso-levar-na-bagagem-de-mao\/#primaryimage"},"image":{"@id":"https:\/\/blog.deville.com.br\/viagens\/o-que-posso-levar-na-bagagem-de-mao\/#primaryimage"},"thumbnailUrl":"https:\/\/blog.deville.com.br\/wp-content\/uploads\/2024\/08\/Mala-de-viagem-Canva.jpg.webp","datePublished":"2023-07-24T21:59:10+00:00","breadcrumb":{"@id":"https:\/\/blog.deville.com.br\/viagens\/o-que-posso-levar-na-bagagem-de-mao\/#breadcrumb"},"inLanguage":"pt-BR","potentialAction":[{"@type":"ReadAction","target":["https:\/\/blog.deville.com.br\/viagens\/o-que-posso-levar-na-bagagem-de-mao\/"]}]},{"@type":"ImageObject","inLanguage":"pt-BR","@id":"https:\/\/blog.deville.com.br\/viagens\/o-que-posso-levar-na-bagagem-de-mao\/#primaryimage","url":"https:\/\/blog.deville.com.br\/wp-content\/uploads\/2024\/08\/Mala-de-viagem-Canva.jpg.webp","contentUrl":"https:\/\/blog.deville.com.br\/wp-content\/uploads\/2024\/08\/Mala-de-viagem-Canva.jpg.webp","width":1024,"height":1024,"caption":"Mala de viagem"},{"@type":"BreadcrumbList","@id":"https:\/\/blog.deville.com.br\/viagens\/o-que-posso-levar-na-bagagem-de-mao\/#breadcrumb","itemListElement":[{"@type":"ListItem","position":1,"name":"In\u00edcio","item":"https:\/\/blog.deville.com.br\/"},{"@type":"ListItem","position":2,"name":"Viagens","item":"https:\/\/blog.deville.com.br\/viagens\/"},{"@type":"ListItem","position":3,"name":"O que eu posso levar na bagagem de m\u00e3o?"}]},{"@type":"WebSite","@id":"https:\/\/blog.deville.com.br\/#website","url":"https:\/\/blog.deville.com.br\/","name":"Blog Deville","description":"","publisher":{"@id":"https:\/\/blog.deville.com.br\/#organization"},"potentialAction":[{"@type":"SearchAction","target":{"@type":"EntryPoint","urlTemplate":"https:\/\/blog.deville.com.br\/?s={search_term_string}"},"query-input":{"@type":"PropertyValueSpecification","valueRequired":true,"valueName":"search_term_string"}}],"inLanguage":"pt-BR"},{"@type":"Organization","@id":"https:\/\/blog.deville.com.br\/#organization","name":"Hot\u00e9is Deville","url":"https:\/\/blog.deville.com.br\/","logo":{"@type":"ImageObject","inLanguage":"pt-BR","@id":"https:\/\/blog.deville.com.br\/#\/schema\/logo\/image\/","url":"https:\/\/blog.deville.com.br\/wp-content\/uploads\/2024\/08\/Deville_Logo.svg","contentUrl":"https:\/\/blog.deville.com.br\/wp-content\/uploads\/2024\/08\/Deville_Logo.svg","width":139,"height":50,"caption":"Hot\u00e9is Deville"},"image":{"@id":"https:\/\/blog.deville.com.br\/#\/schema\/logo\/image\/"},"sameAs":["https:\/\/www.facebook.com\/hoteisdeville\/","https:\/\/x.com\/hoteis_deville","https:\/\/www.instagram.com\/hoteisdeville\/","https:\/\/www.linkedin.com\/company\/hoteis-deville\/"]},{"@type":"Person","@id":"https:\/\/blog.deville.com.br\/#\/schema\/person\/e5a2d1174f6fa1f4af45e0b1ee5a9b92","name":"Eduardo Sadao","image":{"@type":"ImageObject","inLanguage":"pt-BR","@id":"https:\/\/secure.gravatar.com\/avatar\/67d8d39b54ba97ba14d429e77886caa07d1733692959d0f0b17e48572261b638?s=96&d=mm&r=g","url":"https:\/\/secure.gravatar.com\/avatar\/67d8d39b54ba97ba14d429e77886caa07d1733692959d0f0b17e48572261b638?s=96&d=mm&r=g","contentUrl":"https:\/\/secure.gravatar.com\/avatar\/67d8d39b54ba97ba14d429e77886caa07d1733692959d0f0b17e48572261b638?s=96&d=mm&r=g","caption":"Eduardo Sadao"},"url":"https:\/\/blog.deville.com.br\/author\/edu-sadao\/"}]}},"publishpress_future_action":{"enabled":false,"date":"2026-05-04 16:32:15","action":"change-status","newStatus":"draft","terms":[],"taxonomy":"category","extraData":[]},"publishpress_future_workflow_manual_trigger":{"enabledWorkflows":[]},"_links":{"self":[{"href":"https:\/\/blog.deville.com.br\/devillemkt6_json\/wp\/v2\/posts\/1344","targetHints":{"allow":["GET"]}}],"collection":[{"href":"https:\/\/blog.deville.com.br\/devillemkt6_json\/wp\/v2\/posts"}],"about":[{"href":"https:\/\/blog.deville.com.br\/devillemkt6_json\/wp\/v2\/types\/post"}],"author":[{"embeddable":true,"href":"https:\/\/blog.deville.com.br\/devillemkt6_json\/wp\/v2\/users\/2"}],"replies":[{"embeddable":true,"href":"https:\/\/blog.deville.com.br\/devillemkt6_json\/wp\/v2\/comments?post=1344"}],"version-history":[{"count":0,"href":"https:\/\/blog.deville.com.br\/devillemkt6_json\/wp\/v2\/posts\/1344\/revisions"}],"wp:featuredmedia":[{"embeddable":true,"href":"https:\/\/blog.deville.com.br\/devillemkt6_json\/wp\/v2\/media\/184"}],"wp:attachment":[{"href":"https:\/\/blog.deville.com.br\/devillemkt6_json\/wp\/v2\/media?parent=1344"}],"wp:term":[{"taxonomy":"category","embeddable":true,"href":"https:\/\/blog.deville.com.br\/devillemkt6_json\/wp\/v2\/categories?post=1344"},{"taxonomy":"post_tag","embeddable":true,"href":"https:\/\/blog.deville.com.br\/devillemkt6_json\/wp\/v2\/tags?post=1344"}],"curies":[{"name":"wp","href":"https:\/\/api.w.org\/{rel}","templated":true}]}}