{"id":1345,"date":"2023-05-10T14:45:24","date_gmt":"2023-05-10T17:45:24","guid":{"rendered":"https:\/\/deville.perika.cc\/blog\/centro-de-convencoes-do-deville-prime-salvador-experiencia-sofisticada-para-eventos-inesqueciveis\/"},"modified":"2023-05-10T14:45:24","modified_gmt":"2023-05-10T17:45:24","slug":"centro-de-convencoes-do-deville-prime-salvador-experiencia-sofisticada-para-eventos-inesqueciveis","status":"publish","type":"post","link":"https:\/\/blog.deville.com.br\/eventos\/centro-de-convencoes-do-deville-prime-salvador-experiencia-sofisticada-para-eventos-inesqueciveis\/","title":{"rendered":"Centro de Conven\u00e7\u00f5es do Deville Prime Salvador: Experi\u00eancia Sofisticada para Eventos Inesquec\u00edveis"},"content":{"rendered":"<p><span data-contrast=\"auto\">Se voc\u00ea est\u00e1 em busca de um espa\u00e7o exclusivo e sofisticado para realizar seu evento em Salvador, Bahia, o <a href=\"https:\/\/www.deville.com.br\/hotel-deville-prime-salvador\/eventos-hotel-deville-prime-salvador\" target=\"_blank\" rel=\"noopener\">Centro de Conven\u00e7\u00f5es do Deville Prime Salvador<\/a> \u00e9 a escolha perfeita. Com uma infraestrutura completa e moderna, esse centro de eventos \u00e9 considerado um dos maiores do Nordeste, oferecendo 13 salas, sendo 3 delas modul\u00e1veis, e capacidade para at\u00e9 1.300 pessoas. Al\u00e9m disso, o local est\u00e1 situado em meio a uma imensa \u00e1rea verde e est\u00e1 a poucos metros da deslumbrante Praia de Itapu\u00e3, proporcionando um cen\u00e1rio perfeito para tornar o seu evento um grande sucesso.<\/span><span data-ccp-props=\"{&quot;201341983&quot;:0,&quot;335559739&quot;:160,&quot;335559740&quot;:259}\">\u00a0<\/span><\/p>\n<p><strong>Infraestrutura de Alto Padr\u00e3o:\u00a0<\/strong><\/p>\n<p><span data-contrast=\"auto\">Com 1.800 m\u00b2 de \u00e1rea constru\u00edda, o Centro de Conven\u00e7\u00f5es do Deville Prime Salvador conta com uma infraestrutura de alto padr\u00e3o, projetada para atender a todas as necessidades do seu evento. Equipado com modernos equipamentos de \u00e1udio e ilumina\u00e7\u00e3o, esse espa\u00e7o garante a excel\u00eancia em suas apresenta\u00e7\u00f5es e atividades, proporcionando uma experi\u00eancia \u00fanica para os participantes.<\/span><span data-ccp-props=\"{&quot;201341983&quot;:0,&quot;335559739&quot;:160,&quot;335559740&quot;:259}\">\u00a0<\/span><\/p>\n<p><strong>Versatilidade e Capacidade para Grandes Eventos:\u00a0<\/strong><\/p>\n<p><span data-contrast=\"auto\">As 13 salas, sendo 3 modul\u00e1veis, oferecem versatilidade para atender desde pequenas reuni\u00f5es corporativas at\u00e9 grandes conven\u00e7\u00f5es e festas com muitos convidados. Com capacidade para mais de 1300 pessoas, o Centro de Conven\u00e7\u00f5es \u00e9 ideal para eventos sociais e corporativos de todos os portes.<\/span><span data-ccp-props=\"{&quot;201341983&quot;:0,&quot;335559739&quot;:160,&quot;335559740&quot;:259}\">\u00a0<\/span><\/p>\n<p><strong>Gastronomia Exclusiva:<\/strong><span data-ccp-props=\"{&quot;201341983&quot;:0,&quot;335559739&quot;:160,&quot;335559740&quot;:259}\">\u00a0<\/span><\/p>\n<p><span data-contrast=\"auto\">Os Hot\u00e9is Deville se destacam por sua gastronomia excepcional, e o Centro de Conven\u00e7\u00f5es n\u00e3o \u00e9 exce\u00e7\u00e3o. O Restaurante Saveiros, localizado \u00e0s margens do lago, oferece um ambiente agrad\u00e1vel e acolhedor, com capacidade para at\u00e9 150 pessoas e uma variedade de op\u00e7\u00f5es da culin\u00e1ria baiana. J\u00e1 o Restaurante Sabores de Itapu\u00e3, aberto diariamente para h\u00f3spedes e passantes, apresenta sugest\u00f5es da alta gastronomia que s\u00e3o algumas das melhores op\u00e7\u00f5es da cidade.<\/span><span data-ccp-props=\"{&quot;201341983&quot;:0,&quot;335559739&quot;:160,&quot;335559740&quot;:259}\">\u00a0<\/span><\/p>\n<p><strong>Lazer e Conforto para os Convidados:\u00a0<\/strong><\/p>\n<p><span data-contrast=\"auto\">O Deville Prime Salvador oferece uma experi\u00eancia \u00fanica para os convidados, com uma estrutura completa de lazer que inclui piscina externa, pedalinho, quadra poliesportiva, \u00e1rea verde, espa\u00e7o kids, academia, bar, restaurante e hospedagem em 206 apartamentos e su\u00edtes climatizados. Unidades adaptadas para pessoas com defici\u00eancia garantem a comodidade de todos os participantes.<\/span><span data-ccp-props=\"{&quot;201341983&quot;:0,&quot;335559739&quot;:160,&quot;335559740&quot;:259}\">\u00a0<\/span><\/p>\n<p><strong>Entre em Contato e Fa\u00e7a Sua Reserva:<\/strong><span data-ccp-props=\"{&quot;201341983&quot;:0,&quot;335559739&quot;:160,&quot;335559740&quot;:259}\">\u00a0<\/span><\/p>\n<p><span data-contrast=\"auto\">Para garantir que o seu evento seja um sucesso, entre em contato com a equipe do Centro de Conven\u00e7\u00f5es do Deville Prime Salvador atrav\u00e9s do telefone <a href=\"tel: +55712106-8500\">(71) 2106-8500<\/a> ou envie um e-mail para <a href=\"mailto:eventos.ssa@deville.com.br\">eventos.ssa@deville.com.br<\/a>. Nossa equipe especializada estar\u00e1 pronta para auxili\u00e1-lo em todos os detalhes e tornar seu evento inesquec\u00edvel.<\/span><span data-ccp-props=\"{&quot;201341983&quot;:0,&quot;335559739&quot;:160,&quot;335559740&quot;:259}\">\u00a0<\/span><\/p>\n<p><span data-contrast=\"auto\">O <a href=\"https:\/\/www.deville.com.br\/hotel-deville-prime-salvador\/eventos-hotel-deville-prime-salvador\" target=\"_blank\" rel=\"noopener\">Centro de Conven\u00e7\u00f5es do Deville Prime Salvador<\/a> \u00e9 o local ideal para realizar eventos sociais e corporativos em Salvador, Bahia. Com infraestrutura completa, capacidade para grandes p\u00fablicos, gastronomia exclusiva, lazer e conforto para os convidados, esse espa\u00e7o proporciona uma experi\u00eancia sofisticada e inesquec\u00edvel. Aproveite a hospitalidade dos Hot\u00e9is Deville e fa\u00e7a do seu evento um verdadeiro sucesso. Entre em contato e fa\u00e7a a sua reserva hoje mesmo!\u00a0<\/span><span data-ccp-props=\"{&quot;201341983&quot;:0,&quot;335559739&quot;:160,&quot;335559740&quot;:259}\">\u00a0<\/span><\/p>\n<p><span data-contrast=\"auto\">Para ver mais sobre o Deville Prime Salvador, <a href=\"https:\/\/www.deville.com.br\/hotel-deville-prime-salvador\" target=\"_blank\" rel=\"noopener\">clique aqui!<\/a><\/span><span data-ccp-props=\"{&quot;201341983&quot;:0,&quot;335559739&quot;:160,&quot;335559740&quot;:259}\">\u00a0<\/span><\/p>\n","protected":false},"excerpt":{"rendered":"<p>Se voc\u00ea est\u00e1 em busca de um espa\u00e7o exclusivo e sofisticado para realizar seu evento em Salvador, Bahia, o Centro de Conven\u00e7\u00f5es do Deville Prime Salvador \u00e9 a escolha perfeita. Com uma infraestrutura completa e moderna, esse centro de eventos \u00e9 considerado um dos maiores do Nordeste, oferecendo 13 salas, sendo 3 delas modul\u00e1veis, e [&hellip;]<\/p>\n","protected":false},"author":2,"featured_media":759,"comment_status":"open","ping_status":"open","sticky":false,"template":"","format":"standard","meta":{"_acf_changed":false,"footnotes":""},"categories":[68],"tags":[111,112,113,95,81],"class_list":["post-1345","post","type-post","status-publish","format-standard","has-post-thumbnail","hentry","category-eventos","tag-bahia","tag-centro-de-convencoes","tag-centro-de-convencoes-deville-prime-salvador","tag-hotel-deville-prime-salvador","tag-salvador"],"acf":[],"yoast_head":"<!-- This site is optimized with the Yoast SEO plugin v27.5 - https:\/\/yoast.com\/product\/yoast-seo-wordpress\/ -->\n<title>Centro de Conven\u00e7\u00f5es do Deville Prime Salvador: Experi\u00eancia Sofisticada para Eventos Inesquec\u00edveis - Blog Deville<\/title>\n<meta name=\"robots\" content=\"index, follow, max-snippet:-1, max-image-preview:large, max-video-preview:-1\" \/>\n<link rel=\"canonical\" href=\"https:\/\/blog.deville.com.br\/eventos\/centro-de-convencoes-do-deville-prime-salvador-experiencia-sofisticada-para-eventos-inesqueciveis\/\" \/>\n<meta property=\"og:locale\" content=\"pt_BR\" \/>\n<meta property=\"og:type\" content=\"article\" \/>\n<meta property=\"og:title\" content=\"Centro de Conven\u00e7\u00f5es do Deville Prime Salvador: Experi\u00eancia Sofisticada para Eventos Inesquec\u00edveis - Blog Deville\" \/>\n<meta property=\"og:description\" content=\"Se voc\u00ea est\u00e1 em busca de um espa\u00e7o exclusivo e sofisticado para realizar seu evento em Salvador, Bahia, o Centro de Conven\u00e7\u00f5es do Deville Prime Salvador \u00e9 a escolha perfeita. Com uma infraestrutura completa e moderna, esse centro de eventos \u00e9 considerado um dos maiores do Nordeste, oferecendo 13 salas, sendo 3 delas modul\u00e1veis, e [&hellip;]\" \/>\n<meta property=\"og:url\" content=\"https:\/\/blog.deville.com.br\/eventos\/centro-de-convencoes-do-deville-prime-salvador-experiencia-sofisticada-para-eventos-inesqueciveis\/\" \/>\n<meta property=\"og:site_name\" content=\"Blog Deville\" \/>\n<meta property=\"article:publisher\" content=\"https:\/\/www.facebook.com\/hoteisdeville\/\" \/>\n<meta property=\"article:published_time\" content=\"2023-05-10T17:45:24+00:00\" \/>\n<meta property=\"og:image\" content=\"https:\/\/blog.deville.com.br\/wp-content\/uploads\/2024\/08\/Deville-Prime-Salvador-Centro-de-Convecoes.jpg.webp\" \/>\n\t<meta property=\"og:image:width\" content=\"1024\" \/>\n\t<meta property=\"og:image:height\" content=\"1024\" \/>\n\t<meta property=\"og:image:type\" content=\"image\/webp\" \/>\n<meta name=\"author\" content=\"Eduardo Sadao\" \/>\n<meta name=\"twitter:card\" content=\"summary_large_image\" \/>\n<meta name=\"twitter:creator\" content=\"@hoteis_deville\" \/>\n<meta name=\"twitter:site\" content=\"@hoteis_deville\" \/>\n<meta name=\"twitter:label1\" content=\"Escrito por\" \/>\n\t<meta name=\"twitter:data1\" content=\"Eduardo Sadao\" \/>\n\t<meta name=\"twitter:label2\" content=\"Est. tempo de leitura\" \/>\n\t<meta name=\"twitter:data2\" content=\"3 minutos\" \/>\n<script type=\"application\/ld+json\" class=\"yoast-schema-graph\">{\"@context\":\"https:\\\/\\\/schema.org\",\"@graph\":[{\"@type\":\"Article\",\"@id\":\"https:\\\/\\\/blog.deville.com.br\\\/eventos\\\/centro-de-convencoes-do-deville-prime-salvador-experiencia-sofisticada-para-eventos-inesqueciveis\\\/#article\",\"isPartOf\":{\"@id\":\"https:\\\/\\\/blog.deville.com.br\\\/eventos\\\/centro-de-convencoes-do-deville-prime-salvador-experiencia-sofisticada-para-eventos-inesqueciveis\\\/\"},\"author\":{\"name\":\"Eduardo Sadao\",\"@id\":\"https:\\\/\\\/blog.deville.com.br\\\/#\\\/schema\\\/person\\\/e5a2d1174f6fa1f4af45e0b1ee5a9b92\"},\"headline\":\"Centro de Conven\u00e7\u00f5es do Deville Prime Salvador: Experi\u00eancia Sofisticada para Eventos Inesquec\u00edveis\",\"datePublished\":\"2023-05-10T17:45:24+00:00\",\"mainEntityOfPage\":{\"@id\":\"https:\\\/\\\/blog.deville.com.br\\\/eventos\\\/centro-de-convencoes-do-deville-prime-salvador-experiencia-sofisticada-para-eventos-inesqueciveis\\\/\"},\"wordCount\":520,\"commentCount\":0,\"publisher\":{\"@id\":\"https:\\\/\\\/blog.deville.com.br\\\/#organization\"},\"image\":{\"@id\":\"https:\\\/\\\/blog.deville.com.br\\\/eventos\\\/centro-de-convencoes-do-deville-prime-salvador-experiencia-sofisticada-para-eventos-inesqueciveis\\\/#primaryimage\"},\"thumbnailUrl\":\"https:\\\/\\\/blog.deville.com.br\\\/wp-content\\\/uploads\\\/2024\\\/08\\\/Deville-Prime-Salvador-Centro-de-Convecoes.jpg.webp\",\"keywords\":[\"Bahia\",\"Centro de Conven\u00e7\u00f5es\",\"Centro de Conven\u00e7\u00f5es Deville Prime Salvador\",\"Hotel Deville Prime Salvador\",\"Salvador\"],\"articleSection\":[\"Eventos\"],\"inLanguage\":\"pt-BR\",\"potentialAction\":[{\"@type\":\"CommentAction\",\"name\":\"Comment\",\"target\":[\"https:\\\/\\\/blog.deville.com.br\\\/eventos\\\/centro-de-convencoes-do-deville-prime-salvador-experiencia-sofisticada-para-eventos-inesqueciveis\\\/#respond\"]}]},{\"@type\":\"WebPage\",\"@id\":\"https:\\\/\\\/blog.deville.com.br\\\/eventos\\\/centro-de-convencoes-do-deville-prime-salvador-experiencia-sofisticada-para-eventos-inesqueciveis\\\/\",\"url\":\"https:\\\/\\\/blog.deville.com.br\\\/eventos\\\/centro-de-convencoes-do-deville-prime-salvador-experiencia-sofisticada-para-eventos-inesqueciveis\\\/\",\"name\":\"Centro de Conven\u00e7\u00f5es do Deville Prime Salvador: Experi\u00eancia Sofisticada para Eventos Inesquec\u00edveis - Blog Deville\",\"isPartOf\":{\"@id\":\"https:\\\/\\\/blog.deville.com.br\\\/#website\"},\"primaryImageOfPage\":{\"@id\":\"https:\\\/\\\/blog.deville.com.br\\\/eventos\\\/centro-de-convencoes-do-deville-prime-salvador-experiencia-sofisticada-para-eventos-inesqueciveis\\\/#primaryimage\"},\"image\":{\"@id\":\"https:\\\/\\\/blog.deville.com.br\\\/eventos\\\/centro-de-convencoes-do-deville-prime-salvador-experiencia-sofisticada-para-eventos-inesqueciveis\\\/#primaryimage\"},\"thumbnailUrl\":\"https:\\\/\\\/blog.deville.com.br\\\/wp-content\\\/uploads\\\/2024\\\/08\\\/Deville-Prime-Salvador-Centro-de-Convecoes.jpg.webp\",\"datePublished\":\"2023-05-10T17:45:24+00:00\",\"breadcrumb\":{\"@id\":\"https:\\\/\\\/blog.deville.com.br\\\/eventos\\\/centro-de-convencoes-do-deville-prime-salvador-experiencia-sofisticada-para-eventos-inesqueciveis\\\/#breadcrumb\"},\"inLanguage\":\"pt-BR\",\"potentialAction\":[{\"@type\":\"ReadAction\",\"target\":[\"https:\\\/\\\/blog.deville.com.br\\\/eventos\\\/centro-de-convencoes-do-deville-prime-salvador-experiencia-sofisticada-para-eventos-inesqueciveis\\\/\"]}]},{\"@type\":\"ImageObject\",\"inLanguage\":\"pt-BR\",\"@id\":\"https:\\\/\\\/blog.deville.com.br\\\/eventos\\\/centro-de-convencoes-do-deville-prime-salvador-experiencia-sofisticada-para-eventos-inesqueciveis\\\/#primaryimage\",\"url\":\"https:\\\/\\\/blog.deville.com.br\\\/wp-content\\\/uploads\\\/2024\\\/08\\\/Deville-Prime-Salvador-Centro-de-Convecoes.jpg.webp\",\"contentUrl\":\"https:\\\/\\\/blog.deville.com.br\\\/wp-content\\\/uploads\\\/2024\\\/08\\\/Deville-Prime-Salvador-Centro-de-Convecoes.jpg.webp\",\"width\":1024,\"height\":1024,\"caption\":\"Centro de Conven\u00e7\u00f5es do Hotel Deville Prime Salvador, Salvador\\\/BA\"},{\"@type\":\"BreadcrumbList\",\"@id\":\"https:\\\/\\\/blog.deville.com.br\\\/eventos\\\/centro-de-convencoes-do-deville-prime-salvador-experiencia-sofisticada-para-eventos-inesqueciveis\\\/#breadcrumb\",\"itemListElement\":[{\"@type\":\"ListItem\",\"position\":1,\"name\":\"In\u00edcio\",\"item\":\"https:\\\/\\\/blog.deville.com.br\\\/\"},{\"@type\":\"ListItem\",\"position\":2,\"name\":\"Eventos\",\"item\":\"https:\\\/\\\/blog.deville.com.br\\\/eventos\\\/\"},{\"@type\":\"ListItem\",\"position\":3,\"name\":\"Centro de Conven\u00e7\u00f5es do Deville Prime Salvador: Experi\u00eancia Sofisticada para Eventos Inesquec\u00edveis\"}]},{\"@type\":\"WebSite\",\"@id\":\"https:\\\/\\\/blog.deville.com.br\\\/#website\",\"url\":\"https:\\\/\\\/blog.deville.com.br\\\/\",\"name\":\"Blog Deville\",\"description\":\"\",\"publisher\":{\"@id\":\"https:\\\/\\\/blog.deville.com.br\\\/#organization\"},\"potentialAction\":[{\"@type\":\"SearchAction\",\"target\":{\"@type\":\"EntryPoint\",\"urlTemplate\":\"https:\\\/\\\/blog.deville.com.br\\\/?s={search_term_string}\"},\"query-input\":{\"@type\":\"PropertyValueSpecification\",\"valueRequired\":true,\"valueName\":\"search_term_string\"}}],\"inLanguage\":\"pt-BR\"},{\"@type\":\"Organization\",\"@id\":\"https:\\\/\\\/blog.deville.com.br\\\/#organization\",\"name\":\"Hot\u00e9is Deville\",\"url\":\"https:\\\/\\\/blog.deville.com.br\\\/\",\"logo\":{\"@type\":\"ImageObject\",\"inLanguage\":\"pt-BR\",\"@id\":\"https:\\\/\\\/blog.deville.com.br\\\/#\\\/schema\\\/logo\\\/image\\\/\",\"url\":\"https:\\\/\\\/blog.deville.com.br\\\/wp-content\\\/uploads\\\/2024\\\/08\\\/Deville_Logo.svg\",\"contentUrl\":\"https:\\\/\\\/blog.deville.com.br\\\/wp-content\\\/uploads\\\/2024\\\/08\\\/Deville_Logo.svg\",\"width\":139,\"height\":50,\"caption\":\"Hot\u00e9is Deville\"},\"image\":{\"@id\":\"https:\\\/\\\/blog.deville.com.br\\\/#\\\/schema\\\/logo\\\/image\\\/\"},\"sameAs\":[\"https:\\\/\\\/www.facebook.com\\\/hoteisdeville\\\/\",\"https:\\\/\\\/x.com\\\/hoteis_deville\",\"https:\\\/\\\/www.instagram.com\\\/hoteisdeville\\\/\",\"https:\\\/\\\/www.linkedin.com\\\/company\\\/hoteis-deville\\\/\"]},{\"@type\":\"Person\",\"@id\":\"https:\\\/\\\/blog.deville.com.br\\\/#\\\/schema\\\/person\\\/e5a2d1174f6fa1f4af45e0b1ee5a9b92\",\"name\":\"Eduardo Sadao\",\"image\":{\"@type\":\"ImageObject\",\"inLanguage\":\"pt-BR\",\"@id\":\"https:\\\/\\\/secure.gravatar.com\\\/avatar\\\/67d8d39b54ba97ba14d429e77886caa07d1733692959d0f0b17e48572261b638?s=96&d=mm&r=g\",\"url\":\"https:\\\/\\\/secure.gravatar.com\\\/avatar\\\/67d8d39b54ba97ba14d429e77886caa07d1733692959d0f0b17e48572261b638?s=96&d=mm&r=g\",\"contentUrl\":\"https:\\\/\\\/secure.gravatar.com\\\/avatar\\\/67d8d39b54ba97ba14d429e77886caa07d1733692959d0f0b17e48572261b638?s=96&d=mm&r=g\",\"caption\":\"Eduardo Sadao\"},\"url\":\"https:\\\/\\\/blog.deville.com.br\\\/author\\\/edu-sadao\\\/\"}]}<\/script>\n<!-- \/ Yoast SEO plugin. -->","yoast_head_json":{"title":"Centro de Conven\u00e7\u00f5es do Deville Prime Salvador: Experi\u00eancia Sofisticada para Eventos Inesquec\u00edveis - Blog Deville","robots":{"index":"index","follow":"follow","max-snippet":"max-snippet:-1","max-image-preview":"max-image-preview:large","max-video-preview":"max-video-preview:-1"},"canonical":"https:\/\/blog.deville.com.br\/eventos\/centro-de-convencoes-do-deville-prime-salvador-experiencia-sofisticada-para-eventos-inesqueciveis\/","og_locale":"pt_BR","og_type":"article","og_title":"Centro de Conven\u00e7\u00f5es do Deville Prime Salvador: Experi\u00eancia Sofisticada para Eventos Inesquec\u00edveis - Blog Deville","og_description":"Se voc\u00ea est\u00e1 em busca de um espa\u00e7o exclusivo e sofisticado para realizar seu evento em Salvador, Bahia, o Centro de Conven\u00e7\u00f5es do Deville Prime Salvador \u00e9 a escolha perfeita. Com uma infraestrutura completa e moderna, esse centro de eventos \u00e9 considerado um dos maiores do Nordeste, oferecendo 13 salas, sendo 3 delas modul\u00e1veis, e [&hellip;]","og_url":"https:\/\/blog.deville.com.br\/eventos\/centro-de-convencoes-do-deville-prime-salvador-experiencia-sofisticada-para-eventos-inesqueciveis\/","og_site_name":"Blog Deville","article_publisher":"https:\/\/www.facebook.com\/hoteisdeville\/","article_published_time":"2023-05-10T17:45:24+00:00","og_image":[{"width":1024,"height":1024,"url":"https:\/\/blog.deville.com.br\/wp-content\/uploads\/2024\/08\/Deville-Prime-Salvador-Centro-de-Convecoes.jpg.webp","type":"image\/webp"}],"author":"Eduardo Sadao","twitter_card":"summary_large_image","twitter_creator":"@hoteis_deville","twitter_site":"@hoteis_deville","twitter_misc":{"Escrito por":"Eduardo Sadao","Est. tempo de leitura":"3 minutos"},"schema":{"@context":"https:\/\/schema.org","@graph":[{"@type":"Article","@id":"https:\/\/blog.deville.com.br\/eventos\/centro-de-convencoes-do-deville-prime-salvador-experiencia-sofisticada-para-eventos-inesqueciveis\/#article","isPartOf":{"@id":"https:\/\/blog.deville.com.br\/eventos\/centro-de-convencoes-do-deville-prime-salvador-experiencia-sofisticada-para-eventos-inesqueciveis\/"},"author":{"name":"Eduardo Sadao","@id":"https:\/\/blog.deville.com.br\/#\/schema\/person\/e5a2d1174f6fa1f4af45e0b1ee5a9b92"},"headline":"Centro de Conven\u00e7\u00f5es do Deville Prime Salvador: Experi\u00eancia Sofisticada para Eventos Inesquec\u00edveis","datePublished":"2023-05-10T17:45:24+00:00","mainEntityOfPage":{"@id":"https:\/\/blog.deville.com.br\/eventos\/centro-de-convencoes-do-deville-prime-salvador-experiencia-sofisticada-para-eventos-inesqueciveis\/"},"wordCount":520,"commentCount":0,"publisher":{"@id":"https:\/\/blog.deville.com.br\/#organization"},"image":{"@id":"https:\/\/blog.deville.com.br\/eventos\/centro-de-convencoes-do-deville-prime-salvador-experiencia-sofisticada-para-eventos-inesqueciveis\/#primaryimage"},"thumbnailUrl":"https:\/\/blog.deville.com.br\/wp-content\/uploads\/2024\/08\/Deville-Prime-Salvador-Centro-de-Convecoes.jpg.webp","keywords":["Bahia","Centro de Conven\u00e7\u00f5es","Centro de Conven\u00e7\u00f5es Deville Prime Salvador","Hotel Deville Prime Salvador","Salvador"],"articleSection":["Eventos"],"inLanguage":"pt-BR","potentialAction":[{"@type":"CommentAction","name":"Comment","target":["https:\/\/blog.deville.com.br\/eventos\/centro-de-convencoes-do-deville-prime-salvador-experiencia-sofisticada-para-eventos-inesqueciveis\/#respond"]}]},{"@type":"WebPage","@id":"https:\/\/blog.deville.com.br\/eventos\/centro-de-convencoes-do-deville-prime-salvador-experiencia-sofisticada-para-eventos-inesqueciveis\/","url":"https:\/\/blog.deville.com.br\/eventos\/centro-de-convencoes-do-deville-prime-salvador-experiencia-sofisticada-para-eventos-inesqueciveis\/","name":"Centro de Conven\u00e7\u00f5es do Deville Prime Salvador: Experi\u00eancia Sofisticada para Eventos Inesquec\u00edveis - Blog Deville","isPartOf":{"@id":"https:\/\/blog.deville.com.br\/#website"},"primaryImageOfPage":{"@id":"https:\/\/blog.deville.com.br\/eventos\/centro-de-convencoes-do-deville-prime-salvador-experiencia-sofisticada-para-eventos-inesqueciveis\/#primaryimage"},"image":{"@id":"https:\/\/blog.deville.com.br\/eventos\/centro-de-convencoes-do-deville-prime-salvador-experiencia-sofisticada-para-eventos-inesqueciveis\/#primaryimage"},"thumbnailUrl":"https:\/\/blog.deville.com.br\/wp-content\/uploads\/2024\/08\/Deville-Prime-Salvador-Centro-de-Convecoes.jpg.webp","datePublished":"2023-05-10T17:45:24+00:00","breadcrumb":{"@id":"https:\/\/blog.deville.com.br\/eventos\/centro-de-convencoes-do-deville-prime-salvador-experiencia-sofisticada-para-eventos-inesqueciveis\/#breadcrumb"},"inLanguage":"pt-BR","potentialAction":[{"@type":"ReadAction","target":["https:\/\/blog.deville.com.br\/eventos\/centro-de-convencoes-do-deville-prime-salvador-experiencia-sofisticada-para-eventos-inesqueciveis\/"]}]},{"@type":"ImageObject","inLanguage":"pt-BR","@id":"https:\/\/blog.deville.com.br\/eventos\/centro-de-convencoes-do-deville-prime-salvador-experiencia-sofisticada-para-eventos-inesqueciveis\/#primaryimage","url":"https:\/\/blog.deville.com.br\/wp-content\/uploads\/2024\/08\/Deville-Prime-Salvador-Centro-de-Convecoes.jpg.webp","contentUrl":"https:\/\/blog.deville.com.br\/wp-content\/uploads\/2024\/08\/Deville-Prime-Salvador-Centro-de-Convecoes.jpg.webp","width":1024,"height":1024,"caption":"Centro de Conven\u00e7\u00f5es do Hotel Deville Prime Salvador, Salvador\/BA"},{"@type":"BreadcrumbList","@id":"https:\/\/blog.deville.com.br\/eventos\/centro-de-convencoes-do-deville-prime-salvador-experiencia-sofisticada-para-eventos-inesqueciveis\/#breadcrumb","itemListElement":[{"@type":"ListItem","position":1,"name":"In\u00edcio","item":"https:\/\/blog.deville.com.br\/"},{"@type":"ListItem","position":2,"name":"Eventos","item":"https:\/\/blog.deville.com.br\/eventos\/"},{"@type":"ListItem","position":3,"name":"Centro de Conven\u00e7\u00f5es do Deville Prime Salvador: Experi\u00eancia Sofisticada para Eventos Inesquec\u00edveis"}]},{"@type":"WebSite","@id":"https:\/\/blog.deville.com.br\/#website","url":"https:\/\/blog.deville.com.br\/","name":"Blog Deville","description":"","publisher":{"@id":"https:\/\/blog.deville.com.br\/#organization"},"potentialAction":[{"@type":"SearchAction","target":{"@type":"EntryPoint","urlTemplate":"https:\/\/blog.deville.com.br\/?s={search_term_string}"},"query-input":{"@type":"PropertyValueSpecification","valueRequired":true,"valueName":"search_term_string"}}],"inLanguage":"pt-BR"},{"@type":"Organization","@id":"https:\/\/blog.deville.com.br\/#organization","name":"Hot\u00e9is Deville","url":"https:\/\/blog.deville.com.br\/","logo":{"@type":"ImageObject","inLanguage":"pt-BR","@id":"https:\/\/blog.deville.com.br\/#\/schema\/logo\/image\/","url":"https:\/\/blog.deville.com.br\/wp-content\/uploads\/2024\/08\/Deville_Logo.svg","contentUrl":"https:\/\/blog.deville.com.br\/wp-content\/uploads\/2024\/08\/Deville_Logo.svg","width":139,"height":50,"caption":"Hot\u00e9is Deville"},"image":{"@id":"https:\/\/blog.deville.com.br\/#\/schema\/logo\/image\/"},"sameAs":["https:\/\/www.facebook.com\/hoteisdeville\/","https:\/\/x.com\/hoteis_deville","https:\/\/www.instagram.com\/hoteisdeville\/","https:\/\/www.linkedin.com\/company\/hoteis-deville\/"]},{"@type":"Person","@id":"https:\/\/blog.deville.com.br\/#\/schema\/person\/e5a2d1174f6fa1f4af45e0b1ee5a9b92","name":"Eduardo Sadao","image":{"@type":"ImageObject","inLanguage":"pt-BR","@id":"https:\/\/secure.gravatar.com\/avatar\/67d8d39b54ba97ba14d429e77886caa07d1733692959d0f0b17e48572261b638?s=96&d=mm&r=g","url":"https:\/\/secure.gravatar.com\/avatar\/67d8d39b54ba97ba14d429e77886caa07d1733692959d0f0b17e48572261b638?s=96&d=mm&r=g","contentUrl":"https:\/\/secure.gravatar.com\/avatar\/67d8d39b54ba97ba14d429e77886caa07d1733692959d0f0b17e48572261b638?s=96&d=mm&r=g","caption":"Eduardo Sadao"},"url":"https:\/\/blog.deville.com.br\/author\/edu-sadao\/"}]}},"publishpress_future_action":{"enabled":false,"date":"2026-05-08 02:01:21","action":"change-status","newStatus":"draft","terms":[],"taxonomy":"category","extraData":[]},"publishpress_future_workflow_manual_trigger":{"enabledWorkflows":[]},"_links":{"self":[{"href":"https:\/\/blog.deville.com.br\/devillemkt6_json\/wp\/v2\/posts\/1345","targetHints":{"allow":["GET"]}}],"collection":[{"href":"https:\/\/blog.deville.com.br\/devillemkt6_json\/wp\/v2\/posts"}],"about":[{"href":"https:\/\/blog.deville.com.br\/devillemkt6_json\/wp\/v2\/types\/post"}],"author":[{"embeddable":true,"href":"https:\/\/blog.deville.com.br\/devillemkt6_json\/wp\/v2\/users\/2"}],"replies":[{"embeddable":true,"href":"https:\/\/blog.deville.com.br\/devillemkt6_json\/wp\/v2\/comments?post=1345"}],"version-history":[{"count":0,"href":"https:\/\/blog.deville.com.br\/devillemkt6_json\/wp\/v2\/posts\/1345\/revisions"}],"wp:featuredmedia":[{"embeddable":true,"href":"https:\/\/blog.deville.com.br\/devillemkt6_json\/wp\/v2\/media\/759"}],"wp:attachment":[{"href":"https:\/\/blog.deville.com.br\/devillemkt6_json\/wp\/v2\/media?parent=1345"}],"wp:term":[{"taxonomy":"category","embeddable":true,"href":"https:\/\/blog.deville.com.br\/devillemkt6_json\/wp\/v2\/categories?post=1345"},{"taxonomy":"post_tag","embeddable":true,"href":"https:\/\/blog.deville.com.br\/devillemkt6_json\/wp\/v2\/tags?post=1345"}],"curies":[{"name":"wp","href":"https:\/\/api.w.org\/{rel}","templated":true}]}}