{"id":1346,"date":"2023-05-10T14:45:24","date_gmt":"2023-05-10T17:45:24","guid":{"rendered":"https:\/\/deville.perika.cc\/blog\/espacos-de-eventos-do-deville-prime-porto-alegre-o-local-perfeito-para-o-seu-encontro\/"},"modified":"2023-05-10T14:45:24","modified_gmt":"2023-05-10T17:45:24","slug":"espacos-de-eventos-do-deville-prime-porto-alegre-o-local-perfeito-para-o-seu-encontro","status":"publish","type":"post","link":"https:\/\/blog.deville.com.br\/eventos\/espacos-de-eventos-do-deville-prime-porto-alegre-o-local-perfeito-para-o-seu-encontro\/","title":{"rendered":"Espa\u00e7os de Eventos do Deville Prime Porto Alegre: O Local Perfeito para o seu Encontro"},"content":{"rendered":"<p><span data-contrast=\"auto\">Se voc\u00ea est\u00e1 planejando um evento em Porto Alegre, Rio Grande do Sul, e busca um local que ofere\u00e7a alta qualidade, excelente localiza\u00e7\u00e3o e servi\u00e7os de excel\u00eancia, o <a href=\"https:\/\/www.deville.com.br\/hotel-deville-prime-porto-alegre\/eventos-hotel-deville-prime-porto-alegre\" target=\"_blank\" rel=\"noopener\">Centro de Conven\u00e7\u00f5es do Deville Prime Porto Alegre<\/a> \u00e9 a escolha ideal. Com 10 espa\u00e7os para eventos e capacidade para at\u00e9 900 pessoas, esse centro de conven\u00e7\u00f5es est\u00e1 a poucos minutos do Aeroporto Internacional, proporcionando toda a praticidade e sofistica\u00e7\u00e3o para que o seu encontro seja um grande sucesso.<\/span><span data-ccp-props=\"{&quot;201341983&quot;:0,&quot;335559739&quot;:160,&quot;335559740&quot;:259}\">\u00a0<\/span><\/p>\n<p><strong>Infraestrutura de Alto Padr\u00e3o:<\/strong><span data-ccp-props=\"{&quot;201341983&quot;:0,&quot;335559739&quot;:160,&quot;335559740&quot;:259}\">\u00a0<\/span><\/p>\n<p><span data-contrast=\"auto\">O Centro de Conven\u00e7\u00f5es do Deville Prime Porto Alegre conta com uma infraestrutura completa e moderna, projetada para atender a todas as necessidades do seu evento. Com espa\u00e7os vers\u00e1teis e tecnologia de ponta, esse local proporciona o ambiente ideal para confer\u00eancias, reuni\u00f5es corporativas, conven\u00e7\u00f5es e festas com muitos convidados.<\/span><span data-ccp-props=\"{&quot;201341983&quot;:0,&quot;335559739&quot;:160,&quot;335559740&quot;:259}\">\u00a0<\/span><\/p>\n<p><strong>Eventos Sociais e Corporativos:\u00a0<\/strong><\/p>\n<p><span data-contrast=\"auto\">Seja qual for o tipo e o tamanho do seu evento, o Deville Prime Porto Alegre est\u00e1 preparado para atender suas demandas. Desde reuni\u00f5es e pequenos encontros corporativos at\u00e9 grandes conven\u00e7\u00f5es e festas, a equipe especializada est\u00e1 pronta para auxili\u00e1-lo em todos os detalhes. Al\u00e9m disso, o espa\u00e7o oferece uma grande variedade de menus para agradar a todos os paladares.<\/span><span data-ccp-props=\"{&quot;201341983&quot;:0,&quot;335559739&quot;:160,&quot;335559740&quot;:259}\">\u00a0<\/span><\/p>\n<p><strong>Gastronomia Exclusiva:\u00a0<\/strong><\/p>\n<p><span data-contrast=\"auto\">A gastronomia do Deville Prime Porto Alegre \u00e9 um destaque \u00e0 parte. O Restaurante Ventanas oferece pratos famosos da cozinha nacional e internacional em dois ambientes aconchegantes, perfeitos para caf\u00e9 da manh\u00e3, almo\u00e7o, jantar ou eventos especiais. J\u00e1 o Millenium Bar, localizado no lobby, proporciona um ambiente descontra\u00eddo com lareira, mesa de snooker e TV LED 46&#8243;, e oferece um card\u00e1pio completo com destaque para petiscos, cervejas locais e drinks.<\/span><span data-ccp-props=\"{&quot;201341983&quot;:0,&quot;335559739&quot;:160,&quot;335559740&quot;:259}\">\u00a0<\/span><\/p>\n<p><strong>Lazer e Conforto para os Convidados:<\/strong><span data-ccp-props=\"{&quot;201341983&quot;:0,&quot;335559739&quot;:160,&quot;335559740&quot;:259}\">\u00a0<\/span><\/p>\n<p><span data-contrast=\"auto\">Al\u00e9m de excelentes espa\u00e7os para eventos, o Deville Prime Porto Alegre oferece uma estrutura completa de lazer, incluindo piscina externa, academia, quadra poliesportiva, bar e restaurante. Os convidados tamb\u00e9m poder\u00e3o desfrutar da hospedagem em 236 apartamentos e su\u00edtes climatizados, com 6 unidades adaptadas para pessoas com defici\u00eancia. O hotel \u00e9 100% livre de cigarro e ainda \u00e9 Pet Amigo, permitindo que os h\u00f3spedes tragam seus animais de estima\u00e7\u00e3o.<\/span><span data-ccp-props=\"{&quot;201341983&quot;:0,&quot;335559739&quot;:160,&quot;335559740&quot;:259}\">\u00a0<\/span><\/p>\n<p><strong>Entre em Contato e Fa\u00e7a Sua Reserva:\u00a0<\/strong><\/p>\n<p><span data-contrast=\"auto\">Para garantir o sucesso do seu evento no Deville Prime Porto Alegre, entre em contato com a equipe do Centro de Conven\u00e7\u00f5es atrav\u00e9s do telefone <a href=\"tel: +555133735000\">(51) 3373-5000<\/a> ou envie um e-mail para <a href=\"mailto:eventos.poa@deville.com.br\">eventos.poa@deville.com.br<\/a>. Nossa equipe est\u00e1 pronta para oferecer toda a assessoria necess\u00e1ria e tornar o seu encontro inesquec\u00edvel.<\/span><span data-ccp-props=\"{&quot;201341983&quot;:0,&quot;335559739&quot;:160,&quot;335559740&quot;:259}\">\u00a0<\/span><\/p>\n<p><span data-contrast=\"auto\">O <a href=\"https:\/\/www.deville.com.br\/hotel-deville-prime-porto-alegre\/eventos-hotel-deville-prime-porto-alegre\" target=\"_blank\" rel=\"noopener\">Centro de Conven\u00e7\u00f5es do Deville Prime Porto Alegre<\/a> \u00e9 a escolha perfeita para quem busca um local de alto padr\u00e3o, excelente localiza\u00e7\u00e3o e servi\u00e7os de excel\u00eancia para a realiza\u00e7\u00e3o de eventos sociais e corporativos em Porto Alegre. Com espa\u00e7os vers\u00e1teis, gastronomia exclusiva, lazer e conforto para os convidados, esse hotel oferece uma experi\u00eancia \u00fanica e inesquec\u00edvel. N\u00e3o perca tempo, entre em contato e fa\u00e7a a sua reserva hoje mesmo!<\/span><span data-ccp-props=\"{&quot;201341983&quot;:0,&quot;335559739&quot;:160,&quot;335559740&quot;:259}\">\u00a0<\/span><\/p>\n<p><span data-contrast=\"none\">Para ver mais sobre o Deville Prime Porto Alegre, <a href=\"https:\/\/www.deville.com.br\/hotel-deville-prime-porto-alegre\" target=\"_blank\" rel=\"noopener\">clique aqui!<\/a><\/span><span data-ccp-props=\"{&quot;201341983&quot;:0,&quot;335559739&quot;:160,&quot;335559740&quot;:259}\">\u00a0<\/span><\/p>\n","protected":false},"excerpt":{"rendered":"<p>Se voc\u00ea est\u00e1 planejando um evento em Porto Alegre, Rio Grande do Sul, e busca um local que ofere\u00e7a alta qualidade, excelente localiza\u00e7\u00e3o e servi\u00e7os de excel\u00eancia, o Centro de Conven\u00e7\u00f5es do Deville Prime Porto Alegre \u00e9 a escolha ideal. Com 10 espa\u00e7os para eventos e capacidade para at\u00e9 900 pessoas, esse centro de conven\u00e7\u00f5es [&hellip;]<\/p>\n","protected":false},"author":2,"featured_media":222,"comment_status":"open","ping_status":"open","sticky":false,"template":"","format":"standard","meta":{"_acf_changed":false,"footnotes":""},"categories":[68],"tags":[112,114,115,82,116],"class_list":["post-1346","post","type-post","status-publish","format-standard","has-post-thumbnail","hentry","category-eventos","tag-centro-de-convencoes","tag-centro-de-convencoes-deville-prime-porto-alegre","tag-hotel-deville-prime-porto-alegre","tag-porto-alegre","tag-rio-grande-do-sul"],"acf":[],"yoast_head":"<!-- This site is optimized with the Yoast SEO plugin v27.5 - https:\/\/yoast.com\/product\/yoast-seo-wordpress\/ -->\n<title>Espa\u00e7os de Eventos do Deville Prime Porto Alegre: O Local Perfeito para o seu Encontro - Blog Deville<\/title>\n<meta name=\"robots\" content=\"index, follow, max-snippet:-1, max-image-preview:large, max-video-preview:-1\" \/>\n<link rel=\"canonical\" href=\"https:\/\/blog.deville.com.br\/eventos\/espacos-de-eventos-do-deville-prime-porto-alegre-o-local-perfeito-para-o-seu-encontro\/\" \/>\n<meta property=\"og:locale\" content=\"pt_BR\" \/>\n<meta property=\"og:type\" content=\"article\" \/>\n<meta property=\"og:title\" content=\"Espa\u00e7os de Eventos do Deville Prime Porto Alegre: O Local Perfeito para o seu Encontro - Blog Deville\" \/>\n<meta property=\"og:description\" content=\"Se voc\u00ea est\u00e1 planejando um evento em Porto Alegre, Rio Grande do Sul, e busca um local que ofere\u00e7a alta qualidade, excelente localiza\u00e7\u00e3o e servi\u00e7os de excel\u00eancia, o Centro de Conven\u00e7\u00f5es do Deville Prime Porto Alegre \u00e9 a escolha ideal. Com 10 espa\u00e7os para eventos e capacidade para at\u00e9 900 pessoas, esse centro de conven\u00e7\u00f5es [&hellip;]\" \/>\n<meta property=\"og:url\" content=\"https:\/\/blog.deville.com.br\/eventos\/espacos-de-eventos-do-deville-prime-porto-alegre-o-local-perfeito-para-o-seu-encontro\/\" \/>\n<meta property=\"og:site_name\" content=\"Blog Deville\" \/>\n<meta property=\"article:publisher\" content=\"https:\/\/www.facebook.com\/hoteisdeville\/\" \/>\n<meta property=\"article:published_time\" content=\"2023-05-10T17:45:24+00:00\" \/>\n<meta property=\"og:image\" content=\"https:\/\/blog.deville.com.br\/wp-content\/uploads\/2024\/08\/Deville-Prime-Porto-Alegre-Sala-Piratini-I-e-II-Evento-Corporativo.jpg.webp\" \/>\n\t<meta property=\"og:image:width\" content=\"1024\" \/>\n\t<meta property=\"og:image:height\" content=\"1024\" \/>\n\t<meta property=\"og:image:type\" content=\"image\/webp\" \/>\n<meta name=\"author\" content=\"Eduardo Sadao\" \/>\n<meta name=\"twitter:card\" content=\"summary_large_image\" \/>\n<meta name=\"twitter:creator\" content=\"@hoteis_deville\" \/>\n<meta name=\"twitter:site\" content=\"@hoteis_deville\" \/>\n<meta name=\"twitter:label1\" content=\"Escrito por\" \/>\n\t<meta name=\"twitter:data1\" content=\"Eduardo Sadao\" \/>\n\t<meta name=\"twitter:label2\" content=\"Est. tempo de leitura\" \/>\n\t<meta name=\"twitter:data2\" content=\"3 minutos\" \/>\n<script type=\"application\/ld+json\" class=\"yoast-schema-graph\">{\"@context\":\"https:\\\/\\\/schema.org\",\"@graph\":[{\"@type\":\"Article\",\"@id\":\"https:\\\/\\\/blog.deville.com.br\\\/eventos\\\/espacos-de-eventos-do-deville-prime-porto-alegre-o-local-perfeito-para-o-seu-encontro\\\/#article\",\"isPartOf\":{\"@id\":\"https:\\\/\\\/blog.deville.com.br\\\/eventos\\\/espacos-de-eventos-do-deville-prime-porto-alegre-o-local-perfeito-para-o-seu-encontro\\\/\"},\"author\":{\"name\":\"Eduardo Sadao\",\"@id\":\"https:\\\/\\\/blog.deville.com.br\\\/#\\\/schema\\\/person\\\/e5a2d1174f6fa1f4af45e0b1ee5a9b92\"},\"headline\":\"Espa\u00e7os de Eventos do Deville Prime Porto Alegre: O Local Perfeito para o seu Encontro\",\"datePublished\":\"2023-05-10T17:45:24+00:00\",\"mainEntityOfPage\":{\"@id\":\"https:\\\/\\\/blog.deville.com.br\\\/eventos\\\/espacos-de-eventos-do-deville-prime-porto-alegre-o-local-perfeito-para-o-seu-encontro\\\/\"},\"wordCount\":532,\"commentCount\":0,\"publisher\":{\"@id\":\"https:\\\/\\\/blog.deville.com.br\\\/#organization\"},\"image\":{\"@id\":\"https:\\\/\\\/blog.deville.com.br\\\/eventos\\\/espacos-de-eventos-do-deville-prime-porto-alegre-o-local-perfeito-para-o-seu-encontro\\\/#primaryimage\"},\"thumbnailUrl\":\"https:\\\/\\\/blog.deville.com.br\\\/wp-content\\\/uploads\\\/2024\\\/08\\\/Deville-Prime-Porto-Alegre-Sala-Piratini-I-e-II-Evento-Corporativo.jpg.webp\",\"keywords\":[\"Centro de Conven\u00e7\u00f5es\",\"Centro de Conven\u00e7\u00f5es Deville Prime Porto Alegre\",\"Hotel Deville Prime Porto Alegre\",\"Porto Alegre\",\"Rio Grande do Sul\"],\"articleSection\":[\"Eventos\"],\"inLanguage\":\"pt-BR\",\"potentialAction\":[{\"@type\":\"CommentAction\",\"name\":\"Comment\",\"target\":[\"https:\\\/\\\/blog.deville.com.br\\\/eventos\\\/espacos-de-eventos-do-deville-prime-porto-alegre-o-local-perfeito-para-o-seu-encontro\\\/#respond\"]}]},{\"@type\":\"WebPage\",\"@id\":\"https:\\\/\\\/blog.deville.com.br\\\/eventos\\\/espacos-de-eventos-do-deville-prime-porto-alegre-o-local-perfeito-para-o-seu-encontro\\\/\",\"url\":\"https:\\\/\\\/blog.deville.com.br\\\/eventos\\\/espacos-de-eventos-do-deville-prime-porto-alegre-o-local-perfeito-para-o-seu-encontro\\\/\",\"name\":\"Espa\u00e7os de Eventos do Deville Prime Porto Alegre: O Local Perfeito para o seu Encontro - Blog Deville\",\"isPartOf\":{\"@id\":\"https:\\\/\\\/blog.deville.com.br\\\/#website\"},\"primaryImageOfPage\":{\"@id\":\"https:\\\/\\\/blog.deville.com.br\\\/eventos\\\/espacos-de-eventos-do-deville-prime-porto-alegre-o-local-perfeito-para-o-seu-encontro\\\/#primaryimage\"},\"image\":{\"@id\":\"https:\\\/\\\/blog.deville.com.br\\\/eventos\\\/espacos-de-eventos-do-deville-prime-porto-alegre-o-local-perfeito-para-o-seu-encontro\\\/#primaryimage\"},\"thumbnailUrl\":\"https:\\\/\\\/blog.deville.com.br\\\/wp-content\\\/uploads\\\/2024\\\/08\\\/Deville-Prime-Porto-Alegre-Sala-Piratini-I-e-II-Evento-Corporativo.jpg.webp\",\"datePublished\":\"2023-05-10T17:45:24+00:00\",\"breadcrumb\":{\"@id\":\"https:\\\/\\\/blog.deville.com.br\\\/eventos\\\/espacos-de-eventos-do-deville-prime-porto-alegre-o-local-perfeito-para-o-seu-encontro\\\/#breadcrumb\"},\"inLanguage\":\"pt-BR\",\"potentialAction\":[{\"@type\":\"ReadAction\",\"target\":[\"https:\\\/\\\/blog.deville.com.br\\\/eventos\\\/espacos-de-eventos-do-deville-prime-porto-alegre-o-local-perfeito-para-o-seu-encontro\\\/\"]}]},{\"@type\":\"ImageObject\",\"inLanguage\":\"pt-BR\",\"@id\":\"https:\\\/\\\/blog.deville.com.br\\\/eventos\\\/espacos-de-eventos-do-deville-prime-porto-alegre-o-local-perfeito-para-o-seu-encontro\\\/#primaryimage\",\"url\":\"https:\\\/\\\/blog.deville.com.br\\\/wp-content\\\/uploads\\\/2024\\\/08\\\/Deville-Prime-Porto-Alegre-Sala-Piratini-I-e-II-Evento-Corporativo.jpg.webp\",\"contentUrl\":\"https:\\\/\\\/blog.deville.com.br\\\/wp-content\\\/uploads\\\/2024\\\/08\\\/Deville-Prime-Porto-Alegre-Sala-Piratini-I-e-II-Evento-Corporativo.jpg.webp\",\"width\":1024,\"height\":1024,\"caption\":\"Sala Piratini I e II, Hotel Deville Prime Salvador\"},{\"@type\":\"BreadcrumbList\",\"@id\":\"https:\\\/\\\/blog.deville.com.br\\\/eventos\\\/espacos-de-eventos-do-deville-prime-porto-alegre-o-local-perfeito-para-o-seu-encontro\\\/#breadcrumb\",\"itemListElement\":[{\"@type\":\"ListItem\",\"position\":1,\"name\":\"In\u00edcio\",\"item\":\"https:\\\/\\\/blog.deville.com.br\\\/\"},{\"@type\":\"ListItem\",\"position\":2,\"name\":\"Eventos\",\"item\":\"https:\\\/\\\/blog.deville.com.br\\\/eventos\\\/\"},{\"@type\":\"ListItem\",\"position\":3,\"name\":\"Espa\u00e7os de Eventos do Deville Prime Porto Alegre: O Local Perfeito para o seu Encontro\"}]},{\"@type\":\"WebSite\",\"@id\":\"https:\\\/\\\/blog.deville.com.br\\\/#website\",\"url\":\"https:\\\/\\\/blog.deville.com.br\\\/\",\"name\":\"Blog Deville\",\"description\":\"\",\"publisher\":{\"@id\":\"https:\\\/\\\/blog.deville.com.br\\\/#organization\"},\"potentialAction\":[{\"@type\":\"SearchAction\",\"target\":{\"@type\":\"EntryPoint\",\"urlTemplate\":\"https:\\\/\\\/blog.deville.com.br\\\/?s={search_term_string}\"},\"query-input\":{\"@type\":\"PropertyValueSpecification\",\"valueRequired\":true,\"valueName\":\"search_term_string\"}}],\"inLanguage\":\"pt-BR\"},{\"@type\":\"Organization\",\"@id\":\"https:\\\/\\\/blog.deville.com.br\\\/#organization\",\"name\":\"Hot\u00e9is Deville\",\"url\":\"https:\\\/\\\/blog.deville.com.br\\\/\",\"logo\":{\"@type\":\"ImageObject\",\"inLanguage\":\"pt-BR\",\"@id\":\"https:\\\/\\\/blog.deville.com.br\\\/#\\\/schema\\\/logo\\\/image\\\/\",\"url\":\"https:\\\/\\\/blog.deville.com.br\\\/wp-content\\\/uploads\\\/2024\\\/08\\\/Deville_Logo.svg\",\"contentUrl\":\"https:\\\/\\\/blog.deville.com.br\\\/wp-content\\\/uploads\\\/2024\\\/08\\\/Deville_Logo.svg\",\"width\":139,\"height\":50,\"caption\":\"Hot\u00e9is Deville\"},\"image\":{\"@id\":\"https:\\\/\\\/blog.deville.com.br\\\/#\\\/schema\\\/logo\\\/image\\\/\"},\"sameAs\":[\"https:\\\/\\\/www.facebook.com\\\/hoteisdeville\\\/\",\"https:\\\/\\\/x.com\\\/hoteis_deville\",\"https:\\\/\\\/www.instagram.com\\\/hoteisdeville\\\/\",\"https:\\\/\\\/www.linkedin.com\\\/company\\\/hoteis-deville\\\/\"]},{\"@type\":\"Person\",\"@id\":\"https:\\\/\\\/blog.deville.com.br\\\/#\\\/schema\\\/person\\\/e5a2d1174f6fa1f4af45e0b1ee5a9b92\",\"name\":\"Eduardo Sadao\",\"image\":{\"@type\":\"ImageObject\",\"inLanguage\":\"pt-BR\",\"@id\":\"https:\\\/\\\/secure.gravatar.com\\\/avatar\\\/67d8d39b54ba97ba14d429e77886caa07d1733692959d0f0b17e48572261b638?s=96&d=mm&r=g\",\"url\":\"https:\\\/\\\/secure.gravatar.com\\\/avatar\\\/67d8d39b54ba97ba14d429e77886caa07d1733692959d0f0b17e48572261b638?s=96&d=mm&r=g\",\"contentUrl\":\"https:\\\/\\\/secure.gravatar.com\\\/avatar\\\/67d8d39b54ba97ba14d429e77886caa07d1733692959d0f0b17e48572261b638?s=96&d=mm&r=g\",\"caption\":\"Eduardo Sadao\"},\"url\":\"https:\\\/\\\/blog.deville.com.br\\\/author\\\/edu-sadao\\\/\"}]}<\/script>\n<!-- \/ Yoast SEO plugin. -->","yoast_head_json":{"title":"Espa\u00e7os de Eventos do Deville Prime Porto Alegre: O Local Perfeito para o seu Encontro - Blog Deville","robots":{"index":"index","follow":"follow","max-snippet":"max-snippet:-1","max-image-preview":"max-image-preview:large","max-video-preview":"max-video-preview:-1"},"canonical":"https:\/\/blog.deville.com.br\/eventos\/espacos-de-eventos-do-deville-prime-porto-alegre-o-local-perfeito-para-o-seu-encontro\/","og_locale":"pt_BR","og_type":"article","og_title":"Espa\u00e7os de Eventos do Deville Prime Porto Alegre: O Local Perfeito para o seu Encontro - Blog Deville","og_description":"Se voc\u00ea est\u00e1 planejando um evento em Porto Alegre, Rio Grande do Sul, e busca um local que ofere\u00e7a alta qualidade, excelente localiza\u00e7\u00e3o e servi\u00e7os de excel\u00eancia, o Centro de Conven\u00e7\u00f5es do Deville Prime Porto Alegre \u00e9 a escolha ideal. Com 10 espa\u00e7os para eventos e capacidade para at\u00e9 900 pessoas, esse centro de conven\u00e7\u00f5es [&hellip;]","og_url":"https:\/\/blog.deville.com.br\/eventos\/espacos-de-eventos-do-deville-prime-porto-alegre-o-local-perfeito-para-o-seu-encontro\/","og_site_name":"Blog Deville","article_publisher":"https:\/\/www.facebook.com\/hoteisdeville\/","article_published_time":"2023-05-10T17:45:24+00:00","og_image":[{"width":1024,"height":1024,"url":"https:\/\/blog.deville.com.br\/wp-content\/uploads\/2024\/08\/Deville-Prime-Porto-Alegre-Sala-Piratini-I-e-II-Evento-Corporativo.jpg.webp","type":"image\/webp"}],"author":"Eduardo Sadao","twitter_card":"summary_large_image","twitter_creator":"@hoteis_deville","twitter_site":"@hoteis_deville","twitter_misc":{"Escrito por":"Eduardo Sadao","Est. tempo de leitura":"3 minutos"},"schema":{"@context":"https:\/\/schema.org","@graph":[{"@type":"Article","@id":"https:\/\/blog.deville.com.br\/eventos\/espacos-de-eventos-do-deville-prime-porto-alegre-o-local-perfeito-para-o-seu-encontro\/#article","isPartOf":{"@id":"https:\/\/blog.deville.com.br\/eventos\/espacos-de-eventos-do-deville-prime-porto-alegre-o-local-perfeito-para-o-seu-encontro\/"},"author":{"name":"Eduardo Sadao","@id":"https:\/\/blog.deville.com.br\/#\/schema\/person\/e5a2d1174f6fa1f4af45e0b1ee5a9b92"},"headline":"Espa\u00e7os de Eventos do Deville Prime Porto Alegre: O Local Perfeito para o seu Encontro","datePublished":"2023-05-10T17:45:24+00:00","mainEntityOfPage":{"@id":"https:\/\/blog.deville.com.br\/eventos\/espacos-de-eventos-do-deville-prime-porto-alegre-o-local-perfeito-para-o-seu-encontro\/"},"wordCount":532,"commentCount":0,"publisher":{"@id":"https:\/\/blog.deville.com.br\/#organization"},"image":{"@id":"https:\/\/blog.deville.com.br\/eventos\/espacos-de-eventos-do-deville-prime-porto-alegre-o-local-perfeito-para-o-seu-encontro\/#primaryimage"},"thumbnailUrl":"https:\/\/blog.deville.com.br\/wp-content\/uploads\/2024\/08\/Deville-Prime-Porto-Alegre-Sala-Piratini-I-e-II-Evento-Corporativo.jpg.webp","keywords":["Centro de Conven\u00e7\u00f5es","Centro de Conven\u00e7\u00f5es Deville Prime Porto Alegre","Hotel Deville Prime Porto Alegre","Porto Alegre","Rio Grande do Sul"],"articleSection":["Eventos"],"inLanguage":"pt-BR","potentialAction":[{"@type":"CommentAction","name":"Comment","target":["https:\/\/blog.deville.com.br\/eventos\/espacos-de-eventos-do-deville-prime-porto-alegre-o-local-perfeito-para-o-seu-encontro\/#respond"]}]},{"@type":"WebPage","@id":"https:\/\/blog.deville.com.br\/eventos\/espacos-de-eventos-do-deville-prime-porto-alegre-o-local-perfeito-para-o-seu-encontro\/","url":"https:\/\/blog.deville.com.br\/eventos\/espacos-de-eventos-do-deville-prime-porto-alegre-o-local-perfeito-para-o-seu-encontro\/","name":"Espa\u00e7os de Eventos do Deville Prime Porto Alegre: O Local Perfeito para o seu Encontro - Blog Deville","isPartOf":{"@id":"https:\/\/blog.deville.com.br\/#website"},"primaryImageOfPage":{"@id":"https:\/\/blog.deville.com.br\/eventos\/espacos-de-eventos-do-deville-prime-porto-alegre-o-local-perfeito-para-o-seu-encontro\/#primaryimage"},"image":{"@id":"https:\/\/blog.deville.com.br\/eventos\/espacos-de-eventos-do-deville-prime-porto-alegre-o-local-perfeito-para-o-seu-encontro\/#primaryimage"},"thumbnailUrl":"https:\/\/blog.deville.com.br\/wp-content\/uploads\/2024\/08\/Deville-Prime-Porto-Alegre-Sala-Piratini-I-e-II-Evento-Corporativo.jpg.webp","datePublished":"2023-05-10T17:45:24+00:00","breadcrumb":{"@id":"https:\/\/blog.deville.com.br\/eventos\/espacos-de-eventos-do-deville-prime-porto-alegre-o-local-perfeito-para-o-seu-encontro\/#breadcrumb"},"inLanguage":"pt-BR","potentialAction":[{"@type":"ReadAction","target":["https:\/\/blog.deville.com.br\/eventos\/espacos-de-eventos-do-deville-prime-porto-alegre-o-local-perfeito-para-o-seu-encontro\/"]}]},{"@type":"ImageObject","inLanguage":"pt-BR","@id":"https:\/\/blog.deville.com.br\/eventos\/espacos-de-eventos-do-deville-prime-porto-alegre-o-local-perfeito-para-o-seu-encontro\/#primaryimage","url":"https:\/\/blog.deville.com.br\/wp-content\/uploads\/2024\/08\/Deville-Prime-Porto-Alegre-Sala-Piratini-I-e-II-Evento-Corporativo.jpg.webp","contentUrl":"https:\/\/blog.deville.com.br\/wp-content\/uploads\/2024\/08\/Deville-Prime-Porto-Alegre-Sala-Piratini-I-e-II-Evento-Corporativo.jpg.webp","width":1024,"height":1024,"caption":"Sala Piratini I e II, Hotel Deville Prime Salvador"},{"@type":"BreadcrumbList","@id":"https:\/\/blog.deville.com.br\/eventos\/espacos-de-eventos-do-deville-prime-porto-alegre-o-local-perfeito-para-o-seu-encontro\/#breadcrumb","itemListElement":[{"@type":"ListItem","position":1,"name":"In\u00edcio","item":"https:\/\/blog.deville.com.br\/"},{"@type":"ListItem","position":2,"name":"Eventos","item":"https:\/\/blog.deville.com.br\/eventos\/"},{"@type":"ListItem","position":3,"name":"Espa\u00e7os de Eventos do Deville Prime Porto Alegre: O Local Perfeito para o seu Encontro"}]},{"@type":"WebSite","@id":"https:\/\/blog.deville.com.br\/#website","url":"https:\/\/blog.deville.com.br\/","name":"Blog Deville","description":"","publisher":{"@id":"https:\/\/blog.deville.com.br\/#organization"},"potentialAction":[{"@type":"SearchAction","target":{"@type":"EntryPoint","urlTemplate":"https:\/\/blog.deville.com.br\/?s={search_term_string}"},"query-input":{"@type":"PropertyValueSpecification","valueRequired":true,"valueName":"search_term_string"}}],"inLanguage":"pt-BR"},{"@type":"Organization","@id":"https:\/\/blog.deville.com.br\/#organization","name":"Hot\u00e9is Deville","url":"https:\/\/blog.deville.com.br\/","logo":{"@type":"ImageObject","inLanguage":"pt-BR","@id":"https:\/\/blog.deville.com.br\/#\/schema\/logo\/image\/","url":"https:\/\/blog.deville.com.br\/wp-content\/uploads\/2024\/08\/Deville_Logo.svg","contentUrl":"https:\/\/blog.deville.com.br\/wp-content\/uploads\/2024\/08\/Deville_Logo.svg","width":139,"height":50,"caption":"Hot\u00e9is Deville"},"image":{"@id":"https:\/\/blog.deville.com.br\/#\/schema\/logo\/image\/"},"sameAs":["https:\/\/www.facebook.com\/hoteisdeville\/","https:\/\/x.com\/hoteis_deville","https:\/\/www.instagram.com\/hoteisdeville\/","https:\/\/www.linkedin.com\/company\/hoteis-deville\/"]},{"@type":"Person","@id":"https:\/\/blog.deville.com.br\/#\/schema\/person\/e5a2d1174f6fa1f4af45e0b1ee5a9b92","name":"Eduardo Sadao","image":{"@type":"ImageObject","inLanguage":"pt-BR","@id":"https:\/\/secure.gravatar.com\/avatar\/67d8d39b54ba97ba14d429e77886caa07d1733692959d0f0b17e48572261b638?s=96&d=mm&r=g","url":"https:\/\/secure.gravatar.com\/avatar\/67d8d39b54ba97ba14d429e77886caa07d1733692959d0f0b17e48572261b638?s=96&d=mm&r=g","contentUrl":"https:\/\/secure.gravatar.com\/avatar\/67d8d39b54ba97ba14d429e77886caa07d1733692959d0f0b17e48572261b638?s=96&d=mm&r=g","caption":"Eduardo Sadao"},"url":"https:\/\/blog.deville.com.br\/author\/edu-sadao\/"}]}},"publishpress_future_action":{"enabled":false,"date":"2026-05-06 20:53:53","action":"change-status","newStatus":"draft","terms":[],"taxonomy":"category","extraData":[]},"publishpress_future_workflow_manual_trigger":{"enabledWorkflows":[]},"_links":{"self":[{"href":"https:\/\/blog.deville.com.br\/devillemkt6_json\/wp\/v2\/posts\/1346","targetHints":{"allow":["GET"]}}],"collection":[{"href":"https:\/\/blog.deville.com.br\/devillemkt6_json\/wp\/v2\/posts"}],"about":[{"href":"https:\/\/blog.deville.com.br\/devillemkt6_json\/wp\/v2\/types\/post"}],"author":[{"embeddable":true,"href":"https:\/\/blog.deville.com.br\/devillemkt6_json\/wp\/v2\/users\/2"}],"replies":[{"embeddable":true,"href":"https:\/\/blog.deville.com.br\/devillemkt6_json\/wp\/v2\/comments?post=1346"}],"version-history":[{"count":0,"href":"https:\/\/blog.deville.com.br\/devillemkt6_json\/wp\/v2\/posts\/1346\/revisions"}],"wp:featuredmedia":[{"embeddable":true,"href":"https:\/\/blog.deville.com.br\/devillemkt6_json\/wp\/v2\/media\/222"}],"wp:attachment":[{"href":"https:\/\/blog.deville.com.br\/devillemkt6_json\/wp\/v2\/media?parent=1346"}],"wp:term":[{"taxonomy":"category","embeddable":true,"href":"https:\/\/blog.deville.com.br\/devillemkt6_json\/wp\/v2\/categories?post=1346"},{"taxonomy":"post_tag","embeddable":true,"href":"https:\/\/blog.deville.com.br\/devillemkt6_json\/wp\/v2\/tags?post=1346"}],"curies":[{"name":"wp","href":"https:\/\/api.w.org\/{rel}","templated":true}]}}