{"id":2076,"date":"2025-03-24T17:55:14","date_gmt":"2025-03-24T20:55:14","guid":{"rendered":"https:\/\/blog.deville.com.br\/?p=2076"},"modified":"2025-05-22T15:29:53","modified_gmt":"2025-05-22T18:29:53","slug":"curitiba-completa-332-anos-conheca-a-capital-referencia-em-qualidade-de-vida","status":"publish","type":"post","link":"https:\/\/blog.deville.com.br\/concierge-digital\/curitiba-pr\/curitiba-completa-332-anos-conheca-a-capital-referencia-em-qualidade-de-vida\/","title":{"rendered":"Curitiba completa 332 anos: conhe\u00e7a a capital refer\u00eancia em qualidade de vida\u00a0"},"content":{"rendered":"\n<p>No dia 29 de mar\u00e7o de 2025, Curitiba (PR) completa 332 anos, reafirmando sua posi\u00e7\u00e3o como uma das capitais mais organizadas e inovadoras do Brasil. Reconhecida nacional e internacionalmente pelo planejamento urbano exemplar, pela forte presen\u00e7a de \u00e1reas verdes e pela qualidade de vida oferecida aos seus habitantes, a cidade se tornou refer\u00eancia em sustentabilidade e desenvolvimento.&nbsp;<\/p>\n\n\n\n<p>Com 1,9 milh\u00e3o de habitantes, Curitiba \u00e9 a maior cidade do Paran\u00e1 e a oitava mais populosa do Brasil. Seu crescimento econ\u00f4mico, impulsionado pelo setor industrial, tecnol\u00f3gico e de servi\u00e7os, n\u00e3o comprometeu sua voca\u00e7\u00e3o ambiental, sendo constantemente citada como um dos melhores lugares para se viver no pa\u00eds. Al\u00e9m disso, a cidade abriga um dos sistemas de transporte p\u00fablico mais eficientes do mundo e um dos maiores \u00edndices de \u00e1reas verdes por habitante entre as capitais brasileiras.&nbsp;<\/p>\n\n\n\n<h2 class=\"wp-block-heading\"><strong>Uma breve hist\u00f3ria de Curitiba<\/strong>&nbsp;<\/h2>\n\n\n\n<p>A capital do Paran\u00e1 foi fundada oficialmente em 29 de mar\u00e7o de 1693, mas sua hist\u00f3ria come\u00e7ou antes, com os primeiros registros de ocupa\u00e7\u00e3o por ind\u00edgenas da etnia Tingui. O nome da cidade, ali\u00e1s, vem do tupi-guarani: \u201cKur yt yba\u201d que significa \u201cgrande quantidade de pinheiros\u201d, em refer\u00eancia \u00e0s arauc\u00e1rias, \u00e1rvore s\u00edmbolo da regi\u00e3o.&nbsp;<\/p>\n\n\n\n<p>A cidade se desenvolveu inicialmente com o tropeirismo, tornando-se um ponto estrat\u00e9gico de com\u00e9rcio entre as regi\u00f5es Sul e Sudeste do Brasil. No s\u00e9culo XIX, recebeu um grande fluxo de imigrantes europeus, principalmente alem\u00e3es, poloneses, ucranianos e italianos, que deixaram marcas profundas na cultura, arquitetura e gastronomia curitibanas.&nbsp;<\/p>\n\n\n\n<p>No s\u00e9culo XX, Curitiba passou a ser reconhecida por seu urbanismo inovador. Em um per\u00edodo de forte crescimento populacional, adotou um modelo de cidade planejada, priorizando transporte p\u00fablico eficiente e preserva\u00e7\u00e3o ambiental. Hoje, continua sendo um exemplo de equil\u00edbrio entre modernidade e sustentabilidade.&nbsp;<\/p>\n\n\n\n<figure class=\"wp-block-image size-full\"><img fetchpriority=\"high\" decoding=\"async\" width=\"2560\" height=\"1438\" src=\"https:\/\/blog.deville.com.br\/wp-content\/uploads\/2025\/03\/AdobeStock_585983995-scaled.jpeg\" alt=\"\" class=\"wp-image-2401\" srcset=\"https:\/\/blog.deville.com.br\/wp-content\/uploads\/2025\/03\/AdobeStock_585983995-scaled.jpeg 2560w, https:\/\/blog.deville.com.br\/wp-content\/uploads\/2025\/03\/AdobeStock_585983995-300x169.jpeg 300w, https:\/\/blog.deville.com.br\/wp-content\/uploads\/2025\/03\/AdobeStock_585983995-1024x575.jpeg 1024w, https:\/\/blog.deville.com.br\/wp-content\/uploads\/2025\/03\/AdobeStock_585983995-768x432.jpeg 768w, https:\/\/blog.deville.com.br\/wp-content\/uploads\/2025\/03\/AdobeStock_585983995-1536x863.jpeg 1536w, https:\/\/blog.deville.com.br\/wp-content\/uploads\/2025\/03\/AdobeStock_585983995-2048x1151.jpeg 2048w\" sizes=\"(max-width: 2560px) 100vw, 2560px\" \/><\/figure>\n\n\n\n<p class=\"has-text-align-center has-small-font-size\">Vista a\u00e9rea da famosa estufa no Jardim Bot\u00e2nico de Curitiba (Fonte: Adobe Stock\/Reprodu\u00e7\u00e3o)<\/p>\n\n\n\n<h2 class=\"wp-block-heading\"><strong>Jardim Bot\u00e2nico: o cart\u00e3o-postal curitibano<\/strong>&nbsp;<\/h2>\n\n\n\n<p>Entre os in\u00fameros atrativos da cidade, o Jardim Bot\u00e2nico de Curitiba se destaca como o ponto tur\u00edstico mais visitado da capital paranaense. Inaugurado em 1991, o espa\u00e7o rapidamente se tornou um dos s\u00edmbolos da cidade e um dos jardins bot\u00e2nicos mais famosos do Brasil.&nbsp;<\/p>\n\n\n\n<p>Sua estrutura mais ic\u00f4nica \u00e9 a estufa de vidro, inspirada nos pal\u00e1cios de cristal europeus do s\u00e9culo XIX. Com 458 m\u00b2, abriga esp\u00e9cies da Mata Atl\u00e2ntica, proporcionando um ambiente de preserva\u00e7\u00e3o e pesquisa cient\u00edfica. Mas o Jardim Bot\u00e2nico vai muito al\u00e9m da sua estufa.&nbsp;<\/p>\n\n\n\n<p>A seguir, descubra outros pontos interessantes sobre o Jardim Bot\u00e2nico de Curitiba:&nbsp;<\/p>\n\n\n\n<ul class=\"wp-block-list\">\n<li>O jardim abriga o Museu Bot\u00e2nico, que possui um dos maiores herb\u00e1rios do Brasil, com mais de 400 mil exemplares de plantas catalogadas.&nbsp;<\/li>\n<\/ul>\n\n\n\n<ul class=\"wp-block-list\">\n<li>O Jardim das Sensa\u00e7\u00f5es \u00e9 uma das \u00e1reas mais diferenciadas do parque, permitindo que visitantes explorem plantas por meio do toque e do aroma, muitas vezes de olhos vendados.&nbsp;<\/li>\n<\/ul>\n\n\n\n<ul class=\"wp-block-list\">\n<li>O local tamb\u00e9m conta com um grande lago, trilhas e uma fonte d\u2019\u00e1gua, sendo um dos espa\u00e7os mais fotografados da cidade.&nbsp;<\/li>\n<\/ul>\n\n\n\n<ul class=\"wp-block-list\">\n<li>O Jardim Bot\u00e2nico foi projetado para ser um centro de estudos e conserva\u00e7\u00e3o, contribuindo para pesquisas sobre esp\u00e9cies amea\u00e7adas da flora brasileira.&nbsp;<\/li>\n<\/ul>\n\n\n\n<p>Al\u00e9m do turismo, o espa\u00e7o \u00e9 muito utilizado por curitibanos para pr\u00e1tica de atividades ao ar livre, como caminhadas e piqueniques, sendo um dos lugares mais visitados da cidade.&nbsp;<\/p>\n\n\n\n<h2 class=\"wp-block-heading\"><strong>Curiosidades sobre Curitiba<\/strong>&nbsp;<\/h2>\n\n\n\n<p>Se interessou pela capital paranaense? Veja mais algumas curiosidades que podem te convencer a escolher Curitiba como o seu pr\u00f3ximo destino:&nbsp;<\/p>\n\n\n\n<ul class=\"wp-block-list\">\n<li>Curitiba j\u00e1 foi eleita a cidade mais sustent\u00e1vel da Am\u00e9rica Latina, segundo a Siemens.&nbsp;<\/li>\n<\/ul>\n\n\n\n<ul class=\"wp-block-list\">\n<li>O munic\u00edpio possui mais de 30 parques e bosques urbanos, garantindo um dos maiores \u00edndices de \u00e1rea verde por habitante do Brasil.&nbsp;<\/li>\n<\/ul>\n\n\n\n<ul class=\"wp-block-list\">\n<li>O tradicional pinh\u00e3o, semente da arauc\u00e1ria, \u00e9 um dos alimentos mais consumidos na regi\u00e3o, especialmente no inverno.&nbsp;<\/li>\n<\/ul>\n\n\n\n<ul class=\"wp-block-list\">\n<li>Curitiba tem um dos invernos mais frios entre as capitais brasileiras, com temperaturas que frequentemente chegam perto de 0\u00b0C.&nbsp;<\/li>\n<\/ul>\n\n\n\n<ul class=\"wp-block-list\">\n<li>O sistema de transporte BRT (Bus Rapid Transit) da cidade serviu de modelo para metr\u00f3poles ao redor do mundo, como Bogot\u00e1 e Nova York.&nbsp;<\/li>\n<\/ul>\n\n\n\n<ul class=\"wp-block-list\">\n<li>O cal\u00e7ad\u00e3o da Rua XV de Novembro, conhecido como Rua das Flores, foi o primeiro do Brasil a ser exclusivo para pedestres.\u00a0<\/li>\n<\/ul>\n\n\n\n<h2 class=\"wp-block-heading\"><strong>O que fazer em Curitiba<\/strong>&nbsp;<\/h2>\n\n\n\n<p>A maior cidade do Paran\u00e1 oferece uma ampla variedade de atra\u00e7\u00f5es para turistas e moradores que desejam explorar sua cultura e belezas naturais. Al\u00e9m do Jardim Bot\u00e2nico, outros pontos tur\u00edsticos imperd\u00edveis s\u00e3o:&nbsp;<\/p>\n\n\n\n<ul class=\"wp-block-list\">\n<li><strong>\u00d3pera de Arame<\/strong>: uma das constru\u00e7\u00f5es mais impressionantes da cidade, feita inteiramente em estrutura met\u00e1lica e cercada por um lago e vegeta\u00e7\u00e3o nativa.&nbsp;<\/li>\n<\/ul>\n\n\n\n<ul class=\"wp-block-list\">\n<li><strong>Museu Oscar Niemeyer (MON)<\/strong>: tamb\u00e9m chamado de &#8220;Museu do Olho&#8221;, \u00e9 um dos maiores museus de arte da Am\u00e9rica Latina e um marco da arquitetura moderna.&nbsp;<\/li>\n<\/ul>\n\n\n\n<ul class=\"wp-block-list\">\n<li><strong>Parque Tangu\u00e1<\/strong>: conhecido por seu mirante que oferece uma vista panor\u00e2mica incr\u00edvel da cidade e um p\u00f4r do sol inesquec\u00edvel.&nbsp;<\/li>\n<\/ul>\n\n\n\n<ul class=\"wp-block-list\">\n<li><strong>Bosque Alem\u00e3o<\/strong>: um dos parques mais charmosos de Curitiba, com uma trilha inspirada no conto de Jo\u00e3o e Maria.&nbsp;<\/li>\n<\/ul>\n\n\n\n<ul class=\"wp-block-list\">\n<li><strong>Largo da Ordem<\/strong>: centro hist\u00f3rico da cidade, onde acontece a tradicional Feira do Largo aos domingos, com artesanato, gastronomia e apresenta\u00e7\u00f5es culturais.&nbsp;<\/li>\n<\/ul>\n\n\n\n<ul class=\"wp-block-list\">\n<li><strong>Linha Turismo<\/strong>: um \u00f4nibus especial que percorre os principais pontos tur\u00edsticos da cidade, ideal para quem deseja conhecer Curitiba de forma pr\u00e1tica.&nbsp;<\/li>\n<\/ul>\n\n\n\n<figure class=\"wp-block-image size-full\"><img decoding=\"async\" width=\"2550\" height=\"1700\" src=\"https:\/\/blog.deville.com.br\/wp-content\/uploads\/2025\/03\/AdobeStock_475144085_Editorial_Use_Only.jpeg\" alt=\"\" class=\"wp-image-2403\" srcset=\"https:\/\/blog.deville.com.br\/wp-content\/uploads\/2025\/03\/AdobeStock_475144085_Editorial_Use_Only.jpeg 2550w, https:\/\/blog.deville.com.br\/wp-content\/uploads\/2025\/03\/AdobeStock_475144085_Editorial_Use_Only-300x200.jpeg 300w, https:\/\/blog.deville.com.br\/wp-content\/uploads\/2025\/03\/AdobeStock_475144085_Editorial_Use_Only-1024x683.jpeg 1024w, https:\/\/blog.deville.com.br\/wp-content\/uploads\/2025\/03\/AdobeStock_475144085_Editorial_Use_Only-768x512.jpeg 768w, https:\/\/blog.deville.com.br\/wp-content\/uploads\/2025\/03\/AdobeStock_475144085_Editorial_Use_Only-1536x1024.jpeg 1536w, https:\/\/blog.deville.com.br\/wp-content\/uploads\/2025\/03\/AdobeStock_475144085_Editorial_Use_Only-2048x1365.jpeg 2048w\" sizes=\"(max-width: 2550px) 100vw, 2550px\" \/><\/figure>\n\n\n\n<p class=\"has-text-align-center has-small-font-size\">Museu Oscar Niemeyer com formato de olho, dando raz\u00e3o ao seu outro nome \u201cMuseu do Olho\u201d (Fonte: Adobe Stock\/Reprodu\u00e7\u00e3o)<\/p>\n\n\n\n<h2 class=\"wp-block-heading\"><strong>Seu ponto de partida: descanse no Deville Curitiba<\/strong>\u00a0<\/h2>\n\n\n\n<p>Para quem visita Curitiba, seja a lazer ou a neg\u00f3cios, o <a href=\"https:\/\/www.deville.com.br\/hotel-deville-business-curitiba\" target=\"_blank\" rel=\"noreferrer noopener\"><strong>Deville Curitiba<\/strong><\/a> \u00e9 a op\u00e7\u00e3o ideal para uma estadia confort\u00e1vel e pr\u00e1tica. Localizado no cora\u00e7\u00e3o da cidade, o hotel oferece f\u00e1cil acesso \u00e0s principais atra\u00e7\u00f5es tur\u00edsticas, centros empresariais e gastron\u00f4micos, permitindo que os h\u00f3spedes aproveitem ao m\u00e1ximo a capital paranaense.&nbsp;<\/p>\n\n\n\n<p>O que torna o <a href=\"https:\/\/www.instagram.com\/devillecuritiba\/\" target=\"_blank\" rel=\"noreferrer noopener\">Deville Curitiba<\/a> um dos hot\u00e9is mais tradicionais da cidade?&nbsp;<\/p>\n\n\n\n<ul class=\"wp-block-list\">\n<li><strong>Acomoda\u00e7\u00f5es aconchegantes<\/strong>: quartos amplos e bem equipados, com Wi-Fi, TV a cabo, servi\u00e7o de quarto 24h e camas que garantem uma noite de sono tranquila.&nbsp;<\/li>\n<\/ul>\n\n\n\n<ul class=\"wp-block-list\">\n<li><strong>Gastronomia de excel\u00eancia<\/strong>: o restaurante do hotel apresenta um card\u00e1pio variado, combinando sabores regionais e internacionais em pratos cuidadosamente preparados. O caf\u00e9 da manh\u00e3 \u00e9 um dos destaques, com uma sele\u00e7\u00e3o completa de p\u00e3es, frutas e op\u00e7\u00f5es quentes para come\u00e7ar bem o dia.&nbsp;<\/li>\n<\/ul>\n\n\n\n<ul class=\"wp-block-list\">\n<li><strong>Estrutura completa para todos os perfis de viajantes<\/strong>: seja para quem busca relaxamento ou produtividade, o hotel conta com academia, salas de eventos, ambientes de conviv\u00eancia e um atendimento conhecido por sua qualidade.&nbsp;<\/li>\n<\/ul>\n\n\n\n<ul class=\"wp-block-list\">\n<li><strong>Localiza\u00e7\u00e3o estrat\u00e9gica<\/strong>: pr\u00f3ximo a pontos tur\u00edsticos como o Jardim Bot\u00e2nico, a \u00d3pera de Arame e o Centro Hist\u00f3rico, o hotel tamb\u00e9m est\u00e1 cercado por restaurantes, shoppings e espa\u00e7os culturais.&nbsp;<\/li>\n<\/ul>\n\n\n\n<p>Curitiba est\u00e1 sempre se reinventando e surpreendendo quem a visita. Com sua arquitetura ic\u00f4nica e diferentes parques, a cidade \u00e9 o destino perfeito para explorar hist\u00f3ria, cultura e alta gastronomia.&nbsp;&nbsp;<\/p>\n\n\n\n<p>Aproveite o anivers\u00e1rio de 332 anos de Curitiba e venha conhecer tudo o que a capital paranaense tem a oferecer. Para garantir sua hospedagem no Deville Curitiba, <a href=\"https:\/\/www.deville.com.br\/hotel-deville-business-curitiba\" target=\"_blank\" rel=\"noreferrer noopener\">basta acessar o nosso site<\/a>.&nbsp;<\/p>\n\n\n\n<p><\/p>\n","protected":false},"excerpt":{"rendered":"<p>No dia 29 de mar\u00e7o de 2025, Curitiba (PR) completa 332 anos, reafirmando sua posi\u00e7\u00e3o como uma das capitais mais organizadas e inovadoras do Brasil. Reconhecida nacional e internacionalmente pelo planejamento urbano exemplar, pela forte presen\u00e7a de \u00e1reas verdes e pela qualidade de vida oferecida aos seus habitantes, a cidade se tornou refer\u00eancia em sustentabilidade [&hellip;]<\/p>\n","protected":false},"author":2,"featured_media":2134,"comment_status":"open","ping_status":"open","sticky":false,"template":"","format":"standard","meta":{"_acf_changed":false,"footnotes":""},"categories":[39,135,3,5],"tags":[83,56],"class_list":["post-2076","post","type-post","status-publish","format-standard","has-post-thumbnail","hentry","category-cultura","category-curitiba-pr","category-destinos","category-viagens","tag-curitiba","tag-turismo"],"acf":[],"yoast_head":"<!-- This site is optimized with the Yoast SEO plugin v27.5 - https:\/\/yoast.com\/product\/yoast-seo-wordpress\/ -->\n<title>Anivers\u00e1rio de Curitiba: curiosidades sobre os 332 anos da cidade<\/title>\n<meta name=\"description\" content=\"Meta-descri\u00e7\u00e3o: Curitiba completa hoje 332 anos. Saiba mais sobre essa cidade repleta de hist\u00f3ria, curiosidades, inova\u00e7\u00e3o e \u00e1reas verdes.\" \/>\n<meta name=\"robots\" content=\"index, follow, max-snippet:-1, max-image-preview:large, max-video-preview:-1\" \/>\n<link rel=\"canonical\" href=\"https:\/\/blog.deville.com.br\/concierge-digital\/curitiba-pr\/curitiba-completa-332-anos-conheca-a-capital-referencia-em-qualidade-de-vida\/\" \/>\n<meta property=\"og:locale\" content=\"pt_BR\" \/>\n<meta property=\"og:type\" content=\"article\" \/>\n<meta property=\"og:title\" content=\"Anivers\u00e1rio de Curitiba: curiosidades sobre os 332 anos da cidade\" \/>\n<meta property=\"og:description\" content=\"Meta-descri\u00e7\u00e3o: Curitiba completa hoje 332 anos. Saiba mais sobre essa cidade repleta de hist\u00f3ria, curiosidades, inova\u00e7\u00e3o e \u00e1reas verdes.\" \/>\n<meta property=\"og:url\" content=\"https:\/\/blog.deville.com.br\/concierge-digital\/curitiba-pr\/curitiba-completa-332-anos-conheca-a-capital-referencia-em-qualidade-de-vida\/\" \/>\n<meta property=\"og:site_name\" content=\"Blog Deville\" \/>\n<meta property=\"article:publisher\" content=\"https:\/\/www.facebook.com\/hoteisdeville\/\" \/>\n<meta property=\"article:published_time\" content=\"2025-03-24T20:55:14+00:00\" \/>\n<meta property=\"article:modified_time\" content=\"2025-05-22T18:29:53+00:00\" \/>\n<meta property=\"og:image\" content=\"https:\/\/blog.deville.com.br\/wp-content\/uploads\/2025\/03\/jardim-botanico-curitiba-estado-do-parana-brasil_74692-197.png\" \/>\n\t<meta property=\"og:image:width\" content=\"626\" \/>\n\t<meta property=\"og:image:height\" content=\"417\" \/>\n\t<meta property=\"og:image:type\" content=\"image\/png\" \/>\n<meta name=\"author\" content=\"Eduardo Sadao\" \/>\n<meta name=\"twitter:card\" content=\"summary_large_image\" \/>\n<meta name=\"twitter:creator\" content=\"@hoteis_deville\" \/>\n<meta name=\"twitter:site\" content=\"@hoteis_deville\" \/>\n<meta name=\"twitter:label1\" content=\"Escrito por\" \/>\n\t<meta name=\"twitter:data1\" content=\"Eduardo Sadao\" \/>\n\t<meta name=\"twitter:label2\" content=\"Est. tempo de leitura\" \/>\n\t<meta name=\"twitter:data2\" content=\"7 minutos\" \/>\n<script type=\"application\/ld+json\" class=\"yoast-schema-graph\">{\"@context\":\"https:\\\/\\\/schema.org\",\"@graph\":[{\"@type\":\"Article\",\"@id\":\"https:\\\/\\\/blog.deville.com.br\\\/concierge-digital\\\/curitiba-pr\\\/curitiba-completa-332-anos-conheca-a-capital-referencia-em-qualidade-de-vida\\\/#article\",\"isPartOf\":{\"@id\":\"https:\\\/\\\/blog.deville.com.br\\\/concierge-digital\\\/curitiba-pr\\\/curitiba-completa-332-anos-conheca-a-capital-referencia-em-qualidade-de-vida\\\/\"},\"author\":{\"name\":\"Eduardo Sadao\",\"@id\":\"https:\\\/\\\/blog.deville.com.br\\\/#\\\/schema\\\/person\\\/e5a2d1174f6fa1f4af45e0b1ee5a9b92\"},\"headline\":\"Curitiba completa 332 anos: conhe\u00e7a a capital refer\u00eancia em qualidade de vida\u00a0\",\"datePublished\":\"2025-03-24T20:55:14+00:00\",\"dateModified\":\"2025-05-22T18:29:53+00:00\",\"mainEntityOfPage\":{\"@id\":\"https:\\\/\\\/blog.deville.com.br\\\/concierge-digital\\\/curitiba-pr\\\/curitiba-completa-332-anos-conheca-a-capital-referencia-em-qualidade-de-vida\\\/\"},\"wordCount\":1287,\"commentCount\":0,\"publisher\":{\"@id\":\"https:\\\/\\\/blog.deville.com.br\\\/#organization\"},\"image\":{\"@id\":\"https:\\\/\\\/blog.deville.com.br\\\/concierge-digital\\\/curitiba-pr\\\/curitiba-completa-332-anos-conheca-a-capital-referencia-em-qualidade-de-vida\\\/#primaryimage\"},\"thumbnailUrl\":\"https:\\\/\\\/blog.deville.com.br\\\/wp-content\\\/uploads\\\/2025\\\/03\\\/jardim-botanico-curitiba-estado-do-parana-brasil_74692-197.png\",\"keywords\":[\"Curitiba\",\"Turismo\"],\"articleSection\":[\"Cultura\",\"Curitiba (PR)\",\"Destinos\",\"Viagens\"],\"inLanguage\":\"pt-BR\",\"potentialAction\":[{\"@type\":\"CommentAction\",\"name\":\"Comment\",\"target\":[\"https:\\\/\\\/blog.deville.com.br\\\/concierge-digital\\\/curitiba-pr\\\/curitiba-completa-332-anos-conheca-a-capital-referencia-em-qualidade-de-vida\\\/#respond\"]}]},{\"@type\":\"WebPage\",\"@id\":\"https:\\\/\\\/blog.deville.com.br\\\/concierge-digital\\\/curitiba-pr\\\/curitiba-completa-332-anos-conheca-a-capital-referencia-em-qualidade-de-vida\\\/\",\"url\":\"https:\\\/\\\/blog.deville.com.br\\\/concierge-digital\\\/curitiba-pr\\\/curitiba-completa-332-anos-conheca-a-capital-referencia-em-qualidade-de-vida\\\/\",\"name\":\"Anivers\u00e1rio de Curitiba: curiosidades sobre os 332 anos da cidade\",\"isPartOf\":{\"@id\":\"https:\\\/\\\/blog.deville.com.br\\\/#website\"},\"primaryImageOfPage\":{\"@id\":\"https:\\\/\\\/blog.deville.com.br\\\/concierge-digital\\\/curitiba-pr\\\/curitiba-completa-332-anos-conheca-a-capital-referencia-em-qualidade-de-vida\\\/#primaryimage\"},\"image\":{\"@id\":\"https:\\\/\\\/blog.deville.com.br\\\/concierge-digital\\\/curitiba-pr\\\/curitiba-completa-332-anos-conheca-a-capital-referencia-em-qualidade-de-vida\\\/#primaryimage\"},\"thumbnailUrl\":\"https:\\\/\\\/blog.deville.com.br\\\/wp-content\\\/uploads\\\/2025\\\/03\\\/jardim-botanico-curitiba-estado-do-parana-brasil_74692-197.png\",\"datePublished\":\"2025-03-24T20:55:14+00:00\",\"dateModified\":\"2025-05-22T18:29:53+00:00\",\"description\":\"Meta-descri\u00e7\u00e3o: Curitiba completa hoje 332 anos. Saiba mais sobre essa cidade repleta de hist\u00f3ria, curiosidades, inova\u00e7\u00e3o e \u00e1reas verdes.\",\"breadcrumb\":{\"@id\":\"https:\\\/\\\/blog.deville.com.br\\\/concierge-digital\\\/curitiba-pr\\\/curitiba-completa-332-anos-conheca-a-capital-referencia-em-qualidade-de-vida\\\/#breadcrumb\"},\"inLanguage\":\"pt-BR\",\"potentialAction\":[{\"@type\":\"ReadAction\",\"target\":[\"https:\\\/\\\/blog.deville.com.br\\\/concierge-digital\\\/curitiba-pr\\\/curitiba-completa-332-anos-conheca-a-capital-referencia-em-qualidade-de-vida\\\/\"]}]},{\"@type\":\"ImageObject\",\"inLanguage\":\"pt-BR\",\"@id\":\"https:\\\/\\\/blog.deville.com.br\\\/concierge-digital\\\/curitiba-pr\\\/curitiba-completa-332-anos-conheca-a-capital-referencia-em-qualidade-de-vida\\\/#primaryimage\",\"url\":\"https:\\\/\\\/blog.deville.com.br\\\/wp-content\\\/uploads\\\/2025\\\/03\\\/jardim-botanico-curitiba-estado-do-parana-brasil_74692-197.png\",\"contentUrl\":\"https:\\\/\\\/blog.deville.com.br\\\/wp-content\\\/uploads\\\/2025\\\/03\\\/jardim-botanico-curitiba-estado-do-parana-brasil_74692-197.png\",\"width\":626,\"height\":417},{\"@type\":\"BreadcrumbList\",\"@id\":\"https:\\\/\\\/blog.deville.com.br\\\/concierge-digital\\\/curitiba-pr\\\/curitiba-completa-332-anos-conheca-a-capital-referencia-em-qualidade-de-vida\\\/#breadcrumb\",\"itemListElement\":[{\"@type\":\"ListItem\",\"position\":1,\"name\":\"In\u00edcio\",\"item\":\"https:\\\/\\\/blog.deville.com.br\\\/\"},{\"@type\":\"ListItem\",\"position\":2,\"name\":\"Concierge Digital\",\"item\":\"https:\\\/\\\/blog.deville.com.br\\\/concierge-digital\\\/\"},{\"@type\":\"ListItem\",\"position\":3,\"name\":\"Curitiba (PR)\",\"item\":\"https:\\\/\\\/blog.deville.com.br\\\/concierge-digital\\\/curitiba-pr\\\/\"},{\"@type\":\"ListItem\",\"position\":4,\"name\":\"Curitiba completa 332 anos: conhe\u00e7a a capital refer\u00eancia em qualidade de vida\u00a0\"}]},{\"@type\":\"WebSite\",\"@id\":\"https:\\\/\\\/blog.deville.com.br\\\/#website\",\"url\":\"https:\\\/\\\/blog.deville.com.br\\\/\",\"name\":\"Blog Deville\",\"description\":\"\",\"publisher\":{\"@id\":\"https:\\\/\\\/blog.deville.com.br\\\/#organization\"},\"potentialAction\":[{\"@type\":\"SearchAction\",\"target\":{\"@type\":\"EntryPoint\",\"urlTemplate\":\"https:\\\/\\\/blog.deville.com.br\\\/?s={search_term_string}\"},\"query-input\":{\"@type\":\"PropertyValueSpecification\",\"valueRequired\":true,\"valueName\":\"search_term_string\"}}],\"inLanguage\":\"pt-BR\"},{\"@type\":\"Organization\",\"@id\":\"https:\\\/\\\/blog.deville.com.br\\\/#organization\",\"name\":\"Hot\u00e9is Deville\",\"url\":\"https:\\\/\\\/blog.deville.com.br\\\/\",\"logo\":{\"@type\":\"ImageObject\",\"inLanguage\":\"pt-BR\",\"@id\":\"https:\\\/\\\/blog.deville.com.br\\\/#\\\/schema\\\/logo\\\/image\\\/\",\"url\":\"https:\\\/\\\/blog.deville.com.br\\\/wp-content\\\/uploads\\\/2024\\\/08\\\/Deville_Logo.svg\",\"contentUrl\":\"https:\\\/\\\/blog.deville.com.br\\\/wp-content\\\/uploads\\\/2024\\\/08\\\/Deville_Logo.svg\",\"width\":139,\"height\":50,\"caption\":\"Hot\u00e9is Deville\"},\"image\":{\"@id\":\"https:\\\/\\\/blog.deville.com.br\\\/#\\\/schema\\\/logo\\\/image\\\/\"},\"sameAs\":[\"https:\\\/\\\/www.facebook.com\\\/hoteisdeville\\\/\",\"https:\\\/\\\/x.com\\\/hoteis_deville\",\"https:\\\/\\\/www.instagram.com\\\/hoteisdeville\\\/\",\"https:\\\/\\\/www.linkedin.com\\\/company\\\/hoteis-deville\\\/\"]},{\"@type\":\"Person\",\"@id\":\"https:\\\/\\\/blog.deville.com.br\\\/#\\\/schema\\\/person\\\/e5a2d1174f6fa1f4af45e0b1ee5a9b92\",\"name\":\"Eduardo Sadao\",\"image\":{\"@type\":\"ImageObject\",\"inLanguage\":\"pt-BR\",\"@id\":\"https:\\\/\\\/secure.gravatar.com\\\/avatar\\\/67d8d39b54ba97ba14d429e77886caa07d1733692959d0f0b17e48572261b638?s=96&d=mm&r=g\",\"url\":\"https:\\\/\\\/secure.gravatar.com\\\/avatar\\\/67d8d39b54ba97ba14d429e77886caa07d1733692959d0f0b17e48572261b638?s=96&d=mm&r=g\",\"contentUrl\":\"https:\\\/\\\/secure.gravatar.com\\\/avatar\\\/67d8d39b54ba97ba14d429e77886caa07d1733692959d0f0b17e48572261b638?s=96&d=mm&r=g\",\"caption\":\"Eduardo Sadao\"},\"url\":\"https:\\\/\\\/blog.deville.com.br\\\/author\\\/edu-sadao\\\/\"}]}<\/script>\n<!-- \/ Yoast SEO plugin. -->","yoast_head_json":{"title":"Anivers\u00e1rio de Curitiba: curiosidades sobre os 332 anos da cidade","description":"Meta-descri\u00e7\u00e3o: Curitiba completa hoje 332 anos. Saiba mais sobre essa cidade repleta de hist\u00f3ria, curiosidades, inova\u00e7\u00e3o e \u00e1reas verdes.","robots":{"index":"index","follow":"follow","max-snippet":"max-snippet:-1","max-image-preview":"max-image-preview:large","max-video-preview":"max-video-preview:-1"},"canonical":"https:\/\/blog.deville.com.br\/concierge-digital\/curitiba-pr\/curitiba-completa-332-anos-conheca-a-capital-referencia-em-qualidade-de-vida\/","og_locale":"pt_BR","og_type":"article","og_title":"Anivers\u00e1rio de Curitiba: curiosidades sobre os 332 anos da cidade","og_description":"Meta-descri\u00e7\u00e3o: Curitiba completa hoje 332 anos. Saiba mais sobre essa cidade repleta de hist\u00f3ria, curiosidades, inova\u00e7\u00e3o e \u00e1reas verdes.","og_url":"https:\/\/blog.deville.com.br\/concierge-digital\/curitiba-pr\/curitiba-completa-332-anos-conheca-a-capital-referencia-em-qualidade-de-vida\/","og_site_name":"Blog Deville","article_publisher":"https:\/\/www.facebook.com\/hoteisdeville\/","article_published_time":"2025-03-24T20:55:14+00:00","article_modified_time":"2025-05-22T18:29:53+00:00","og_image":[{"width":626,"height":417,"url":"https:\/\/blog.deville.com.br\/wp-content\/uploads\/2025\/03\/jardim-botanico-curitiba-estado-do-parana-brasil_74692-197.png","type":"image\/png"}],"author":"Eduardo Sadao","twitter_card":"summary_large_image","twitter_creator":"@hoteis_deville","twitter_site":"@hoteis_deville","twitter_misc":{"Escrito por":"Eduardo Sadao","Est. tempo de leitura":"7 minutos"},"schema":{"@context":"https:\/\/schema.org","@graph":[{"@type":"Article","@id":"https:\/\/blog.deville.com.br\/concierge-digital\/curitiba-pr\/curitiba-completa-332-anos-conheca-a-capital-referencia-em-qualidade-de-vida\/#article","isPartOf":{"@id":"https:\/\/blog.deville.com.br\/concierge-digital\/curitiba-pr\/curitiba-completa-332-anos-conheca-a-capital-referencia-em-qualidade-de-vida\/"},"author":{"name":"Eduardo Sadao","@id":"https:\/\/blog.deville.com.br\/#\/schema\/person\/e5a2d1174f6fa1f4af45e0b1ee5a9b92"},"headline":"Curitiba completa 332 anos: conhe\u00e7a a capital refer\u00eancia em qualidade de vida\u00a0","datePublished":"2025-03-24T20:55:14+00:00","dateModified":"2025-05-22T18:29:53+00:00","mainEntityOfPage":{"@id":"https:\/\/blog.deville.com.br\/concierge-digital\/curitiba-pr\/curitiba-completa-332-anos-conheca-a-capital-referencia-em-qualidade-de-vida\/"},"wordCount":1287,"commentCount":0,"publisher":{"@id":"https:\/\/blog.deville.com.br\/#organization"},"image":{"@id":"https:\/\/blog.deville.com.br\/concierge-digital\/curitiba-pr\/curitiba-completa-332-anos-conheca-a-capital-referencia-em-qualidade-de-vida\/#primaryimage"},"thumbnailUrl":"https:\/\/blog.deville.com.br\/wp-content\/uploads\/2025\/03\/jardim-botanico-curitiba-estado-do-parana-brasil_74692-197.png","keywords":["Curitiba","Turismo"],"articleSection":["Cultura","Curitiba (PR)","Destinos","Viagens"],"inLanguage":"pt-BR","potentialAction":[{"@type":"CommentAction","name":"Comment","target":["https:\/\/blog.deville.com.br\/concierge-digital\/curitiba-pr\/curitiba-completa-332-anos-conheca-a-capital-referencia-em-qualidade-de-vida\/#respond"]}]},{"@type":"WebPage","@id":"https:\/\/blog.deville.com.br\/concierge-digital\/curitiba-pr\/curitiba-completa-332-anos-conheca-a-capital-referencia-em-qualidade-de-vida\/","url":"https:\/\/blog.deville.com.br\/concierge-digital\/curitiba-pr\/curitiba-completa-332-anos-conheca-a-capital-referencia-em-qualidade-de-vida\/","name":"Anivers\u00e1rio de Curitiba: curiosidades sobre os 332 anos da cidade","isPartOf":{"@id":"https:\/\/blog.deville.com.br\/#website"},"primaryImageOfPage":{"@id":"https:\/\/blog.deville.com.br\/concierge-digital\/curitiba-pr\/curitiba-completa-332-anos-conheca-a-capital-referencia-em-qualidade-de-vida\/#primaryimage"},"image":{"@id":"https:\/\/blog.deville.com.br\/concierge-digital\/curitiba-pr\/curitiba-completa-332-anos-conheca-a-capital-referencia-em-qualidade-de-vida\/#primaryimage"},"thumbnailUrl":"https:\/\/blog.deville.com.br\/wp-content\/uploads\/2025\/03\/jardim-botanico-curitiba-estado-do-parana-brasil_74692-197.png","datePublished":"2025-03-24T20:55:14+00:00","dateModified":"2025-05-22T18:29:53+00:00","description":"Meta-descri\u00e7\u00e3o: Curitiba completa hoje 332 anos. Saiba mais sobre essa cidade repleta de hist\u00f3ria, curiosidades, inova\u00e7\u00e3o e \u00e1reas verdes.","breadcrumb":{"@id":"https:\/\/blog.deville.com.br\/concierge-digital\/curitiba-pr\/curitiba-completa-332-anos-conheca-a-capital-referencia-em-qualidade-de-vida\/#breadcrumb"},"inLanguage":"pt-BR","potentialAction":[{"@type":"ReadAction","target":["https:\/\/blog.deville.com.br\/concierge-digital\/curitiba-pr\/curitiba-completa-332-anos-conheca-a-capital-referencia-em-qualidade-de-vida\/"]}]},{"@type":"ImageObject","inLanguage":"pt-BR","@id":"https:\/\/blog.deville.com.br\/concierge-digital\/curitiba-pr\/curitiba-completa-332-anos-conheca-a-capital-referencia-em-qualidade-de-vida\/#primaryimage","url":"https:\/\/blog.deville.com.br\/wp-content\/uploads\/2025\/03\/jardim-botanico-curitiba-estado-do-parana-brasil_74692-197.png","contentUrl":"https:\/\/blog.deville.com.br\/wp-content\/uploads\/2025\/03\/jardim-botanico-curitiba-estado-do-parana-brasil_74692-197.png","width":626,"height":417},{"@type":"BreadcrumbList","@id":"https:\/\/blog.deville.com.br\/concierge-digital\/curitiba-pr\/curitiba-completa-332-anos-conheca-a-capital-referencia-em-qualidade-de-vida\/#breadcrumb","itemListElement":[{"@type":"ListItem","position":1,"name":"In\u00edcio","item":"https:\/\/blog.deville.com.br\/"},{"@type":"ListItem","position":2,"name":"Concierge Digital","item":"https:\/\/blog.deville.com.br\/concierge-digital\/"},{"@type":"ListItem","position":3,"name":"Curitiba (PR)","item":"https:\/\/blog.deville.com.br\/concierge-digital\/curitiba-pr\/"},{"@type":"ListItem","position":4,"name":"Curitiba completa 332 anos: conhe\u00e7a a capital refer\u00eancia em qualidade de vida\u00a0"}]},{"@type":"WebSite","@id":"https:\/\/blog.deville.com.br\/#website","url":"https:\/\/blog.deville.com.br\/","name":"Blog Deville","description":"","publisher":{"@id":"https:\/\/blog.deville.com.br\/#organization"},"potentialAction":[{"@type":"SearchAction","target":{"@type":"EntryPoint","urlTemplate":"https:\/\/blog.deville.com.br\/?s={search_term_string}"},"query-input":{"@type":"PropertyValueSpecification","valueRequired":true,"valueName":"search_term_string"}}],"inLanguage":"pt-BR"},{"@type":"Organization","@id":"https:\/\/blog.deville.com.br\/#organization","name":"Hot\u00e9is Deville","url":"https:\/\/blog.deville.com.br\/","logo":{"@type":"ImageObject","inLanguage":"pt-BR","@id":"https:\/\/blog.deville.com.br\/#\/schema\/logo\/image\/","url":"https:\/\/blog.deville.com.br\/wp-content\/uploads\/2024\/08\/Deville_Logo.svg","contentUrl":"https:\/\/blog.deville.com.br\/wp-content\/uploads\/2024\/08\/Deville_Logo.svg","width":139,"height":50,"caption":"Hot\u00e9is Deville"},"image":{"@id":"https:\/\/blog.deville.com.br\/#\/schema\/logo\/image\/"},"sameAs":["https:\/\/www.facebook.com\/hoteisdeville\/","https:\/\/x.com\/hoteis_deville","https:\/\/www.instagram.com\/hoteisdeville\/","https:\/\/www.linkedin.com\/company\/hoteis-deville\/"]},{"@type":"Person","@id":"https:\/\/blog.deville.com.br\/#\/schema\/person\/e5a2d1174f6fa1f4af45e0b1ee5a9b92","name":"Eduardo Sadao","image":{"@type":"ImageObject","inLanguage":"pt-BR","@id":"https:\/\/secure.gravatar.com\/avatar\/67d8d39b54ba97ba14d429e77886caa07d1733692959d0f0b17e48572261b638?s=96&d=mm&r=g","url":"https:\/\/secure.gravatar.com\/avatar\/67d8d39b54ba97ba14d429e77886caa07d1733692959d0f0b17e48572261b638?s=96&d=mm&r=g","contentUrl":"https:\/\/secure.gravatar.com\/avatar\/67d8d39b54ba97ba14d429e77886caa07d1733692959d0f0b17e48572261b638?s=96&d=mm&r=g","caption":"Eduardo Sadao"},"url":"https:\/\/blog.deville.com.br\/author\/edu-sadao\/"}]}},"publishpress_future_action":{"enabled":false,"date":"2026-05-06 11:29:39","action":"change-status","newStatus":"draft","terms":[],"taxonomy":"category","extraData":[]},"publishpress_future_workflow_manual_trigger":{"enabledWorkflows":[]},"_links":{"self":[{"href":"https:\/\/blog.deville.com.br\/devillemkt6_json\/wp\/v2\/posts\/2076","targetHints":{"allow":["GET"]}}],"collection":[{"href":"https:\/\/blog.deville.com.br\/devillemkt6_json\/wp\/v2\/posts"}],"about":[{"href":"https:\/\/blog.deville.com.br\/devillemkt6_json\/wp\/v2\/types\/post"}],"author":[{"embeddable":true,"href":"https:\/\/blog.deville.com.br\/devillemkt6_json\/wp\/v2\/users\/2"}],"replies":[{"embeddable":true,"href":"https:\/\/blog.deville.com.br\/devillemkt6_json\/wp\/v2\/comments?post=2076"}],"version-history":[{"count":9,"href":"https:\/\/blog.deville.com.br\/devillemkt6_json\/wp\/v2\/posts\/2076\/revisions"}],"predecessor-version":[{"id":2404,"href":"https:\/\/blog.deville.com.br\/devillemkt6_json\/wp\/v2\/posts\/2076\/revisions\/2404"}],"wp:featuredmedia":[{"embeddable":true,"href":"https:\/\/blog.deville.com.br\/devillemkt6_json\/wp\/v2\/media\/2134"}],"wp:attachment":[{"href":"https:\/\/blog.deville.com.br\/devillemkt6_json\/wp\/v2\/media?parent=2076"}],"wp:term":[{"taxonomy":"category","embeddable":true,"href":"https:\/\/blog.deville.com.br\/devillemkt6_json\/wp\/v2\/categories?post=2076"},{"taxonomy":"post_tag","embeddable":true,"href":"https:\/\/blog.deville.com.br\/devillemkt6_json\/wp\/v2\/tags?post=2076"}],"curies":[{"name":"wp","href":"https:\/\/api.w.org\/{rel}","templated":true}]}}