{"id":2109,"date":"2025-03-25T14:26:31","date_gmt":"2025-03-25T17:26:31","guid":{"rendered":"https:\/\/blog.deville.com.br\/?p=2109"},"modified":"2025-05-22T14:52:08","modified_gmt":"2025-05-22T17:52:08","slug":"salvador-celebra-476-anos-conheca-a-historia-da-primeira-capital-do-brasil","status":"publish","type":"post","link":"https:\/\/blog.deville.com.br\/viagens\/salvador-celebra-476-anos-conheca-a-historia-da-primeira-capital-do-brasil\/","title":{"rendered":"Salvador celebra 476 anos: conhe\u00e7a a hist\u00f3ria da primeira capital do Brasil\u00a0"},"content":{"rendered":"\n<p class=\"has-small-font-size\"><\/p>\n\n\n\n<h2 class=\"wp-block-heading\"><strong>Salvador celebra 476 anos: conhe\u00e7a a hist\u00f3ria da primeira capital do Brasil<\/strong>&nbsp;<\/h2>\n\n\n\n<p>Em 29 de mar\u00e7o de 2025, Salvador, na Bahia, completa 476 anos, marcando quase cinco s\u00e9culos de uma hist\u00f3ria \u00edmpar. Fundada em 1549, a cidade foi a primeira capital do Brasil, desempenhando um papel crucial no desenvolvimento pol\u00edtico, econ\u00f4mico e cultural do pa\u00eds.&nbsp;&nbsp;<\/p>\n\n\n\n<p>Atualmente, a capital baiana possui mais de 2,9 milh\u00f5es de habitantes, misturando modernidade e tradi\u00e7\u00e3o com sua arquitetura, diversas praias paradis\u00edacas e uma cena gastron\u00f4mica em ascens\u00e3o.&nbsp;<\/p>\n\n\n\n<p>A seguir, confira os principais lugares e algumas curiosidades de Salvador.&nbsp;&nbsp;<\/p>\n\n\n\n<h2 class=\"wp-block-heading\"><strong>Pelourinho: o cora\u00e7\u00e3o hist\u00f3rico de Salvador<\/strong>&nbsp;<\/h2>\n\n\n\n<figure class=\"wp-block-image size-full\"><img fetchpriority=\"high\" decoding=\"async\" width=\"2560\" height=\"1704\" src=\"https:\/\/blog.deville.com.br\/wp-content\/uploads\/2025\/03\/AdobeStock_359799877-scaled.jpeg\" alt=\"\" class=\"wp-image-2395\" srcset=\"https:\/\/blog.deville.com.br\/wp-content\/uploads\/2025\/03\/AdobeStock_359799877-scaled.jpeg 2560w, https:\/\/blog.deville.com.br\/wp-content\/uploads\/2025\/03\/AdobeStock_359799877-300x200.jpeg 300w, https:\/\/blog.deville.com.br\/wp-content\/uploads\/2025\/03\/AdobeStock_359799877-1024x681.jpeg 1024w, https:\/\/blog.deville.com.br\/wp-content\/uploads\/2025\/03\/AdobeStock_359799877-768x511.jpeg 768w, https:\/\/blog.deville.com.br\/wp-content\/uploads\/2025\/03\/AdobeStock_359799877-1536x1022.jpeg 1536w, https:\/\/blog.deville.com.br\/wp-content\/uploads\/2025\/03\/AdobeStock_359799877-2048x1363.jpeg 2048w\" sizes=\"(max-width: 2560px) 100vw, 2560px\" \/><\/figure>\n\n\n\n<p class=\"has-text-align-center has-small-font-size\">Vista de casas coloridas e igrejas no Pelourinho\u00a0(Fonte: Adobe Stock\/Reprodu\u00e7\u00e3o)<\/p>\n\n\n\n<p>Desde o seu primeiro governador-geral, Tom\u00e9 de Sousa, Salvador foi projetada para ser o centro administrativo do Brasil colonial. O Pelourinho, com suas ruas de paralelep\u00edpedos e casar\u00f5es coloridos, testemunhou s\u00e9culos de transforma\u00e7\u00f5es, sendo o centro econ\u00f4mico e social de Salvador durante o per\u00edodo colonial.&nbsp;&nbsp;<\/p>\n\n\n\n<p>Suas constru\u00e7\u00f5es preservadas contam a hist\u00f3ria do Brasil, refletindo a influ\u00eancia portuguesa e a resist\u00eancia do povo afro-brasileiro. E hoje, a regi\u00e3o \u00e9 Patrim\u00f4nio Mundial da UNESCO, oferecendo uma janela para o passado e abrigando museus, igrejas hist\u00f3ricas e galerias de arte.\u00a0<\/p>\n\n\n\n<p>Al\u00e9m disso, o Pelourinho pode ser considerado um dos principais pontos tur\u00edsticos de Salvador por conta das seguintes caracter\u00edsticas:&nbsp;<\/p>\n\n\n\n<ul class=\"wp-block-list\">\n<li><strong>Cultura em cada esquina:<\/strong> com museus e galerias de arte, o bairro \u00e9 conhecido pela m\u00fasica ao vivo, especialmente o som dos tambores do Olodum, que ecoam pelas ruas. \u00c9 comum encontrar apresenta\u00e7\u00f5es culturais espont\u00e2neas e feiras de artesanato local.&nbsp;<br>&nbsp;<\/li>\n<\/ul>\n\n\n\n<ul class=\"wp-block-list\">\n<li><strong>Igrejas hist\u00f3ricas:<\/strong> o Pelourinho abriga algumas das igrejas mais emblem\u00e1ticas do Brasil, como a Igreja e Convento de S\u00e3o Francisco, famosa por seu interior decorado em ouro.&nbsp;<br>&nbsp;<\/li>\n<\/ul>\n\n\n\n<ul class=\"wp-block-list\">\n<li><strong>Gastronomia baiana:<\/strong> os restaurantes e as barracas do bairro oferecem o melhor da culin\u00e1ria baiana, com acaraj\u00e9, moqueca e outras del\u00edcias que representam o sabor da Bahia.&nbsp;<br>&nbsp;<\/li>\n<\/ul>\n\n\n\n<ul class=\"wp-block-list\">\n<li><strong>Cen\u00e1rio de cinema:<\/strong> n\u00e3o \u00e9 \u00e0 toa que o popularmente chamado de \u201cPel\u00f4\u201d j\u00e1 foi cen\u00e1rio de filmes, novelas e videoclipes de artistas internacionais. Sua est\u00e9tica colonial e vibrante atrai visitantes do mundo todo em busca dos registros perfeitos.&nbsp;<\/li>\n<\/ul>\n\n\n\n<h2 class=\"wp-block-heading\"><strong>Cultura baiana: f\u00e9, m\u00fasica e tradi\u00e7\u00e3o<\/strong>&nbsp;<\/h2>\n\n\n\n<p>A cultura da capital baiana \u00e9 um mosaico precioso de influ\u00eancias africanas, ind\u00edgenas e europeias. A cidade \u00e9 conhecida por suas igrejas hist\u00f3ricas, como a Igreja e Convento de S\u00e3o Francisco, com seu interior coberto de ouro, e a Catedral Bas\u00edlica de Salvador. A religi\u00e3o tamb\u00e9m se destaca com o sincretismo entre o catolicismo e o candombl\u00e9, refletindo a riqueza espiritual da popula\u00e7\u00e3o.&nbsp;<\/p>\n\n\n\n<figure class=\"wp-block-image size-full\"><img decoding=\"async\" width=\"2560\" height=\"1474\" src=\"https:\/\/blog.deville.com.br\/wp-content\/uploads\/2025\/03\/AdobeStock_115831676-scaled.jpeg\" alt=\"\" class=\"wp-image-2396\" srcset=\"https:\/\/blog.deville.com.br\/wp-content\/uploads\/2025\/03\/AdobeStock_115831676-scaled.jpeg 2560w, https:\/\/blog.deville.com.br\/wp-content\/uploads\/2025\/03\/AdobeStock_115831676-300x173.jpeg 300w, https:\/\/blog.deville.com.br\/wp-content\/uploads\/2025\/03\/AdobeStock_115831676-1024x590.jpeg 1024w, https:\/\/blog.deville.com.br\/wp-content\/uploads\/2025\/03\/AdobeStock_115831676-768x442.jpeg 768w, https:\/\/blog.deville.com.br\/wp-content\/uploads\/2025\/03\/AdobeStock_115831676-1536x884.jpeg 1536w, https:\/\/blog.deville.com.br\/wp-content\/uploads\/2025\/03\/AdobeStock_115831676-2048x1179.jpeg 2048w\" sizes=\"(max-width: 2560px) 100vw, 2560px\" \/><\/figure>\n\n\n\n<p class=\"has-text-align-center has-small-font-size\">Orix\u00e1s na lagoa do Dique do Toror\u00f3 (Fonte: Adobe Stock\/Reprodu\u00e7\u00e3o)<\/p>\n\n\n\n<p>O <a href=\"https:\/\/www.deville.com.br\/carnaval\/salvador\" target=\"_blank\" rel=\"noreferrer noopener\">Carnaval de Salvador<\/a> \u00e9 outro destaque cultural, sendo um dos maiores do mundo, onde trios el\u00e9tricos e blocos arrastam milh\u00f5es de foli\u00f5es pelas ruas ao som de ax\u00e9 e outros ritmos locais. Ademais, Salvador \u00e9 o ber\u00e7o de \u00edcones musicais como Caetano Veloso, Gilberto Gil e Ivete Sangalo, cujo legado continua a influenciar gera\u00e7\u00f5es.&nbsp;<\/p>\n\n\n\n<h2 class=\"wp-block-heading\"><strong>Muito al\u00e9m das praias: saiba o que fazer em Salvador<\/strong>&nbsp;<\/h2>\n\n\n\n<p>A seguir, selecionamos outros pontos tur\u00edsticos para voc\u00ea que deseja conhecer a capital baiana. Veja s\u00f3:&nbsp;<\/p>\n\n\n\n<ul class=\"wp-block-list\">\n<li><strong>Elevador Lacerda<\/strong>: um dos principais cart\u00f5es-postais, com vista panor\u00e2mica da Ba\u00eda de Todos os Santos.&nbsp;<\/li>\n<\/ul>\n\n\n\n<ul class=\"wp-block-list\">\n<li><strong>Farol da Barra<\/strong>: indicado para quem deseja apreciar o p\u00f4r do sol, com o Museu N\u00e1utico para explorar.&nbsp;<\/li>\n<\/ul>\n\n\n\n<ul class=\"wp-block-list\">\n<li><strong>Museu de Arte Moderna da Bahia (MAM-BA)<\/strong>: localizado na Bahia Marina, oferece uma cole\u00e7\u00e3o de arte contempor\u00e2nea e eventos culturais.&nbsp;<\/li>\n<\/ul>\n\n\n\n<ul class=\"wp-block-list\">\n<li><strong>Mercado Modelo<\/strong>: ideal para compras de artesanato e culin\u00e1ria regional.&nbsp;<\/li>\n<\/ul>\n\n\n\n<ul class=\"wp-block-list\">\n<li><strong>Jardim de Alah: Ref\u00fagio \u00e0 Beira-Mar: <\/strong>o Jardim de Alah \u00e9 um ponto popular em Salvador, perfeito para caminhadas e relaxamento. Com vista para o mar e cercado de coqueiros, o local oferece uma orla tranquila, ideal para piqueniques e esportes.&nbsp;<\/li>\n<\/ul>\n\n\n\n<figure class=\"wp-block-image size-full\"><img decoding=\"async\" width=\"1024\" height=\"682\" src=\"https:\/\/blog.deville.com.br\/wp-content\/uploads\/2025\/03\/Design-sem-nome-30.jpg\" alt=\"\" class=\"wp-image-2397\" srcset=\"https:\/\/blog.deville.com.br\/wp-content\/uploads\/2025\/03\/Design-sem-nome-30.jpg 1024w, https:\/\/blog.deville.com.br\/wp-content\/uploads\/2025\/03\/Design-sem-nome-30-300x200.jpg 300w, https:\/\/blog.deville.com.br\/wp-content\/uploads\/2025\/03\/Design-sem-nome-30-768x512.jpg 768w\" sizes=\"(max-width: 1024px) 100vw, 1024px\" \/><\/figure>\n\n\n\n<p class=\"has-text-align-center has-small-font-size\">Vista privilegiada do Elevador Lacerda e do Mercado Modelo, pontos tur\u00edsticos de Salvador, Bahia (Fonte: Adobe Stock\/Reprodu\u00e7\u00e3o)<\/p>\n\n\n\n<h2 class=\"wp-block-heading\"><strong>Deville Prime Salvador: hospede-se na famosa Praia de Itapu\u00e3<\/strong>&nbsp;<\/h2>\n\n\n\n<p>Ap\u00f3s explorar tudo o que a cidade tem a oferecer, o <a href=\"https:\/\/www.deville.com.br\/hotel-deville-prime-salvador\" target=\"_blank\" rel=\"noreferrer noopener\"><strong>Deville Prime Salvador<\/strong><\/a> oferece o ref\u00fagio perfeito. Descubra o que torna nosso hotel uma refer\u00eancia no que diz respeito a conforto e hospitalidade:&nbsp;<\/p>\n\n\n\n<ul class=\"wp-block-list\">\n<li><strong>Localiza\u00e7\u00e3o privilegiada:<\/strong> passar uma tarde em Itapu\u00e3 pode ser sua realidade durante os dias de estadia. O hotel fica situado a cinco minutos da famosa praia de Itapu\u00e3, uma das regi\u00f5es mais charmosas de Salvador, e oferece f\u00e1cil acesso aos pontos tur\u00edsticos da cidade.&nbsp;<br>&nbsp;<\/li>\n<\/ul>\n\n\n\n<ul class=\"wp-block-list\">\n<li><strong>Conforto sob medida:<\/strong> apartamentos e su\u00edtes espa\u00e7osos, equipados com tudo o que voc\u00ea precisa para uma estadia inesquec\u00edvel.&nbsp;<br>&nbsp;<\/li>\n<\/ul>\n\n\n\n<ul class=\"wp-block-list\">\n<li><strong>Lazer completo:<\/strong> uma ampla \u00e1rea de lazer com piscina praiada, Espa\u00e7o Kids, academia moderna e quadras de t\u00eanis e beach tennis, garantindo divers\u00e3o e relaxamento para toda a fam\u00edlia.&nbsp;<br>&nbsp;<\/li>\n<\/ul>\n\n\n\n<ul class=\"wp-block-list\">\n<li><strong>Gastronomia de excel\u00eancia:<\/strong> os restaurante e bares do hotel oferecem uma experi\u00eancia gastron\u00f4mica refinada, com pratos que exaltam os sabores regionais e internacionais.&nbsp;<br>&nbsp;<\/li>\n<\/ul>\n\n\n\n<ul class=\"wp-block-list\">\n<li><strong>Estrutura para eventos: <\/strong>espa\u00e7os vers\u00e1teis e modernos que tornam o Deville Prime Salvador um lugar ideal para eventos corporativos e celebra\u00e7\u00f5es em geral.&nbsp;<br>&nbsp;<\/li>\n<\/ul>\n\n\n\n<p>Seja para visitar Salvador durante o seu anivers\u00e1rio de 476 anos ou para vivenciar as riquezas hist\u00f3ricas e culturais com tudo o que a cidade tem a oferecer, o <a href=\"https:\/\/www.instagram.com\/devillesalvador\/\" target=\"_blank\" rel=\"noreferrer noopener\">Deville Prime Salvador<\/a> proporciona uma experi\u00eancia \u00fanica de estadia em torno de \u00e1reas verdes e com alta gastronomia.&nbsp;<\/p>\n\n\n\n<p>Consulte valores e disponibilidade <a href=\"https:\/\/www.deville.com.br\/hotel-deville-prime-salvador\" target=\"_blank\" rel=\"noreferrer noopener\">acessando o nosso site<\/a> e venha descobrir por que Salvador \u00e9 uma cidade que encanta em cada esquina.&nbsp;&nbsp;<\/p>\n\n\n\n<p>Torne sua estadia ainda mais especial com a Rede Deville!&nbsp;<\/p>\n\n\n\n<p><\/p>\n","protected":false},"excerpt":{"rendered":"<p>Salvador celebra 476 anos: conhe\u00e7a a hist\u00f3ria da primeira capital do Brasil&nbsp; Em 29 de mar\u00e7o de 2025, Salvador, na Bahia, completa 476 anos, marcando quase cinco s\u00e9culos de uma hist\u00f3ria \u00edmpar. Fundada em 1549, a cidade foi a primeira capital do Brasil, desempenhando um papel crucial no desenvolvimento pol\u00edtico, econ\u00f4mico e cultural do pa\u00eds.&nbsp;&nbsp; [&hellip;]<\/p>\n","protected":false},"author":2,"featured_media":2128,"comment_status":"open","ping_status":"open","sticky":false,"template":"","format":"standard","meta":{"_acf_changed":false,"footnotes":""},"categories":[39,3,5],"tags":[81,56],"class_list":["post-2109","post","type-post","status-publish","format-standard","has-post-thumbnail","hentry","category-cultura","category-destinos","category-viagens","tag-salvador","tag-turismo"],"acf":[],"yoast_head":"<!-- This site is optimized with the Yoast SEO plugin v27.5 - https:\/\/yoast.com\/product\/yoast-seo-wordpress\/ -->\n<title>Salvador: conhe\u00e7a a hist\u00f3ria da primeira capital do Brasil<\/title>\n<meta name=\"description\" content=\"Uma das cidades tur\u00edsticas mais importantes do Brasil completa 476 anos. Entenda melhor a identidade cultural de Salvador, Bahia.\" \/>\n<meta name=\"robots\" content=\"index, follow, max-snippet:-1, max-image-preview:large, max-video-preview:-1\" \/>\n<link rel=\"canonical\" href=\"https:\/\/blog.deville.com.br\/viagens\/salvador-celebra-476-anos-conheca-a-historia-da-primeira-capital-do-brasil\/\" \/>\n<meta property=\"og:locale\" content=\"pt_BR\" \/>\n<meta property=\"og:type\" content=\"article\" \/>\n<meta property=\"og:title\" content=\"Salvador: conhe\u00e7a a hist\u00f3ria da primeira capital do Brasil\" \/>\n<meta property=\"og:description\" content=\"Uma das cidades tur\u00edsticas mais importantes do Brasil completa 476 anos. Entenda melhor a identidade cultural de Salvador, Bahia.\" \/>\n<meta property=\"og:url\" content=\"https:\/\/blog.deville.com.br\/viagens\/salvador-celebra-476-anos-conheca-a-historia-da-primeira-capital-do-brasil\/\" \/>\n<meta property=\"og:site_name\" content=\"Blog Deville\" \/>\n<meta property=\"article:publisher\" content=\"https:\/\/www.facebook.com\/hoteisdeville\/\" \/>\n<meta property=\"article:published_time\" content=\"2025-03-25T17:26:31+00:00\" \/>\n<meta property=\"article:modified_time\" content=\"2025-05-22T17:52:08+00:00\" \/>\n<meta property=\"og:image\" content=\"https:\/\/blog.deville.com.br\/wp-content\/uploads\/2025\/03\/long-shot-bahia-nautico-museum-salvdor-brazil-cloudy-blue-skies.jpg\" \/>\n\t<meta property=\"og:image:width\" content=\"2000\" \/>\n\t<meta property=\"og:image:height\" content=\"1333\" \/>\n\t<meta property=\"og:image:type\" content=\"image\/jpeg\" \/>\n<meta name=\"author\" content=\"Eduardo Sadao\" \/>\n<meta name=\"twitter:card\" content=\"summary_large_image\" \/>\n<meta name=\"twitter:creator\" content=\"@hoteis_deville\" \/>\n<meta name=\"twitter:site\" content=\"@hoteis_deville\" \/>\n<meta name=\"twitter:label1\" content=\"Escrito por\" \/>\n\t<meta name=\"twitter:data1\" content=\"Eduardo Sadao\" \/>\n\t<meta name=\"twitter:label2\" content=\"Est. tempo de leitura\" \/>\n\t<meta name=\"twitter:data2\" content=\"6 minutos\" \/>\n<script type=\"application\/ld+json\" class=\"yoast-schema-graph\">{\"@context\":\"https:\\\/\\\/schema.org\",\"@graph\":[{\"@type\":\"Article\",\"@id\":\"https:\\\/\\\/blog.deville.com.br\\\/viagens\\\/salvador-celebra-476-anos-conheca-a-historia-da-primeira-capital-do-brasil\\\/#article\",\"isPartOf\":{\"@id\":\"https:\\\/\\\/blog.deville.com.br\\\/viagens\\\/salvador-celebra-476-anos-conheca-a-historia-da-primeira-capital-do-brasil\\\/\"},\"author\":{\"name\":\"Eduardo Sadao\",\"@id\":\"https:\\\/\\\/blog.deville.com.br\\\/#\\\/schema\\\/person\\\/e5a2d1174f6fa1f4af45e0b1ee5a9b92\"},\"headline\":\"Salvador celebra 476 anos: conhe\u00e7a a hist\u00f3ria da primeira capital do Brasil\u00a0\",\"datePublished\":\"2025-03-25T17:26:31+00:00\",\"dateModified\":\"2025-05-22T17:52:08+00:00\",\"mainEntityOfPage\":{\"@id\":\"https:\\\/\\\/blog.deville.com.br\\\/viagens\\\/salvador-celebra-476-anos-conheca-a-historia-da-primeira-capital-do-brasil\\\/\"},\"wordCount\":1026,\"commentCount\":0,\"publisher\":{\"@id\":\"https:\\\/\\\/blog.deville.com.br\\\/#organization\"},\"image\":{\"@id\":\"https:\\\/\\\/blog.deville.com.br\\\/viagens\\\/salvador-celebra-476-anos-conheca-a-historia-da-primeira-capital-do-brasil\\\/#primaryimage\"},\"thumbnailUrl\":\"https:\\\/\\\/blog.deville.com.br\\\/wp-content\\\/uploads\\\/2025\\\/03\\\/long-shot-bahia-nautico-museum-salvdor-brazil-cloudy-blue-skies.jpg\",\"keywords\":[\"Salvador\",\"Turismo\"],\"articleSection\":[\"Cultura\",\"Destinos\",\"Viagens\"],\"inLanguage\":\"pt-BR\",\"potentialAction\":[{\"@type\":\"CommentAction\",\"name\":\"Comment\",\"target\":[\"https:\\\/\\\/blog.deville.com.br\\\/viagens\\\/salvador-celebra-476-anos-conheca-a-historia-da-primeira-capital-do-brasil\\\/#respond\"]}]},{\"@type\":\"WebPage\",\"@id\":\"https:\\\/\\\/blog.deville.com.br\\\/viagens\\\/salvador-celebra-476-anos-conheca-a-historia-da-primeira-capital-do-brasil\\\/\",\"url\":\"https:\\\/\\\/blog.deville.com.br\\\/viagens\\\/salvador-celebra-476-anos-conheca-a-historia-da-primeira-capital-do-brasil\\\/\",\"name\":\"Salvador: conhe\u00e7a a hist\u00f3ria da primeira capital do Brasil\",\"isPartOf\":{\"@id\":\"https:\\\/\\\/blog.deville.com.br\\\/#website\"},\"primaryImageOfPage\":{\"@id\":\"https:\\\/\\\/blog.deville.com.br\\\/viagens\\\/salvador-celebra-476-anos-conheca-a-historia-da-primeira-capital-do-brasil\\\/#primaryimage\"},\"image\":{\"@id\":\"https:\\\/\\\/blog.deville.com.br\\\/viagens\\\/salvador-celebra-476-anos-conheca-a-historia-da-primeira-capital-do-brasil\\\/#primaryimage\"},\"thumbnailUrl\":\"https:\\\/\\\/blog.deville.com.br\\\/wp-content\\\/uploads\\\/2025\\\/03\\\/long-shot-bahia-nautico-museum-salvdor-brazil-cloudy-blue-skies.jpg\",\"datePublished\":\"2025-03-25T17:26:31+00:00\",\"dateModified\":\"2025-05-22T17:52:08+00:00\",\"description\":\"Uma das cidades tur\u00edsticas mais importantes do Brasil completa 476 anos. Entenda melhor a identidade cultural de Salvador, Bahia.\",\"breadcrumb\":{\"@id\":\"https:\\\/\\\/blog.deville.com.br\\\/viagens\\\/salvador-celebra-476-anos-conheca-a-historia-da-primeira-capital-do-brasil\\\/#breadcrumb\"},\"inLanguage\":\"pt-BR\",\"potentialAction\":[{\"@type\":\"ReadAction\",\"target\":[\"https:\\\/\\\/blog.deville.com.br\\\/viagens\\\/salvador-celebra-476-anos-conheca-a-historia-da-primeira-capital-do-brasil\\\/\"]}]},{\"@type\":\"ImageObject\",\"inLanguage\":\"pt-BR\",\"@id\":\"https:\\\/\\\/blog.deville.com.br\\\/viagens\\\/salvador-celebra-476-anos-conheca-a-historia-da-primeira-capital-do-brasil\\\/#primaryimage\",\"url\":\"https:\\\/\\\/blog.deville.com.br\\\/wp-content\\\/uploads\\\/2025\\\/03\\\/long-shot-bahia-nautico-museum-salvdor-brazil-cloudy-blue-skies.jpg\",\"contentUrl\":\"https:\\\/\\\/blog.deville.com.br\\\/wp-content\\\/uploads\\\/2025\\\/03\\\/long-shot-bahia-nautico-museum-salvdor-brazil-cloudy-blue-skies.jpg\",\"width\":2000,\"height\":1333},{\"@type\":\"BreadcrumbList\",\"@id\":\"https:\\\/\\\/blog.deville.com.br\\\/viagens\\\/salvador-celebra-476-anos-conheca-a-historia-da-primeira-capital-do-brasil\\\/#breadcrumb\",\"itemListElement\":[{\"@type\":\"ListItem\",\"position\":1,\"name\":\"In\u00edcio\",\"item\":\"https:\\\/\\\/blog.deville.com.br\\\/\"},{\"@type\":\"ListItem\",\"position\":2,\"name\":\"Viagens\",\"item\":\"https:\\\/\\\/blog.deville.com.br\\\/viagens\\\/\"},{\"@type\":\"ListItem\",\"position\":3,\"name\":\"Salvador celebra 476 anos: conhe\u00e7a a hist\u00f3ria da primeira capital do Brasil\u00a0\"}]},{\"@type\":\"WebSite\",\"@id\":\"https:\\\/\\\/blog.deville.com.br\\\/#website\",\"url\":\"https:\\\/\\\/blog.deville.com.br\\\/\",\"name\":\"Blog Deville\",\"description\":\"\",\"publisher\":{\"@id\":\"https:\\\/\\\/blog.deville.com.br\\\/#organization\"},\"potentialAction\":[{\"@type\":\"SearchAction\",\"target\":{\"@type\":\"EntryPoint\",\"urlTemplate\":\"https:\\\/\\\/blog.deville.com.br\\\/?s={search_term_string}\"},\"query-input\":{\"@type\":\"PropertyValueSpecification\",\"valueRequired\":true,\"valueName\":\"search_term_string\"}}],\"inLanguage\":\"pt-BR\"},{\"@type\":\"Organization\",\"@id\":\"https:\\\/\\\/blog.deville.com.br\\\/#organization\",\"name\":\"Hot\u00e9is Deville\",\"url\":\"https:\\\/\\\/blog.deville.com.br\\\/\",\"logo\":{\"@type\":\"ImageObject\",\"inLanguage\":\"pt-BR\",\"@id\":\"https:\\\/\\\/blog.deville.com.br\\\/#\\\/schema\\\/logo\\\/image\\\/\",\"url\":\"https:\\\/\\\/blog.deville.com.br\\\/wp-content\\\/uploads\\\/2024\\\/08\\\/Deville_Logo.svg\",\"contentUrl\":\"https:\\\/\\\/blog.deville.com.br\\\/wp-content\\\/uploads\\\/2024\\\/08\\\/Deville_Logo.svg\",\"width\":139,\"height\":50,\"caption\":\"Hot\u00e9is Deville\"},\"image\":{\"@id\":\"https:\\\/\\\/blog.deville.com.br\\\/#\\\/schema\\\/logo\\\/image\\\/\"},\"sameAs\":[\"https:\\\/\\\/www.facebook.com\\\/hoteisdeville\\\/\",\"https:\\\/\\\/x.com\\\/hoteis_deville\",\"https:\\\/\\\/www.instagram.com\\\/hoteisdeville\\\/\",\"https:\\\/\\\/www.linkedin.com\\\/company\\\/hoteis-deville\\\/\"]},{\"@type\":\"Person\",\"@id\":\"https:\\\/\\\/blog.deville.com.br\\\/#\\\/schema\\\/person\\\/e5a2d1174f6fa1f4af45e0b1ee5a9b92\",\"name\":\"Eduardo Sadao\",\"image\":{\"@type\":\"ImageObject\",\"inLanguage\":\"pt-BR\",\"@id\":\"https:\\\/\\\/secure.gravatar.com\\\/avatar\\\/67d8d39b54ba97ba14d429e77886caa07d1733692959d0f0b17e48572261b638?s=96&d=mm&r=g\",\"url\":\"https:\\\/\\\/secure.gravatar.com\\\/avatar\\\/67d8d39b54ba97ba14d429e77886caa07d1733692959d0f0b17e48572261b638?s=96&d=mm&r=g\",\"contentUrl\":\"https:\\\/\\\/secure.gravatar.com\\\/avatar\\\/67d8d39b54ba97ba14d429e77886caa07d1733692959d0f0b17e48572261b638?s=96&d=mm&r=g\",\"caption\":\"Eduardo Sadao\"},\"url\":\"https:\\\/\\\/blog.deville.com.br\\\/author\\\/edu-sadao\\\/\"}]}<\/script>\n<!-- \/ Yoast SEO plugin. -->","yoast_head_json":{"title":"Salvador: conhe\u00e7a a hist\u00f3ria da primeira capital do Brasil","description":"Uma das cidades tur\u00edsticas mais importantes do Brasil completa 476 anos. Entenda melhor a identidade cultural de Salvador, Bahia.","robots":{"index":"index","follow":"follow","max-snippet":"max-snippet:-1","max-image-preview":"max-image-preview:large","max-video-preview":"max-video-preview:-1"},"canonical":"https:\/\/blog.deville.com.br\/viagens\/salvador-celebra-476-anos-conheca-a-historia-da-primeira-capital-do-brasil\/","og_locale":"pt_BR","og_type":"article","og_title":"Salvador: conhe\u00e7a a hist\u00f3ria da primeira capital do Brasil","og_description":"Uma das cidades tur\u00edsticas mais importantes do Brasil completa 476 anos. Entenda melhor a identidade cultural de Salvador, Bahia.","og_url":"https:\/\/blog.deville.com.br\/viagens\/salvador-celebra-476-anos-conheca-a-historia-da-primeira-capital-do-brasil\/","og_site_name":"Blog Deville","article_publisher":"https:\/\/www.facebook.com\/hoteisdeville\/","article_published_time":"2025-03-25T17:26:31+00:00","article_modified_time":"2025-05-22T17:52:08+00:00","og_image":[{"width":2000,"height":1333,"url":"https:\/\/blog.deville.com.br\/wp-content\/uploads\/2025\/03\/long-shot-bahia-nautico-museum-salvdor-brazil-cloudy-blue-skies.jpg","type":"image\/jpeg"}],"author":"Eduardo Sadao","twitter_card":"summary_large_image","twitter_creator":"@hoteis_deville","twitter_site":"@hoteis_deville","twitter_misc":{"Escrito por":"Eduardo Sadao","Est. tempo de leitura":"6 minutos"},"schema":{"@context":"https:\/\/schema.org","@graph":[{"@type":"Article","@id":"https:\/\/blog.deville.com.br\/viagens\/salvador-celebra-476-anos-conheca-a-historia-da-primeira-capital-do-brasil\/#article","isPartOf":{"@id":"https:\/\/blog.deville.com.br\/viagens\/salvador-celebra-476-anos-conheca-a-historia-da-primeira-capital-do-brasil\/"},"author":{"name":"Eduardo Sadao","@id":"https:\/\/blog.deville.com.br\/#\/schema\/person\/e5a2d1174f6fa1f4af45e0b1ee5a9b92"},"headline":"Salvador celebra 476 anos: conhe\u00e7a a hist\u00f3ria da primeira capital do Brasil\u00a0","datePublished":"2025-03-25T17:26:31+00:00","dateModified":"2025-05-22T17:52:08+00:00","mainEntityOfPage":{"@id":"https:\/\/blog.deville.com.br\/viagens\/salvador-celebra-476-anos-conheca-a-historia-da-primeira-capital-do-brasil\/"},"wordCount":1026,"commentCount":0,"publisher":{"@id":"https:\/\/blog.deville.com.br\/#organization"},"image":{"@id":"https:\/\/blog.deville.com.br\/viagens\/salvador-celebra-476-anos-conheca-a-historia-da-primeira-capital-do-brasil\/#primaryimage"},"thumbnailUrl":"https:\/\/blog.deville.com.br\/wp-content\/uploads\/2025\/03\/long-shot-bahia-nautico-museum-salvdor-brazil-cloudy-blue-skies.jpg","keywords":["Salvador","Turismo"],"articleSection":["Cultura","Destinos","Viagens"],"inLanguage":"pt-BR","potentialAction":[{"@type":"CommentAction","name":"Comment","target":["https:\/\/blog.deville.com.br\/viagens\/salvador-celebra-476-anos-conheca-a-historia-da-primeira-capital-do-brasil\/#respond"]}]},{"@type":"WebPage","@id":"https:\/\/blog.deville.com.br\/viagens\/salvador-celebra-476-anos-conheca-a-historia-da-primeira-capital-do-brasil\/","url":"https:\/\/blog.deville.com.br\/viagens\/salvador-celebra-476-anos-conheca-a-historia-da-primeira-capital-do-brasil\/","name":"Salvador: conhe\u00e7a a hist\u00f3ria da primeira capital do Brasil","isPartOf":{"@id":"https:\/\/blog.deville.com.br\/#website"},"primaryImageOfPage":{"@id":"https:\/\/blog.deville.com.br\/viagens\/salvador-celebra-476-anos-conheca-a-historia-da-primeira-capital-do-brasil\/#primaryimage"},"image":{"@id":"https:\/\/blog.deville.com.br\/viagens\/salvador-celebra-476-anos-conheca-a-historia-da-primeira-capital-do-brasil\/#primaryimage"},"thumbnailUrl":"https:\/\/blog.deville.com.br\/wp-content\/uploads\/2025\/03\/long-shot-bahia-nautico-museum-salvdor-brazil-cloudy-blue-skies.jpg","datePublished":"2025-03-25T17:26:31+00:00","dateModified":"2025-05-22T17:52:08+00:00","description":"Uma das cidades tur\u00edsticas mais importantes do Brasil completa 476 anos. Entenda melhor a identidade cultural de Salvador, Bahia.","breadcrumb":{"@id":"https:\/\/blog.deville.com.br\/viagens\/salvador-celebra-476-anos-conheca-a-historia-da-primeira-capital-do-brasil\/#breadcrumb"},"inLanguage":"pt-BR","potentialAction":[{"@type":"ReadAction","target":["https:\/\/blog.deville.com.br\/viagens\/salvador-celebra-476-anos-conheca-a-historia-da-primeira-capital-do-brasil\/"]}]},{"@type":"ImageObject","inLanguage":"pt-BR","@id":"https:\/\/blog.deville.com.br\/viagens\/salvador-celebra-476-anos-conheca-a-historia-da-primeira-capital-do-brasil\/#primaryimage","url":"https:\/\/blog.deville.com.br\/wp-content\/uploads\/2025\/03\/long-shot-bahia-nautico-museum-salvdor-brazil-cloudy-blue-skies.jpg","contentUrl":"https:\/\/blog.deville.com.br\/wp-content\/uploads\/2025\/03\/long-shot-bahia-nautico-museum-salvdor-brazil-cloudy-blue-skies.jpg","width":2000,"height":1333},{"@type":"BreadcrumbList","@id":"https:\/\/blog.deville.com.br\/viagens\/salvador-celebra-476-anos-conheca-a-historia-da-primeira-capital-do-brasil\/#breadcrumb","itemListElement":[{"@type":"ListItem","position":1,"name":"In\u00edcio","item":"https:\/\/blog.deville.com.br\/"},{"@type":"ListItem","position":2,"name":"Viagens","item":"https:\/\/blog.deville.com.br\/viagens\/"},{"@type":"ListItem","position":3,"name":"Salvador celebra 476 anos: conhe\u00e7a a hist\u00f3ria da primeira capital do Brasil\u00a0"}]},{"@type":"WebSite","@id":"https:\/\/blog.deville.com.br\/#website","url":"https:\/\/blog.deville.com.br\/","name":"Blog Deville","description":"","publisher":{"@id":"https:\/\/blog.deville.com.br\/#organization"},"potentialAction":[{"@type":"SearchAction","target":{"@type":"EntryPoint","urlTemplate":"https:\/\/blog.deville.com.br\/?s={search_term_string}"},"query-input":{"@type":"PropertyValueSpecification","valueRequired":true,"valueName":"search_term_string"}}],"inLanguage":"pt-BR"},{"@type":"Organization","@id":"https:\/\/blog.deville.com.br\/#organization","name":"Hot\u00e9is Deville","url":"https:\/\/blog.deville.com.br\/","logo":{"@type":"ImageObject","inLanguage":"pt-BR","@id":"https:\/\/blog.deville.com.br\/#\/schema\/logo\/image\/","url":"https:\/\/blog.deville.com.br\/wp-content\/uploads\/2024\/08\/Deville_Logo.svg","contentUrl":"https:\/\/blog.deville.com.br\/wp-content\/uploads\/2024\/08\/Deville_Logo.svg","width":139,"height":50,"caption":"Hot\u00e9is Deville"},"image":{"@id":"https:\/\/blog.deville.com.br\/#\/schema\/logo\/image\/"},"sameAs":["https:\/\/www.facebook.com\/hoteisdeville\/","https:\/\/x.com\/hoteis_deville","https:\/\/www.instagram.com\/hoteisdeville\/","https:\/\/www.linkedin.com\/company\/hoteis-deville\/"]},{"@type":"Person","@id":"https:\/\/blog.deville.com.br\/#\/schema\/person\/e5a2d1174f6fa1f4af45e0b1ee5a9b92","name":"Eduardo Sadao","image":{"@type":"ImageObject","inLanguage":"pt-BR","@id":"https:\/\/secure.gravatar.com\/avatar\/67d8d39b54ba97ba14d429e77886caa07d1733692959d0f0b17e48572261b638?s=96&d=mm&r=g","url":"https:\/\/secure.gravatar.com\/avatar\/67d8d39b54ba97ba14d429e77886caa07d1733692959d0f0b17e48572261b638?s=96&d=mm&r=g","contentUrl":"https:\/\/secure.gravatar.com\/avatar\/67d8d39b54ba97ba14d429e77886caa07d1733692959d0f0b17e48572261b638?s=96&d=mm&r=g","caption":"Eduardo Sadao"},"url":"https:\/\/blog.deville.com.br\/author\/edu-sadao\/"}]}},"publishpress_future_action":{"enabled":false,"date":"2026-05-07 12:35:18","action":"change-status","newStatus":"draft","terms":[],"taxonomy":"category","extraData":[]},"publishpress_future_workflow_manual_trigger":{"enabledWorkflows":[]},"_links":{"self":[{"href":"https:\/\/blog.deville.com.br\/devillemkt6_json\/wp\/v2\/posts\/2109","targetHints":{"allow":["GET"]}}],"collection":[{"href":"https:\/\/blog.deville.com.br\/devillemkt6_json\/wp\/v2\/posts"}],"about":[{"href":"https:\/\/blog.deville.com.br\/devillemkt6_json\/wp\/v2\/types\/post"}],"author":[{"embeddable":true,"href":"https:\/\/blog.deville.com.br\/devillemkt6_json\/wp\/v2\/users\/2"}],"replies":[{"embeddable":true,"href":"https:\/\/blog.deville.com.br\/devillemkt6_json\/wp\/v2\/comments?post=2109"}],"version-history":[{"count":15,"href":"https:\/\/blog.deville.com.br\/devillemkt6_json\/wp\/v2\/posts\/2109\/revisions"}],"predecessor-version":[{"id":2398,"href":"https:\/\/blog.deville.com.br\/devillemkt6_json\/wp\/v2\/posts\/2109\/revisions\/2398"}],"wp:featuredmedia":[{"embeddable":true,"href":"https:\/\/blog.deville.com.br\/devillemkt6_json\/wp\/v2\/media\/2128"}],"wp:attachment":[{"href":"https:\/\/blog.deville.com.br\/devillemkt6_json\/wp\/v2\/media?parent=2109"}],"wp:term":[{"taxonomy":"category","embeddable":true,"href":"https:\/\/blog.deville.com.br\/devillemkt6_json\/wp\/v2\/categories?post=2109"},{"taxonomy":"post_tag","embeddable":true,"href":"https:\/\/blog.deville.com.br\/devillemkt6_json\/wp\/v2\/tags?post=2109"}],"curies":[{"name":"wp","href":"https:\/\/api.w.org\/{rel}","templated":true}]}}