{"id":2487,"date":"2025-08-25T11:42:55","date_gmt":"2025-08-25T14:42:55","guid":{"rendered":"https:\/\/blog.deville.com.br\/?p=2487"},"modified":"2026-03-10T09:09:05","modified_gmt":"2026-03-10T12:09:05","slug":"o-que-fazer-em-salvador-no-final-de-ano-6-passeios-e-experiencias-imperdiveis","status":"publish","type":"post","link":"https:\/\/blog.deville.com.br\/destinos\/o-que-fazer-em-salvador-no-final-de-ano-6-passeios-e-experiencias-imperdiveis\/","title":{"rendered":"O que fazer em Salvador no final de ano: 6 passeios e experi\u00eancias imperd\u00edveis\u00a0"},"content":{"rendered":"\n<p><em>Descubra os melhores passeios e experi\u00eancias para aproveitar Salvador no per\u00edodo mais festivo do ano.&nbsp;<\/em><\/p>\n\n\n\n<p>A chegada do final do ano \u00e9 um convite para celebrar e viver momentos inesquec\u00edveis. E escolher bem as experi\u00eancias e passeios \u00e9 garantir uma estadia repleta de alegria, cultura e belas paisagens. Especialmente em Salvador, cidade que respira hist\u00f3ria, m\u00fasica e uma energia contagiante.&nbsp;<\/p>\n\n\n\n<p>Se voc\u00ea est\u00e1 planejando o que fazer em Salvador no final do ano, prepare-se para um roteiro que une tradi\u00e7\u00e3o, gastronomia e festas animadas. Ao final, descubra uma proposta completa para a noite da virada no cora\u00e7\u00e3o da capital baiana.&nbsp;<\/p>\n\n\n\n<h2 class=\"wp-block-heading\"><strong>1. Curtir as praias urbanas<\/strong>&nbsp;<\/h2>\n\n\n\n<p>Nenhuma lista sobre o que fazer em Salvador no final de ano estaria completa sem citar suas praias. A Praia do Farol da Barra, por exemplo, \u00e9 uma das mais movimentadas e conta com uma vista deslumbrante para o p\u00f4r do sol. J\u00e1 Itapu\u00e3 e Stella Maris oferecem um clima mais descontra\u00eddo e s\u00e3o ideais para quem busca relaxar.&nbsp;<\/p>\n\n\n\n<p>Ademais, as praias da capital baiana ficam ainda mais vibrantes nessa \u00e9poca, reunindo turistas e moradores em clima de confraterniza\u00e7\u00e3o.&nbsp;<\/p>\n\n\n\n<figure class=\"wp-block-image size-full\"><img fetchpriority=\"high\" decoding=\"async\" width=\"1024\" height=\"682\" src=\"https:\/\/blog.deville.com.br\/wp-content\/uploads\/2025\/08\/Design-sem-nome-38-2.jpg\" alt=\"Vista do Farol da Barra em Salvador, com a praia ao redor e o mar azul ao fundo.\" class=\"wp-image-2500\" srcset=\"https:\/\/blog.deville.com.br\/wp-content\/uploads\/2025\/08\/Design-sem-nome-38-2.jpg 1024w, https:\/\/blog.deville.com.br\/wp-content\/uploads\/2025\/08\/Design-sem-nome-38-2-300x200.jpg 300w, https:\/\/blog.deville.com.br\/wp-content\/uploads\/2025\/08\/Design-sem-nome-38-2-768x512.jpg 768w\" sizes=\"(max-width: 1024px) 100vw, 1024px\" \/><\/figure>\n\n\n\n<p>Vista do Farol da Barra em Salvador, com a praia ao redor e o mar azul ao fundo. (Fonte: AdobeStock\/Reprodu\u00e7\u00e3o)<\/p>\n\n\n\n<h2 class=\"wp-block-heading\"><strong>2. Passear pelo Pelourinho e Centro Hist\u00f3rico<\/strong>&nbsp;<\/h2>\n\n\n\n<p>O Centro Hist\u00f3rico de Salvador \u00e9 uma parada obrigat\u00f3ria. Suas ruas de paralelep\u00edpedo, casar\u00f5es coloniais coloridos e igrejas seculares ganham um charme especial no final do ano. \u00c9 comum encontrar apresenta\u00e7\u00f5es culturais, shows e feirinhas espalhadas pela regi\u00e3o. Dica extra: al\u00e9m de fotografar cada detalhe, aproveite para conhecer a Igreja de S\u00e3o Francisco e a Catedral Bas\u00edlica, s\u00edmbolos da arquitetura barroca.&nbsp;<\/p>\n\n\n\n<h2 class=\"wp-block-heading\"><strong>3. Apreciar o p\u00f4r do sol no MAM ou na Ponta do Humait\u00e1<\/strong>&nbsp;<\/h2>\n\n\n\n<p>Salvador \u00e9 conhecida por ter um dos pores do sol mais bonitos do Brasil. Dois lugares imperd\u00edveis para assistir ao espet\u00e1culo s\u00e3o o Museu de Arte Moderna da Bahia (MAM), com sua famosa Jam no MAM, e a charmosa Ponta do Humait\u00e1. Ambos os locais ficam lotados nessa \u00e9poca do ano e s\u00e3o perfeitos para apreciar a energia da cidade.&nbsp;<\/p>\n\n\n\n<h2 class=\"wp-block-heading\"><strong>4. Fazer um tour gastron\u00f4mico pela cidade<\/strong>&nbsp;<\/h2>\n\n\n\n<p>A capital baiana \u00e9 um para\u00edso para os apaixonados por gastronomia. No final do ano, os restaurantes oferecem card\u00e1pios especiais e ceias de confraterniza\u00e7\u00e3o. Experimente a moqueca baiana, o acaraj\u00e9 e pratos t\u00edpicos que traduzem o sabor da Bahia.&nbsp;<\/p>\n\n\n\n<p>Bairros como Rio Vermelho e Barra concentram alguns dos melhores restaurantes e bares, ideais para uma noite animada.&nbsp;<\/p>\n\n\n\n<h2 class=\"wp-block-heading\"><strong>5. Aproveitar as festas de pr\u00e9-R\u00e9veillon e ensaios de ver\u00e3o<\/strong>&nbsp;<\/h2>\n\n\n\n<p>O final de ano em Salvador \u00e9 sin\u00f4nimo de m\u00fasica. Os tradicionais ensaios de ver\u00e3o de bandas como Timbalada, Harmonia do Samba e Il\u00ea Aiy\u00ea acontecem em dezembro e s\u00e3o experi\u00eancias \u00fanicas para quem quer viver a cultura baiana.&nbsp;<\/p>\n\n\n\n<p>Al\u00e9m disso, \u00e9 poss\u00edvel conferir as festas de pr\u00e9-R\u00e9veillon que agitam a cidade em locais como a Arena Fonte Nova e o Wet\u2019n Wild, reunindo grandes artistas nacionais e internacionais.&nbsp;<\/p>\n\n\n\n<h2 class=\"wp-block-heading\"><strong>6. Uma virada inesquec\u00edvel: R\u00e9veillon Celebrate no Hotel Deville Prime Salvador<\/strong>&nbsp;<\/h2>\n\n\n\n<p>A capital baiana tem ganhado destaque como uma das <strong>melhores cidades para passar o R\u00e9veillon no Brasil<\/strong>. Misturando tradi\u00e7\u00e3o, m\u00fasica, alegria e hospitalidade, Salvador oferece celebra\u00e7\u00f5es para todos os estilos, das grandes festas p\u00fablicas aos eventos exclusivos em hot\u00e9is de alto padr\u00e3o.&nbsp;<\/p>\n\n\n\n<p>E \u00e9 aqui que se encontra uma das experi\u00eancias mais completas para sua virada de ano: o <a href=\"https:\/\/www.deville.com.br\/reveillon-celebrate\/salvador\" target=\"_blank\" rel=\"noreferrer noopener\"><strong>R\u00e9veillon Celebrate do Hotel Deville Prime Salvador<\/strong><\/a>.&nbsp;<\/p>\n\n\n\n<h2 class=\"wp-block-heading\"><strong>Hotel Deville Prime Salvador: um R\u00e9veillon que vai al\u00e9m da expectativa<\/strong>&nbsp;<\/h2>\n\n\n\n<p>Imagine receber o novo ano cercado por comodidade, sabores marcantes e uma programa\u00e7\u00e3o cuidadosamente pensada para impactar positivamente todas as idades. No <a href=\"https:\/\/www.deville.com.br\/hotel-deville-prime-salvador\" target=\"_blank\" rel=\"noreferrer noopener\">Hotel Deville Prime Salvador<\/a>, essa experi\u00eancia ganha forma no R\u00e9veillon Celebrate 2025\/2026 \u2014<strong> <\/strong>um evento que une excel\u00eancia em hospitalidade, alta gastronomia e programa\u00e7\u00e3o especial.&nbsp;<\/p>\n\n\n\n<p><strong>Uma noite para ficar na mem\u00f3ria<\/strong>&nbsp;<\/p>\n\n\n\n<p>No \u00faltimo ano, a festa aconteceu na elegante \u00e1rea da piscina do hotel, com in\u00edcio \u00e0s 20h30, e garantiu uma passagem de ano repleta de m\u00fasica, sabores e divers\u00e3o. Entre as atra\u00e7\u00f5es que j\u00e1 participaram do evento em anos anteriores, est\u00e3o a vibrante <strong>Banda Did\u00e1, a cantora Vanessa Borges e DJs<\/strong> que comandaram a pista at\u00e9 \u00e0s 2h30 da manh\u00e3.&nbsp;<\/p>\n\n\n\n<p><strong>\u00c0 meia-noite, uma queima de fogos iluminar\u00e1 o c\u00e9u<\/strong>, marcando a chegada do novo ano com emo\u00e7\u00e3o e beleza.&nbsp;<\/p>\n\n\n\n<figure class=\"wp-block-image size-full\"><img decoding=\"async\" width=\"900\" height=\"601\" src=\"https:\/\/blog.deville.com.br\/wp-content\/uploads\/2025\/08\/image-5.png\" alt=\"\" class=\"wp-image-2489\" srcset=\"https:\/\/blog.deville.com.br\/wp-content\/uploads\/2025\/08\/image-5.png 900w, https:\/\/blog.deville.com.br\/wp-content\/uploads\/2025\/08\/image-5-300x200.png 300w, https:\/\/blog.deville.com.br\/wp-content\/uploads\/2025\/08\/image-5-768x513.png 768w\" sizes=\"(max-width: 900px) 100vw, 900px\" \/><\/figure>\n\n\n\n<p>Registro da apresenta\u00e7\u00e3o da Banda Did\u00e1 no R\u00e9veillon Celebrate 2024\/2025 do Hotel Deville Prime Salvador. (Foto: Hot\u00e9is Deville\/Reprodu\u00e7\u00e3o)<\/p>\n\n\n\n<p><strong>Um r\u00e9veillon pensado para toda a fam\u00edlia<\/strong>&nbsp;<\/p>\n\n\n\n<p>Al\u00e9m da gastronomia e da m\u00fasica, o R\u00e9veillon Celebrate se destaca por oferecer uma experi\u00eancia completa para as crian\u00e7as. O evento sempre pensa no p\u00fablico infantil, contando com buffet especial e atividades divertidas.&nbsp;&nbsp;<\/p>\n\n\n\n<p>A charmosa Sala da Soneca, dispon\u00edvel a partir das 22h, garante descanso com conforto para os pequenos.&nbsp;<\/p>\n\n\n\n<p>Crian\u00e7as de 4 a 12 anos podem participar das atividades; menores de 4 anos s\u00e3o bem-vindas, desde que acompanhadas por um respons\u00e1vel. \u00c9 a solu\u00e7\u00e3o perfeita para que toda a fam\u00edlia celebre com tranquilidade e alegria.&nbsp;<\/p>\n\n\n\n<p><strong>Pacotes especiais e condi\u00e7\u00f5es facilitadas<\/strong>&nbsp;<\/p>\n\n\n\n<p>O pacote inclui <strong>hospedagem entre os dias 27\/12\/2025 e 03\/01\/2026<\/strong>, com caf\u00e9 da manh\u00e3 incluso em todas as di\u00e1rias e jantar nas noites anteriores \u00e0 virada, no plano MAP. <strong>Tamb\u00e9m \u00e9 poss\u00edvel adquirir apenas a ceia<\/strong>, tanto via recep\u00e7\u00e3o quanto pelo Sympla (dispon\u00edvel a partir de setembro).&nbsp;<\/p>\n\n\n\n<p><strong>Um ano novo cheio de possibilidades<\/strong>&nbsp;<\/p>\n\n\n\n<p>O R\u00e9veillon no Brasil oferece experi\u00eancias para todos os gostos. Das grandes metr\u00f3poles \u00e0s praias paradis\u00edacas, h\u00e1 sempre um destino pronto para surpreender.&nbsp;&nbsp;<\/p>\n\n\n\n<p>Mas se o seu desejo \u00e9 vivenciar um fim de ano sem imprevistos, com charme, estrutura, boa m\u00fasica, gastronomia refinada e atendimento impec\u00e1vel, o Hotel Deville Prime Salvador \u00e9, sem d\u00favida, uma das melhores escolhas para passar o R\u00e9veillon 2025\/2026.&nbsp;<\/p>\n\n\n\n<p>Reserve agora e garanta sua vaga nesse evento exclusivo. Viva a virada de forma elegante, segura e cheia de alegria. Para acompanhar novidades,<strong> <\/strong>siga tamb\u00e9m o perfil do hotel no Instagram: <a href=\"https:\/\/www.instagram.com\/devillesalvador\/\">@devillesalvador<\/a>.&nbsp;<\/p>\n\n\n\n<p><strong>Confira todos os hot\u00e9is da Rede Deville que contam com programa\u00e7\u00e3o especial de fim de ano em: <\/strong><a href=\"https:\/\/www.deville.com.br\/reveillon-celebrate\" target=\"_blank\" rel=\"noreferrer noopener\"><strong>deville.com.br\/reveillon-celebrate<\/strong><\/a><strong>.&nbsp;<\/strong>&nbsp;<\/p>\n\n\n\n<p><\/p>\n","protected":false},"excerpt":{"rendered":"<p>Descubra os melhores passeios e experi\u00eancias para aproveitar Salvador no per\u00edodo mais festivo do ano.&nbsp; A chegada do final do ano \u00e9 um convite para celebrar e viver momentos inesquec\u00edveis. E escolher bem as experi\u00eancias e passeios \u00e9 garantir uma estadia repleta de alegria, cultura e belas paisagens. Especialmente em Salvador, cidade que respira hist\u00f3ria, [&hellip;]<\/p>\n","protected":false},"author":2,"featured_media":2495,"comment_status":"closed","ping_status":"open","sticky":false,"template":"","format":"standard","meta":{"_acf_changed":false,"footnotes":""},"categories":[39,3,128,5],"tags":[6,81,56],"class_list":["post-2487","post","type-post","status-publish","format-standard","has-post-thumbnail","hentry","category-cultura","category-destinos","category-salvador-ba","category-viagens","tag-dicas","tag-salvador","tag-turismo"],"acf":[],"yoast_head":"<!-- This site is optimized with the Yoast SEO plugin v27.5 - https:\/\/yoast.com\/product\/yoast-seo-wordpress\/ -->\n<title>O que fazer em Salvador no final de ano: 6 passeios e experi\u00eancias imperd\u00edveis\u00a0 - Blog Deville<\/title>\n<meta name=\"description\" content=\"Quer saber o que fazer em Salvador no final de ano? Confira nossa lista e conhe\u00e7a a experi\u00eancia completa do Hotel Deville Prime Salvador, com ceia especial, atra\u00e7\u00f5es e queima de fogos.\" \/>\n<meta name=\"robots\" content=\"index, follow, max-snippet:-1, max-image-preview:large, max-video-preview:-1\" \/>\n<link rel=\"canonical\" href=\"https:\/\/blog.deville.com.br\/destinos\/o-que-fazer-em-salvador-no-final-de-ano-6-passeios-e-experiencias-imperdiveis\/\" \/>\n<meta property=\"og:locale\" content=\"pt_BR\" \/>\n<meta property=\"og:type\" content=\"article\" \/>\n<meta property=\"og:title\" content=\"O que fazer em Salvador no final de ano: 6 passeios e experi\u00eancias imperd\u00edveis\u00a0 - Blog Deville\" \/>\n<meta property=\"og:description\" content=\"Quer saber o que fazer em Salvador no final de ano? Confira nossa lista e conhe\u00e7a a experi\u00eancia completa do Hotel Deville Prime Salvador, com ceia especial, atra\u00e7\u00f5es e queima de fogos.\" \/>\n<meta property=\"og:url\" content=\"https:\/\/blog.deville.com.br\/destinos\/o-que-fazer-em-salvador-no-final-de-ano-6-passeios-e-experiencias-imperdiveis\/\" \/>\n<meta property=\"og:site_name\" content=\"Blog Deville\" \/>\n<meta property=\"article:publisher\" content=\"https:\/\/www.facebook.com\/hoteisdeville\/\" \/>\n<meta property=\"article:published_time\" content=\"2025-08-25T14:42:55+00:00\" \/>\n<meta property=\"article:modified_time\" content=\"2026-03-10T12:09:05+00:00\" \/>\n<meta property=\"og:image\" content=\"https:\/\/blog.deville.com.br\/wp-content\/uploads\/2025\/08\/Deville-495-scaled.jpg\" \/>\n\t<meta property=\"og:image:width\" content=\"2560\" \/>\n\t<meta property=\"og:image:height\" content=\"1709\" \/>\n\t<meta property=\"og:image:type\" content=\"image\/jpeg\" \/>\n<meta name=\"author\" content=\"Eduardo Sadao\" \/>\n<meta name=\"twitter:card\" content=\"summary_large_image\" \/>\n<meta name=\"twitter:creator\" content=\"@hoteis_deville\" \/>\n<meta name=\"twitter:site\" content=\"@hoteis_deville\" \/>\n<meta name=\"twitter:label1\" content=\"Escrito por\" \/>\n\t<meta name=\"twitter:data1\" content=\"Eduardo Sadao\" \/>\n\t<meta name=\"twitter:label2\" content=\"Est. tempo de leitura\" \/>\n\t<meta name=\"twitter:data2\" content=\"7 minutos\" \/>\n<script type=\"application\/ld+json\" class=\"yoast-schema-graph\">{\"@context\":\"https:\\\/\\\/schema.org\",\"@graph\":[{\"@type\":\"Article\",\"@id\":\"https:\\\/\\\/blog.deville.com.br\\\/destinos\\\/o-que-fazer-em-salvador-no-final-de-ano-6-passeios-e-experiencias-imperdiveis\\\/#article\",\"isPartOf\":{\"@id\":\"https:\\\/\\\/blog.deville.com.br\\\/destinos\\\/o-que-fazer-em-salvador-no-final-de-ano-6-passeios-e-experiencias-imperdiveis\\\/\"},\"author\":{\"name\":\"Eduardo Sadao\",\"@id\":\"https:\\\/\\\/blog.deville.com.br\\\/#\\\/schema\\\/person\\\/e5a2d1174f6fa1f4af45e0b1ee5a9b92\"},\"headline\":\"O que fazer em Salvador no final de ano: 6 passeios e experi\u00eancias imperd\u00edveis\u00a0\",\"datePublished\":\"2025-08-25T14:42:55+00:00\",\"dateModified\":\"2026-03-10T12:09:05+00:00\",\"mainEntityOfPage\":{\"@id\":\"https:\\\/\\\/blog.deville.com.br\\\/destinos\\\/o-que-fazer-em-salvador-no-final-de-ano-6-passeios-e-experiencias-imperdiveis\\\/\"},\"wordCount\":1125,\"publisher\":{\"@id\":\"https:\\\/\\\/blog.deville.com.br\\\/#organization\"},\"image\":{\"@id\":\"https:\\\/\\\/blog.deville.com.br\\\/destinos\\\/o-que-fazer-em-salvador-no-final-de-ano-6-passeios-e-experiencias-imperdiveis\\\/#primaryimage\"},\"thumbnailUrl\":\"https:\\\/\\\/blog.deville.com.br\\\/wp-content\\\/uploads\\\/2025\\\/08\\\/Deville-495-scaled.jpg\",\"keywords\":[\"Dicas\",\"Salvador\",\"Turismo\"],\"articleSection\":[\"Cultura\",\"Destinos\",\"Salvador (BA)\",\"Viagens\"],\"inLanguage\":\"pt-BR\"},{\"@type\":\"WebPage\",\"@id\":\"https:\\\/\\\/blog.deville.com.br\\\/destinos\\\/o-que-fazer-em-salvador-no-final-de-ano-6-passeios-e-experiencias-imperdiveis\\\/\",\"url\":\"https:\\\/\\\/blog.deville.com.br\\\/destinos\\\/o-que-fazer-em-salvador-no-final-de-ano-6-passeios-e-experiencias-imperdiveis\\\/\",\"name\":\"O que fazer em Salvador no final de ano: 6 passeios e experi\u00eancias imperd\u00edveis\u00a0 - Blog Deville\",\"isPartOf\":{\"@id\":\"https:\\\/\\\/blog.deville.com.br\\\/#website\"},\"primaryImageOfPage\":{\"@id\":\"https:\\\/\\\/blog.deville.com.br\\\/destinos\\\/o-que-fazer-em-salvador-no-final-de-ano-6-passeios-e-experiencias-imperdiveis\\\/#primaryimage\"},\"image\":{\"@id\":\"https:\\\/\\\/blog.deville.com.br\\\/destinos\\\/o-que-fazer-em-salvador-no-final-de-ano-6-passeios-e-experiencias-imperdiveis\\\/#primaryimage\"},\"thumbnailUrl\":\"https:\\\/\\\/blog.deville.com.br\\\/wp-content\\\/uploads\\\/2025\\\/08\\\/Deville-495-scaled.jpg\",\"datePublished\":\"2025-08-25T14:42:55+00:00\",\"dateModified\":\"2026-03-10T12:09:05+00:00\",\"description\":\"Quer saber o que fazer em Salvador no final de ano? Confira nossa lista e conhe\u00e7a a experi\u00eancia completa do Hotel Deville Prime Salvador, com ceia especial, atra\u00e7\u00f5es e queima de fogos.\",\"breadcrumb\":{\"@id\":\"https:\\\/\\\/blog.deville.com.br\\\/destinos\\\/o-que-fazer-em-salvador-no-final-de-ano-6-passeios-e-experiencias-imperdiveis\\\/#breadcrumb\"},\"inLanguage\":\"pt-BR\",\"potentialAction\":[{\"@type\":\"ReadAction\",\"target\":[\"https:\\\/\\\/blog.deville.com.br\\\/destinos\\\/o-que-fazer-em-salvador-no-final-de-ano-6-passeios-e-experiencias-imperdiveis\\\/\"]}]},{\"@type\":\"ImageObject\",\"inLanguage\":\"pt-BR\",\"@id\":\"https:\\\/\\\/blog.deville.com.br\\\/destinos\\\/o-que-fazer-em-salvador-no-final-de-ano-6-passeios-e-experiencias-imperdiveis\\\/#primaryimage\",\"url\":\"https:\\\/\\\/blog.deville.com.br\\\/wp-content\\\/uploads\\\/2025\\\/08\\\/Deville-495-scaled.jpg\",\"contentUrl\":\"https:\\\/\\\/blog.deville.com.br\\\/wp-content\\\/uploads\\\/2025\\\/08\\\/Deville-495-scaled.jpg\",\"width\":2560,\"height\":1709,\"caption\":\"Casal com filho pequeno assistindo aos fogos do R\u00e9veillon Celebrate 2024\\\/2025 do Deville Prime Salvador (Foto: Hot\u00e9is Deville\\\/Reprodu\u00e7\u00e3o)\"},{\"@type\":\"BreadcrumbList\",\"@id\":\"https:\\\/\\\/blog.deville.com.br\\\/destinos\\\/o-que-fazer-em-salvador-no-final-de-ano-6-passeios-e-experiencias-imperdiveis\\\/#breadcrumb\",\"itemListElement\":[{\"@type\":\"ListItem\",\"position\":1,\"name\":\"In\u00edcio\",\"item\":\"https:\\\/\\\/blog.deville.com.br\\\/\"},{\"@type\":\"ListItem\",\"position\":2,\"name\":\"Concierge Digital\",\"item\":\"https:\\\/\\\/blog.deville.com.br\\\/concierge-digital\\\/\"},{\"@type\":\"ListItem\",\"position\":3,\"name\":\"Salvador (BA)\",\"item\":\"https:\\\/\\\/blog.deville.com.br\\\/concierge-digital\\\/salvador-ba\\\/\"},{\"@type\":\"ListItem\",\"position\":4,\"name\":\"O que fazer em Salvador no final de ano: 6 passeios e experi\u00eancias imperd\u00edveis\u00a0\"}]},{\"@type\":\"WebSite\",\"@id\":\"https:\\\/\\\/blog.deville.com.br\\\/#website\",\"url\":\"https:\\\/\\\/blog.deville.com.br\\\/\",\"name\":\"Blog Deville\",\"description\":\"\",\"publisher\":{\"@id\":\"https:\\\/\\\/blog.deville.com.br\\\/#organization\"},\"potentialAction\":[{\"@type\":\"SearchAction\",\"target\":{\"@type\":\"EntryPoint\",\"urlTemplate\":\"https:\\\/\\\/blog.deville.com.br\\\/?s={search_term_string}\"},\"query-input\":{\"@type\":\"PropertyValueSpecification\",\"valueRequired\":true,\"valueName\":\"search_term_string\"}}],\"inLanguage\":\"pt-BR\"},{\"@type\":\"Organization\",\"@id\":\"https:\\\/\\\/blog.deville.com.br\\\/#organization\",\"name\":\"Hot\u00e9is Deville\",\"url\":\"https:\\\/\\\/blog.deville.com.br\\\/\",\"logo\":{\"@type\":\"ImageObject\",\"inLanguage\":\"pt-BR\",\"@id\":\"https:\\\/\\\/blog.deville.com.br\\\/#\\\/schema\\\/logo\\\/image\\\/\",\"url\":\"https:\\\/\\\/blog.deville.com.br\\\/wp-content\\\/uploads\\\/2024\\\/08\\\/Deville_Logo.svg\",\"contentUrl\":\"https:\\\/\\\/blog.deville.com.br\\\/wp-content\\\/uploads\\\/2024\\\/08\\\/Deville_Logo.svg\",\"width\":139,\"height\":50,\"caption\":\"Hot\u00e9is Deville\"},\"image\":{\"@id\":\"https:\\\/\\\/blog.deville.com.br\\\/#\\\/schema\\\/logo\\\/image\\\/\"},\"sameAs\":[\"https:\\\/\\\/www.facebook.com\\\/hoteisdeville\\\/\",\"https:\\\/\\\/x.com\\\/hoteis_deville\",\"https:\\\/\\\/www.instagram.com\\\/hoteisdeville\\\/\",\"https:\\\/\\\/www.linkedin.com\\\/company\\\/hoteis-deville\\\/\"]},{\"@type\":\"Person\",\"@id\":\"https:\\\/\\\/blog.deville.com.br\\\/#\\\/schema\\\/person\\\/e5a2d1174f6fa1f4af45e0b1ee5a9b92\",\"name\":\"Eduardo Sadao\",\"image\":{\"@type\":\"ImageObject\",\"inLanguage\":\"pt-BR\",\"@id\":\"https:\\\/\\\/secure.gravatar.com\\\/avatar\\\/67d8d39b54ba97ba14d429e77886caa07d1733692959d0f0b17e48572261b638?s=96&d=mm&r=g\",\"url\":\"https:\\\/\\\/secure.gravatar.com\\\/avatar\\\/67d8d39b54ba97ba14d429e77886caa07d1733692959d0f0b17e48572261b638?s=96&d=mm&r=g\",\"contentUrl\":\"https:\\\/\\\/secure.gravatar.com\\\/avatar\\\/67d8d39b54ba97ba14d429e77886caa07d1733692959d0f0b17e48572261b638?s=96&d=mm&r=g\",\"caption\":\"Eduardo Sadao\"},\"url\":\"https:\\\/\\\/blog.deville.com.br\\\/author\\\/edu-sadao\\\/\"}]}<\/script>\n<!-- \/ Yoast SEO plugin. -->","yoast_head_json":{"title":"O que fazer em Salvador no final de ano: 6 passeios e experi\u00eancias imperd\u00edveis\u00a0 - Blog Deville","description":"Quer saber o que fazer em Salvador no final de ano? Confira nossa lista e conhe\u00e7a a experi\u00eancia completa do Hotel Deville Prime Salvador, com ceia especial, atra\u00e7\u00f5es e queima de fogos.","robots":{"index":"index","follow":"follow","max-snippet":"max-snippet:-1","max-image-preview":"max-image-preview:large","max-video-preview":"max-video-preview:-1"},"canonical":"https:\/\/blog.deville.com.br\/destinos\/o-que-fazer-em-salvador-no-final-de-ano-6-passeios-e-experiencias-imperdiveis\/","og_locale":"pt_BR","og_type":"article","og_title":"O que fazer em Salvador no final de ano: 6 passeios e experi\u00eancias imperd\u00edveis\u00a0 - Blog Deville","og_description":"Quer saber o que fazer em Salvador no final de ano? Confira nossa lista e conhe\u00e7a a experi\u00eancia completa do Hotel Deville Prime Salvador, com ceia especial, atra\u00e7\u00f5es e queima de fogos.","og_url":"https:\/\/blog.deville.com.br\/destinos\/o-que-fazer-em-salvador-no-final-de-ano-6-passeios-e-experiencias-imperdiveis\/","og_site_name":"Blog Deville","article_publisher":"https:\/\/www.facebook.com\/hoteisdeville\/","article_published_time":"2025-08-25T14:42:55+00:00","article_modified_time":"2026-03-10T12:09:05+00:00","og_image":[{"width":2560,"height":1709,"url":"https:\/\/blog.deville.com.br\/wp-content\/uploads\/2025\/08\/Deville-495-scaled.jpg","type":"image\/jpeg"}],"author":"Eduardo Sadao","twitter_card":"summary_large_image","twitter_creator":"@hoteis_deville","twitter_site":"@hoteis_deville","twitter_misc":{"Escrito por":"Eduardo Sadao","Est. tempo de leitura":"7 minutos"},"schema":{"@context":"https:\/\/schema.org","@graph":[{"@type":"Article","@id":"https:\/\/blog.deville.com.br\/destinos\/o-que-fazer-em-salvador-no-final-de-ano-6-passeios-e-experiencias-imperdiveis\/#article","isPartOf":{"@id":"https:\/\/blog.deville.com.br\/destinos\/o-que-fazer-em-salvador-no-final-de-ano-6-passeios-e-experiencias-imperdiveis\/"},"author":{"name":"Eduardo Sadao","@id":"https:\/\/blog.deville.com.br\/#\/schema\/person\/e5a2d1174f6fa1f4af45e0b1ee5a9b92"},"headline":"O que fazer em Salvador no final de ano: 6 passeios e experi\u00eancias imperd\u00edveis\u00a0","datePublished":"2025-08-25T14:42:55+00:00","dateModified":"2026-03-10T12:09:05+00:00","mainEntityOfPage":{"@id":"https:\/\/blog.deville.com.br\/destinos\/o-que-fazer-em-salvador-no-final-de-ano-6-passeios-e-experiencias-imperdiveis\/"},"wordCount":1125,"publisher":{"@id":"https:\/\/blog.deville.com.br\/#organization"},"image":{"@id":"https:\/\/blog.deville.com.br\/destinos\/o-que-fazer-em-salvador-no-final-de-ano-6-passeios-e-experiencias-imperdiveis\/#primaryimage"},"thumbnailUrl":"https:\/\/blog.deville.com.br\/wp-content\/uploads\/2025\/08\/Deville-495-scaled.jpg","keywords":["Dicas","Salvador","Turismo"],"articleSection":["Cultura","Destinos","Salvador (BA)","Viagens"],"inLanguage":"pt-BR"},{"@type":"WebPage","@id":"https:\/\/blog.deville.com.br\/destinos\/o-que-fazer-em-salvador-no-final-de-ano-6-passeios-e-experiencias-imperdiveis\/","url":"https:\/\/blog.deville.com.br\/destinos\/o-que-fazer-em-salvador-no-final-de-ano-6-passeios-e-experiencias-imperdiveis\/","name":"O que fazer em Salvador no final de ano: 6 passeios e experi\u00eancias imperd\u00edveis\u00a0 - Blog Deville","isPartOf":{"@id":"https:\/\/blog.deville.com.br\/#website"},"primaryImageOfPage":{"@id":"https:\/\/blog.deville.com.br\/destinos\/o-que-fazer-em-salvador-no-final-de-ano-6-passeios-e-experiencias-imperdiveis\/#primaryimage"},"image":{"@id":"https:\/\/blog.deville.com.br\/destinos\/o-que-fazer-em-salvador-no-final-de-ano-6-passeios-e-experiencias-imperdiveis\/#primaryimage"},"thumbnailUrl":"https:\/\/blog.deville.com.br\/wp-content\/uploads\/2025\/08\/Deville-495-scaled.jpg","datePublished":"2025-08-25T14:42:55+00:00","dateModified":"2026-03-10T12:09:05+00:00","description":"Quer saber o que fazer em Salvador no final de ano? Confira nossa lista e conhe\u00e7a a experi\u00eancia completa do Hotel Deville Prime Salvador, com ceia especial, atra\u00e7\u00f5es e queima de fogos.","breadcrumb":{"@id":"https:\/\/blog.deville.com.br\/destinos\/o-que-fazer-em-salvador-no-final-de-ano-6-passeios-e-experiencias-imperdiveis\/#breadcrumb"},"inLanguage":"pt-BR","potentialAction":[{"@type":"ReadAction","target":["https:\/\/blog.deville.com.br\/destinos\/o-que-fazer-em-salvador-no-final-de-ano-6-passeios-e-experiencias-imperdiveis\/"]}]},{"@type":"ImageObject","inLanguage":"pt-BR","@id":"https:\/\/blog.deville.com.br\/destinos\/o-que-fazer-em-salvador-no-final-de-ano-6-passeios-e-experiencias-imperdiveis\/#primaryimage","url":"https:\/\/blog.deville.com.br\/wp-content\/uploads\/2025\/08\/Deville-495-scaled.jpg","contentUrl":"https:\/\/blog.deville.com.br\/wp-content\/uploads\/2025\/08\/Deville-495-scaled.jpg","width":2560,"height":1709,"caption":"Casal com filho pequeno assistindo aos fogos do R\u00e9veillon Celebrate 2024\/2025 do Deville Prime Salvador (Foto: Hot\u00e9is Deville\/Reprodu\u00e7\u00e3o)"},{"@type":"BreadcrumbList","@id":"https:\/\/blog.deville.com.br\/destinos\/o-que-fazer-em-salvador-no-final-de-ano-6-passeios-e-experiencias-imperdiveis\/#breadcrumb","itemListElement":[{"@type":"ListItem","position":1,"name":"In\u00edcio","item":"https:\/\/blog.deville.com.br\/"},{"@type":"ListItem","position":2,"name":"Concierge Digital","item":"https:\/\/blog.deville.com.br\/concierge-digital\/"},{"@type":"ListItem","position":3,"name":"Salvador (BA)","item":"https:\/\/blog.deville.com.br\/concierge-digital\/salvador-ba\/"},{"@type":"ListItem","position":4,"name":"O que fazer em Salvador no final de ano: 6 passeios e experi\u00eancias imperd\u00edveis\u00a0"}]},{"@type":"WebSite","@id":"https:\/\/blog.deville.com.br\/#website","url":"https:\/\/blog.deville.com.br\/","name":"Blog Deville","description":"","publisher":{"@id":"https:\/\/blog.deville.com.br\/#organization"},"potentialAction":[{"@type":"SearchAction","target":{"@type":"EntryPoint","urlTemplate":"https:\/\/blog.deville.com.br\/?s={search_term_string}"},"query-input":{"@type":"PropertyValueSpecification","valueRequired":true,"valueName":"search_term_string"}}],"inLanguage":"pt-BR"},{"@type":"Organization","@id":"https:\/\/blog.deville.com.br\/#organization","name":"Hot\u00e9is Deville","url":"https:\/\/blog.deville.com.br\/","logo":{"@type":"ImageObject","inLanguage":"pt-BR","@id":"https:\/\/blog.deville.com.br\/#\/schema\/logo\/image\/","url":"https:\/\/blog.deville.com.br\/wp-content\/uploads\/2024\/08\/Deville_Logo.svg","contentUrl":"https:\/\/blog.deville.com.br\/wp-content\/uploads\/2024\/08\/Deville_Logo.svg","width":139,"height":50,"caption":"Hot\u00e9is Deville"},"image":{"@id":"https:\/\/blog.deville.com.br\/#\/schema\/logo\/image\/"},"sameAs":["https:\/\/www.facebook.com\/hoteisdeville\/","https:\/\/x.com\/hoteis_deville","https:\/\/www.instagram.com\/hoteisdeville\/","https:\/\/www.linkedin.com\/company\/hoteis-deville\/"]},{"@type":"Person","@id":"https:\/\/blog.deville.com.br\/#\/schema\/person\/e5a2d1174f6fa1f4af45e0b1ee5a9b92","name":"Eduardo Sadao","image":{"@type":"ImageObject","inLanguage":"pt-BR","@id":"https:\/\/secure.gravatar.com\/avatar\/67d8d39b54ba97ba14d429e77886caa07d1733692959d0f0b17e48572261b638?s=96&d=mm&r=g","url":"https:\/\/secure.gravatar.com\/avatar\/67d8d39b54ba97ba14d429e77886caa07d1733692959d0f0b17e48572261b638?s=96&d=mm&r=g","contentUrl":"https:\/\/secure.gravatar.com\/avatar\/67d8d39b54ba97ba14d429e77886caa07d1733692959d0f0b17e48572261b638?s=96&d=mm&r=g","caption":"Eduardo Sadao"},"url":"https:\/\/blog.deville.com.br\/author\/edu-sadao\/"}]}},"publishpress_future_action":{"enabled":false,"date":"2026-05-07 11:05:11","action":"change-status","newStatus":"draft","terms":[],"taxonomy":"category","extraData":[]},"publishpress_future_workflow_manual_trigger":{"enabledWorkflows":[]},"_links":{"self":[{"href":"https:\/\/blog.deville.com.br\/devillemkt6_json\/wp\/v2\/posts\/2487","targetHints":{"allow":["GET"]}}],"collection":[{"href":"https:\/\/blog.deville.com.br\/devillemkt6_json\/wp\/v2\/posts"}],"about":[{"href":"https:\/\/blog.deville.com.br\/devillemkt6_json\/wp\/v2\/types\/post"}],"author":[{"embeddable":true,"href":"https:\/\/blog.deville.com.br\/devillemkt6_json\/wp\/v2\/users\/2"}],"replies":[{"embeddable":true,"href":"https:\/\/blog.deville.com.br\/devillemkt6_json\/wp\/v2\/comments?post=2487"}],"version-history":[{"count":9,"href":"https:\/\/blog.deville.com.br\/devillemkt6_json\/wp\/v2\/posts\/2487\/revisions"}],"predecessor-version":[{"id":2514,"href":"https:\/\/blog.deville.com.br\/devillemkt6_json\/wp\/v2\/posts\/2487\/revisions\/2514"}],"wp:featuredmedia":[{"embeddable":true,"href":"https:\/\/blog.deville.com.br\/devillemkt6_json\/wp\/v2\/media\/2495"}],"wp:attachment":[{"href":"https:\/\/blog.deville.com.br\/devillemkt6_json\/wp\/v2\/media?parent=2487"}],"wp:term":[{"taxonomy":"category","embeddable":true,"href":"https:\/\/blog.deville.com.br\/devillemkt6_json\/wp\/v2\/categories?post=2487"},{"taxonomy":"post_tag","embeddable":true,"href":"https:\/\/blog.deville.com.br\/devillemkt6_json\/wp\/v2\/tags?post=2487"}],"curies":[{"name":"wp","href":"https:\/\/api.w.org\/{rel}","templated":true}]}}