{"id":2537,"date":"2025-07-11T10:25:29","date_gmt":"2025-07-11T13:25:29","guid":{"rendered":"https:\/\/blog.deville.com.br\/?p=2537"},"modified":"2025-09-23T10:49:47","modified_gmt":"2025-09-23T13:49:47","slug":"the-westin-sao-paulo-conheca-o-novo-hotel-da-rede-deville","status":"publish","type":"post","link":"https:\/\/blog.deville.com.br\/blog\/the-westin-sao-paulo-conheca-o-novo-hotel-da-rede-deville\/","title":{"rendered":"The Westin S\u00e3o Paulo: conhe\u00e7a o novo hotel da Rede Deville\u00a0"},"content":{"rendered":"\n<p><em>Conhe\u00e7a o The Westin S\u00e3o Paulo: localiza\u00e7\u00e3o, conforto e experi\u00eancias \u00fanicas no cora\u00e7\u00e3o do Itaim Bibi.<\/em>\u00a0<\/p>\n\n\n\n<p>Em uma das regi\u00f5es mais prestigiadas da capital paulista, nasce um novo \u00edcone da hospitalidade: o <strong>The Westin S\u00e3o Paulo<\/strong>. Resultado da parceria entre a rede de <a href=\"https:\/\/www.deville.com.br\/\" target=\"_blank\" rel=\"noreferrer noopener\">Hot\u00e9is Deville<\/a> e a bandeira internacional da Marriott, o hotel representa mais do que uma nova op\u00e7\u00e3o de hospedagem em S\u00e3o Paulo, ele \u00e9 uma promessa de experi\u00eancia completa onde conforto e bem-estar se entrela\u00e7am em cada detalhe.\u00a0<\/p>\n\n\n\n<p>Neste conte\u00fado, voc\u00ea vai conhecer tudo sobre o mais novo hotel localizado no cora\u00e7\u00e3o do Itaim Bibi: diferenciais, ambientes exclusivos e a atmosfera que o torna imperd\u00edvel.&nbsp;<\/p>\n\n\n\n<p><strong>The Westin S\u00e3o Paulo: ref\u00fagio urbano no Itaim Bibi<\/strong>&nbsp;<\/p>\n\n\n\n<p>Localizado em um dos bairros mais nobres da cidade, <a href=\"https:\/\/www.instagram.com\/thewestinsp\/\" target=\"_blank\" rel=\"noreferrer noopener\">The Westin S\u00e3o Paulo<\/a> est\u00e1 pr\u00f3ximo \u00e0s principais avenidas da capital, como Faria Lima, Juscelino Kubitschek e Brigadeiro Lu\u00eds Ant\u00f4nio.&nbsp;&nbsp;<\/p>\n\n\n\n<p>Cercado por centros financeiros, butiques, galerias de arte, parques e restaurantes premiados, o hotel se posiciona como uma op\u00e7\u00e3o ideal para viajantes a neg\u00f3cios, mas tamb\u00e9m para quem deseja explorar o melhor da cidade com conforto.&nbsp;<\/p>\n\n\n\n<p>O Itaim Bibi \u00e9, por si s\u00f3, uma atra\u00e7\u00e3o \u00e0 parte. Cosmopolita, din\u00e2mico e, ao mesmo tempo, acolhedor, o bairro proporciona uma experi\u00eancia \u00fanica a quem se hospeda na regi\u00e3o. E \u00e9 exatamente essa energia que o hotel traduz em cada ambiente, com design inspirado na biofilia e uma proposta que valoriza o bem-estar em todas as suas formas.&nbsp;<\/p>\n\n\n\n<p><strong>Westin: sin\u00f4nimo de bem-estar<\/strong>&nbsp;<\/p>\n\n\n\n<p>Para al\u00e9m da localiza\u00e7\u00e3o privilegiada, o verdadeiro encanto est\u00e1 na ess\u00eancia da pr\u00f3pria bandeira Westin. Reconhecida mundialmente por oferecer experi\u00eancias pautadas no cuidado com o corpo e a mente, a marca transforma cada estadia em uma viagem restauradora.&nbsp;<\/p>\n\n\n\n<p>Inspirado nos seis pilares da marca Westin, da Marriott International \u2014 Sleep Well, Eat Well, Move Well, Work Well, Play Well e Feel Well \u2014 o hotel possui uma estrutura completa para garantir momentos de autocuidado e desenvolver iniciativas concretas.&nbsp;<\/p>\n\n\n\n<p>O<strong> programa Westin WORKOUT<\/strong>, por exemplo, permite que os h\u00f3spedes mantenham sua rotina de treinos com equipamentos de \u00faltima gera\u00e7\u00e3o em ambientes preparados para estimular o movimento. J\u00e1 o <strong>menu Eat Well<\/strong> oferece uma sele\u00e7\u00e3o de pratos saud\u00e1veis, pensados para quem valoriza a alimenta\u00e7\u00e3o consciente, sem prescindir do prazer.&nbsp;<\/p>\n\n\n\n<p>Outro destaque \u00e9 o <strong>Sleep Well<\/strong>, uma curadoria para promover noites revigorantes. Os quartos s\u00e3o equipados com a tradicional cama <strong>Heavenly Bed<\/strong>, exclusividade da rede, que proporciona o mais alto n\u00edvel de conforto, com colch\u00f5es ergon\u00f4micos, enxovais macios e travesseiros que proporcionam maior descanso.&nbsp;<\/p>\n\n\n\n<p><\/p>\n\n\n\n<figure class=\"wp-block-image size-full\"><img fetchpriority=\"high\" decoding=\"async\" width=\"900\" height=\"601\" src=\"https:\/\/blog.deville.com.br\/wp-content\/uploads\/2025\/09\/image-3.png\" alt=\"\" class=\"wp-image-2538\" srcset=\"https:\/\/blog.deville.com.br\/wp-content\/uploads\/2025\/09\/image-3.png 900w, https:\/\/blog.deville.com.br\/wp-content\/uploads\/2025\/09\/image-3-300x200.png 300w, https:\/\/blog.deville.com.br\/wp-content\/uploads\/2025\/09\/image-3-768x513.png 768w\" sizes=\"(max-width: 900px) 100vw, 900px\" \/><\/figure>\n\n\n\n<p> Venda para os olhos personalizada do Hotel The Westin S\u00e3o Paulo em cima de uma cama, elemento que refor\u00e7a um dos pilares de marca: <em>\u201cSleep Well\u201d.<\/em> (Foto: Tadeu Brunelli\/The Westin S\u00e3o Paulo\/Reprodu\u00e7\u00e3o)\u00a0<\/p>\n\n\n\n<p><strong>Ambientes acolhedores<\/strong>&nbsp;<\/p>\n\n\n\n<p>Cada espa\u00e7o do The Westin S\u00e3o Paulo foi pensado para promover encantamento. Da recep\u00e7\u00e3o ao rooftop, o projeto arquitet\u00f4nico e de interiores mistura linhas modernas com toques naturais, resultando em ambientes que acolhem e inspiram tranquilidade.&nbsp;<\/p>\n\n\n\n<p>Os quartos e su\u00edtes recebem luz natural, sendo decorados com uma paleta de tons suaves, <strong>transmitindo a sensa\u00e7\u00e3o de ref\u00fagio urbano<\/strong>. Assim, cada detalhe contribui para um momento de pausa e cuidado, da textura das cortinas ao aroma ambiente.&nbsp;<\/p>\n\n\n\n<figure class=\"wp-block-image size-full\"><img decoding=\"async\" width=\"900\" height=\"601\" src=\"https:\/\/blog.deville.com.br\/wp-content\/uploads\/2025\/09\/image-4.png\" alt=\"\" class=\"wp-image-2539\" srcset=\"https:\/\/blog.deville.com.br\/wp-content\/uploads\/2025\/09\/image-4.png 900w, https:\/\/blog.deville.com.br\/wp-content\/uploads\/2025\/09\/image-4-300x200.png 300w, https:\/\/blog.deville.com.br\/wp-content\/uploads\/2025\/09\/image-4-768x513.png 768w\" sizes=\"(max-width: 900px) 100vw, 900px\" \/><\/figure>\n\n\n\n<p> Um dos quartos do The Westin S\u00e3o Paulo, com cama, cadeira, mesa e vista para a cidade. (Foto: Tadeu Brunelli\/The Westin S\u00e3o Paulo\/Reprodu\u00e7\u00e3o)\u00a0<\/p>\n\n\n\n<p>J\u00e1 as<strong> <\/strong>\u00e1reas comuns<strong> <\/strong>s\u00e3o um convite ao encontro, seja para neg\u00f3cios ou lazer. O lobby amplo, com p\u00e9-direito alto e mobili\u00e1rio contempor\u00e2neo, convida \u00e0 perman\u00eancia. A piscina, com vista panor\u00e2mica, foi pensada para os h\u00f3spedes poderem relaxar entre um compromisso e outro. E o centro de conven\u00e7\u00f5es, vers\u00e1til e tecnologicamente equipado, refor\u00e7a o posicionamento do hotel como um endere\u00e7o de excel\u00eancia para eventos corporativos e sociais.&nbsp;<\/p>\n\n\n\n<p><strong>Gastronomia de alto n\u00edvel: <\/strong><strong>Quint.e Restaurante e Bar<\/strong>&nbsp;<\/p>\n\n\n\n<p>O<strong> <\/strong><a href=\"https:\/\/www.instagram.com\/quinterestaurante\" target=\"_blank\" rel=\"noreferrer noopener\"><strong>Quint.e<\/strong><\/a> foi inspirado no conceito de quintess\u00eancia: o que h\u00e1 de mais puro, essencial e elevado. O restaurante visa oferecer uma experi\u00eancia sensorial que traduz os cinco elementos fundamentais do universo em forma, aroma e sabor.&nbsp;<\/p>\n\n\n\n<p>Comandado pelo Chef C\u00e9sar Canizza, e com menu assinado pela renomada Bel Coelho, o menu exclusivo do Quint.e combina o melhor da gastronomia brasileira e internacional em pratos sofisticados, preparados com a leveza e o cuidado de uma verdadeira obra de arte.&nbsp;&nbsp;<\/p>\n\n\n\n<p>Do <strong>caf\u00e9 da manh\u00e3 <\/strong>com p\u00e3es artesanais, frutas frescas e sucos a<strong> pratos elaborados no jantar<\/strong>, cada refei\u00e7\u00e3o no Quint.e foi pensada para despertar o paladar. Para acompanhar, uma <strong>carta de drinks<\/strong> de autoria do mixologista Marcelo Serrano, e um servi\u00e7o \u00e0 altura dos grandes centros gastron\u00f4micos internacionais.&nbsp;<\/p>\n\n\n\n<p>J\u00e1 o <strong>Bar Lobby <\/strong>\u00e9 o local ideal para encontros descontra\u00eddos ou drinks ao entardecer. Com atmosfera aconchegante e vista privilegiada, serve coquet\u00e9is autorais e petiscos refinados, tornando-se um dos hotspots do Itaim para quem quiser explorar momentos de leveza.&nbsp;<\/p>\n\n\n\n<p><strong>Convite \u00e0 comodidade<\/strong>&nbsp;<\/p>\n\n\n\n<p>Hospedar-se no The Westin S\u00e3o Paulo \u00e9 mais do que simplesmente reservar um quarto, \u00e9 optar por um estilo de vida que valoriza o equil\u00edbrio, o prazer e a qualidade em cada detalhe. Tudo foi pensado para oferecer uma estadia memor\u00e1vel: desde o atendimento atencioso e personalizado at\u00e9 a curadoria de experi\u00eancias que transformam o comum em extraordin\u00e1rio.&nbsp;<\/p>\n\n\n\n<p>A proposta do hotel est\u00e1 alinhada aos princ\u00edpios do <strong>conceito \u201cwellness\u201d<\/strong>, que guia cada passo da marca Westin ao redor do mundo. Nele, voc\u00ea encontra o ambiente ideal para recarregar as energias, manter uma rotina saud\u00e1vel mesmo longe de casa e viver de forma \u00fanica em uma das cidades mais intensas do Brasil.&nbsp;<\/p>\n\n\n\n<p>E o melhor: agora, voc\u00ea pode viver uma experi\u00eancia com padr\u00e3o de qualidade Deville tamb\u00e9m na capital paulista. O The Westin S\u00e3o Paulo chegou para redefinir o conceito de hospitalidade na cidade e, agora, est\u00e1 pronto para te receber!&nbsp;<\/p>\n\n\n\n<p><strong>Reserve sua pr\u00f3xima experi\u00eancia<\/strong>&nbsp;<\/p>\n\n\n\n<p>Descubra tudo o que o The Westin S\u00e3o Paulo pode oferecer e permita-se viver momentos marcantes. <a href=\"https:\/\/www.marriott.com\/pt-br\/hotels\/saowi-the-westin-sao-paulo\/overview\/?nst=paid&amp;hmGUID=265cc622-5ee6-4491-1291-8d7e7494c7ec\" target=\"_blank\" rel=\"noreferrer noopener\"><strong>Visite o site oficial<\/strong><\/a> e fa\u00e7a agora mesmo sua reserva.&nbsp;<\/p>\n","protected":false},"excerpt":{"rendered":"<p>Conhe\u00e7a o The Westin S\u00e3o Paulo: localiza\u00e7\u00e3o, conforto e experi\u00eancias \u00fanicas no cora\u00e7\u00e3o do Itaim Bibi.\u00a0 Em uma das regi\u00f5es mais prestigiadas da capital paulista, nasce um novo \u00edcone da hospitalidade: o The Westin S\u00e3o Paulo. Resultado da parceria entre a rede de Hot\u00e9is Deville e a bandeira internacional da Marriott, o hotel representa mais [&hellip;]<\/p>\n","protected":false},"author":2,"featured_media":2541,"comment_status":"closed","ping_status":"open","sticky":false,"template":"","format":"standard","meta":{"_acf_changed":false,"footnotes":""},"categories":[1,3,8,137,5],"tags":[6,9,56],"class_list":["post-2537","post","type-post","status-publish","format-standard","has-post-thumbnail","hentry","category-blog","category-destinos","category-gastronomia","category-guarulhos-sp","category-viagens","tag-dicas","tag-gastronomia","tag-turismo"],"acf":[],"yoast_head":"<!-- This site is optimized with the Yoast SEO plugin v27.4 - https:\/\/yoast.com\/product\/yoast-seo-wordpress\/ -->\n<title>The Westin S\u00e3o Paulo: conhe\u00e7a o novo hotel da Rede Deville\u00a0 - Blog Deville<\/title>\n<meta name=\"description\" content=\"Descubra o The Westin S\u00e3o Paulo, novo hotel da Rede Deville localizado no Itaim Bibi que une bem-estar e gastronomia de alto padr\u00e3o.\" \/>\n<meta name=\"robots\" content=\"index, follow, max-snippet:-1, max-image-preview:large, max-video-preview:-1\" \/>\n<link rel=\"canonical\" href=\"https:\/\/blog.deville.com.br\/blog\/the-westin-sao-paulo-conheca-o-novo-hotel-da-rede-deville\/\" \/>\n<meta property=\"og:locale\" content=\"pt_BR\" \/>\n<meta property=\"og:type\" content=\"article\" \/>\n<meta property=\"og:title\" content=\"The Westin S\u00e3o Paulo: conhe\u00e7a o novo hotel da Rede Deville\u00a0 - Blog Deville\" \/>\n<meta property=\"og:description\" content=\"Descubra o The Westin S\u00e3o Paulo, novo hotel da Rede Deville localizado no Itaim Bibi que une bem-estar e gastronomia de alto padr\u00e3o.\" \/>\n<meta property=\"og:url\" content=\"https:\/\/blog.deville.com.br\/blog\/the-westin-sao-paulo-conheca-o-novo-hotel-da-rede-deville\/\" \/>\n<meta property=\"og:site_name\" content=\"Blog Deville\" \/>\n<meta property=\"article:publisher\" content=\"https:\/\/www.facebook.com\/hoteisdeville\/\" \/>\n<meta property=\"article:published_time\" content=\"2025-07-11T13:25:29+00:00\" \/>\n<meta property=\"article:modified_time\" content=\"2025-09-23T13:49:47+00:00\" \/>\n<meta property=\"og:image\" content=\"https:\/\/blog.deville.com.br\/wp-content\/uploads\/2025\/09\/5b475b48-0a66-422a-8f11-4cf998bc22fa.png\" \/>\n\t<meta property=\"og:image:width\" content=\"900\" \/>\n\t<meta property=\"og:image:height\" content=\"601\" \/>\n\t<meta property=\"og:image:type\" content=\"image\/png\" \/>\n<meta name=\"author\" content=\"Eduardo Sadao\" \/>\n<meta name=\"twitter:card\" content=\"summary_large_image\" \/>\n<meta name=\"twitter:creator\" content=\"@hoteis_deville\" \/>\n<meta name=\"twitter:site\" content=\"@hoteis_deville\" \/>\n<meta name=\"twitter:label1\" content=\"Escrito por\" \/>\n\t<meta name=\"twitter:data1\" content=\"Eduardo Sadao\" \/>\n\t<meta name=\"twitter:label2\" content=\"Est. tempo de leitura\" \/>\n\t<meta name=\"twitter:data2\" content=\"6 minutos\" \/>\n<script type=\"application\/ld+json\" class=\"yoast-schema-graph\">{\"@context\":\"https:\\\/\\\/schema.org\",\"@graph\":[{\"@type\":\"Article\",\"@id\":\"https:\\\/\\\/blog.deville.com.br\\\/blog\\\/the-westin-sao-paulo-conheca-o-novo-hotel-da-rede-deville\\\/#article\",\"isPartOf\":{\"@id\":\"https:\\\/\\\/blog.deville.com.br\\\/blog\\\/the-westin-sao-paulo-conheca-o-novo-hotel-da-rede-deville\\\/\"},\"author\":{\"name\":\"Eduardo Sadao\",\"@id\":\"https:\\\/\\\/blog.deville.com.br\\\/#\\\/schema\\\/person\\\/e5a2d1174f6fa1f4af45e0b1ee5a9b92\"},\"headline\":\"The Westin S\u00e3o Paulo: conhe\u00e7a o novo hotel da Rede Deville\u00a0\",\"datePublished\":\"2025-07-11T13:25:29+00:00\",\"dateModified\":\"2025-09-23T13:49:47+00:00\",\"mainEntityOfPage\":{\"@id\":\"https:\\\/\\\/blog.deville.com.br\\\/blog\\\/the-westin-sao-paulo-conheca-o-novo-hotel-da-rede-deville\\\/\"},\"wordCount\":1103,\"publisher\":{\"@id\":\"https:\\\/\\\/blog.deville.com.br\\\/#organization\"},\"image\":{\"@id\":\"https:\\\/\\\/blog.deville.com.br\\\/blog\\\/the-westin-sao-paulo-conheca-o-novo-hotel-da-rede-deville\\\/#primaryimage\"},\"thumbnailUrl\":\"https:\\\/\\\/blog.deville.com.br\\\/wp-content\\\/uploads\\\/2025\\\/09\\\/5b475b48-0a66-422a-8f11-4cf998bc22fa.png\",\"keywords\":[\"Dicas\",\"Gastronomia\",\"Turismo\"],\"articleSection\":[\"Blog\",\"Destinos\",\"Gastronomia\",\"Guarulhos (SP)\",\"Viagens\"],\"inLanguage\":\"pt-BR\"},{\"@type\":\"WebPage\",\"@id\":\"https:\\\/\\\/blog.deville.com.br\\\/blog\\\/the-westin-sao-paulo-conheca-o-novo-hotel-da-rede-deville\\\/\",\"url\":\"https:\\\/\\\/blog.deville.com.br\\\/blog\\\/the-westin-sao-paulo-conheca-o-novo-hotel-da-rede-deville\\\/\",\"name\":\"The Westin S\u00e3o Paulo: conhe\u00e7a o novo hotel da Rede Deville\u00a0 - Blog Deville\",\"isPartOf\":{\"@id\":\"https:\\\/\\\/blog.deville.com.br\\\/#website\"},\"primaryImageOfPage\":{\"@id\":\"https:\\\/\\\/blog.deville.com.br\\\/blog\\\/the-westin-sao-paulo-conheca-o-novo-hotel-da-rede-deville\\\/#primaryimage\"},\"image\":{\"@id\":\"https:\\\/\\\/blog.deville.com.br\\\/blog\\\/the-westin-sao-paulo-conheca-o-novo-hotel-da-rede-deville\\\/#primaryimage\"},\"thumbnailUrl\":\"https:\\\/\\\/blog.deville.com.br\\\/wp-content\\\/uploads\\\/2025\\\/09\\\/5b475b48-0a66-422a-8f11-4cf998bc22fa.png\",\"datePublished\":\"2025-07-11T13:25:29+00:00\",\"dateModified\":\"2025-09-23T13:49:47+00:00\",\"description\":\"Descubra o The Westin S\u00e3o Paulo, novo hotel da Rede Deville localizado no Itaim Bibi que une bem-estar e gastronomia de alto padr\u00e3o.\",\"breadcrumb\":{\"@id\":\"https:\\\/\\\/blog.deville.com.br\\\/blog\\\/the-westin-sao-paulo-conheca-o-novo-hotel-da-rede-deville\\\/#breadcrumb\"},\"inLanguage\":\"pt-BR\",\"potentialAction\":[{\"@type\":\"ReadAction\",\"target\":[\"https:\\\/\\\/blog.deville.com.br\\\/blog\\\/the-westin-sao-paulo-conheca-o-novo-hotel-da-rede-deville\\\/\"]}]},{\"@type\":\"ImageObject\",\"inLanguage\":\"pt-BR\",\"@id\":\"https:\\\/\\\/blog.deville.com.br\\\/blog\\\/the-westin-sao-paulo-conheca-o-novo-hotel-da-rede-deville\\\/#primaryimage\",\"url\":\"https:\\\/\\\/blog.deville.com.br\\\/wp-content\\\/uploads\\\/2025\\\/09\\\/5b475b48-0a66-422a-8f11-4cf998bc22fa.png\",\"contentUrl\":\"https:\\\/\\\/blog.deville.com.br\\\/wp-content\\\/uploads\\\/2025\\\/09\\\/5b475b48-0a66-422a-8f11-4cf998bc22fa.png\",\"width\":900,\"height\":601},{\"@type\":\"BreadcrumbList\",\"@id\":\"https:\\\/\\\/blog.deville.com.br\\\/blog\\\/the-westin-sao-paulo-conheca-o-novo-hotel-da-rede-deville\\\/#breadcrumb\",\"itemListElement\":[{\"@type\":\"ListItem\",\"position\":1,\"name\":\"In\u00edcio\",\"item\":\"https:\\\/\\\/blog.deville.com.br\\\/\"},{\"@type\":\"ListItem\",\"position\":2,\"name\":\"Blog\",\"item\":\"https:\\\/\\\/blog.deville.com.br\\\/blog\\\/\"},{\"@type\":\"ListItem\",\"position\":3,\"name\":\"The Westin S\u00e3o Paulo: conhe\u00e7a o novo hotel da Rede Deville\u00a0\"}]},{\"@type\":\"WebSite\",\"@id\":\"https:\\\/\\\/blog.deville.com.br\\\/#website\",\"url\":\"https:\\\/\\\/blog.deville.com.br\\\/\",\"name\":\"Blog Deville\",\"description\":\"\",\"publisher\":{\"@id\":\"https:\\\/\\\/blog.deville.com.br\\\/#organization\"},\"potentialAction\":[{\"@type\":\"SearchAction\",\"target\":{\"@type\":\"EntryPoint\",\"urlTemplate\":\"https:\\\/\\\/blog.deville.com.br\\\/?s={search_term_string}\"},\"query-input\":{\"@type\":\"PropertyValueSpecification\",\"valueRequired\":true,\"valueName\":\"search_term_string\"}}],\"inLanguage\":\"pt-BR\"},{\"@type\":\"Organization\",\"@id\":\"https:\\\/\\\/blog.deville.com.br\\\/#organization\",\"name\":\"Hot\u00e9is Deville\",\"url\":\"https:\\\/\\\/blog.deville.com.br\\\/\",\"logo\":{\"@type\":\"ImageObject\",\"inLanguage\":\"pt-BR\",\"@id\":\"https:\\\/\\\/blog.deville.com.br\\\/#\\\/schema\\\/logo\\\/image\\\/\",\"url\":\"https:\\\/\\\/blog.deville.com.br\\\/wp-content\\\/uploads\\\/2024\\\/08\\\/Deville_Logo.svg\",\"contentUrl\":\"https:\\\/\\\/blog.deville.com.br\\\/wp-content\\\/uploads\\\/2024\\\/08\\\/Deville_Logo.svg\",\"width\":139,\"height\":50,\"caption\":\"Hot\u00e9is Deville\"},\"image\":{\"@id\":\"https:\\\/\\\/blog.deville.com.br\\\/#\\\/schema\\\/logo\\\/image\\\/\"},\"sameAs\":[\"https:\\\/\\\/www.facebook.com\\\/hoteisdeville\\\/\",\"https:\\\/\\\/x.com\\\/hoteis_deville\",\"https:\\\/\\\/www.instagram.com\\\/hoteisdeville\\\/\",\"https:\\\/\\\/www.linkedin.com\\\/company\\\/hoteis-deville\\\/\"]},{\"@type\":\"Person\",\"@id\":\"https:\\\/\\\/blog.deville.com.br\\\/#\\\/schema\\\/person\\\/e5a2d1174f6fa1f4af45e0b1ee5a9b92\",\"name\":\"Eduardo Sadao\",\"image\":{\"@type\":\"ImageObject\",\"inLanguage\":\"pt-BR\",\"@id\":\"https:\\\/\\\/secure.gravatar.com\\\/avatar\\\/67d8d39b54ba97ba14d429e77886caa07d1733692959d0f0b17e48572261b638?s=96&d=mm&r=g\",\"url\":\"https:\\\/\\\/secure.gravatar.com\\\/avatar\\\/67d8d39b54ba97ba14d429e77886caa07d1733692959d0f0b17e48572261b638?s=96&d=mm&r=g\",\"contentUrl\":\"https:\\\/\\\/secure.gravatar.com\\\/avatar\\\/67d8d39b54ba97ba14d429e77886caa07d1733692959d0f0b17e48572261b638?s=96&d=mm&r=g\",\"caption\":\"Eduardo Sadao\"},\"url\":\"https:\\\/\\\/blog.deville.com.br\\\/author\\\/edu-sadao\\\/\"}]}<\/script>\n<!-- \/ Yoast SEO plugin. -->","yoast_head_json":{"title":"The Westin S\u00e3o Paulo: conhe\u00e7a o novo hotel da Rede Deville\u00a0 - Blog Deville","description":"Descubra o The Westin S\u00e3o Paulo, novo hotel da Rede Deville localizado no Itaim Bibi que une bem-estar e gastronomia de alto padr\u00e3o.","robots":{"index":"index","follow":"follow","max-snippet":"max-snippet:-1","max-image-preview":"max-image-preview:large","max-video-preview":"max-video-preview:-1"},"canonical":"https:\/\/blog.deville.com.br\/blog\/the-westin-sao-paulo-conheca-o-novo-hotel-da-rede-deville\/","og_locale":"pt_BR","og_type":"article","og_title":"The Westin S\u00e3o Paulo: conhe\u00e7a o novo hotel da Rede Deville\u00a0 - Blog Deville","og_description":"Descubra o The Westin S\u00e3o Paulo, novo hotel da Rede Deville localizado no Itaim Bibi que une bem-estar e gastronomia de alto padr\u00e3o.","og_url":"https:\/\/blog.deville.com.br\/blog\/the-westin-sao-paulo-conheca-o-novo-hotel-da-rede-deville\/","og_site_name":"Blog Deville","article_publisher":"https:\/\/www.facebook.com\/hoteisdeville\/","article_published_time":"2025-07-11T13:25:29+00:00","article_modified_time":"2025-09-23T13:49:47+00:00","og_image":[{"width":900,"height":601,"url":"https:\/\/blog.deville.com.br\/wp-content\/uploads\/2025\/09\/5b475b48-0a66-422a-8f11-4cf998bc22fa.png","type":"image\/png"}],"author":"Eduardo Sadao","twitter_card":"summary_large_image","twitter_creator":"@hoteis_deville","twitter_site":"@hoteis_deville","twitter_misc":{"Escrito por":"Eduardo Sadao","Est. tempo de leitura":"6 minutos"},"schema":{"@context":"https:\/\/schema.org","@graph":[{"@type":"Article","@id":"https:\/\/blog.deville.com.br\/blog\/the-westin-sao-paulo-conheca-o-novo-hotel-da-rede-deville\/#article","isPartOf":{"@id":"https:\/\/blog.deville.com.br\/blog\/the-westin-sao-paulo-conheca-o-novo-hotel-da-rede-deville\/"},"author":{"name":"Eduardo Sadao","@id":"https:\/\/blog.deville.com.br\/#\/schema\/person\/e5a2d1174f6fa1f4af45e0b1ee5a9b92"},"headline":"The Westin S\u00e3o Paulo: conhe\u00e7a o novo hotel da Rede Deville\u00a0","datePublished":"2025-07-11T13:25:29+00:00","dateModified":"2025-09-23T13:49:47+00:00","mainEntityOfPage":{"@id":"https:\/\/blog.deville.com.br\/blog\/the-westin-sao-paulo-conheca-o-novo-hotel-da-rede-deville\/"},"wordCount":1103,"publisher":{"@id":"https:\/\/blog.deville.com.br\/#organization"},"image":{"@id":"https:\/\/blog.deville.com.br\/blog\/the-westin-sao-paulo-conheca-o-novo-hotel-da-rede-deville\/#primaryimage"},"thumbnailUrl":"https:\/\/blog.deville.com.br\/wp-content\/uploads\/2025\/09\/5b475b48-0a66-422a-8f11-4cf998bc22fa.png","keywords":["Dicas","Gastronomia","Turismo"],"articleSection":["Blog","Destinos","Gastronomia","Guarulhos (SP)","Viagens"],"inLanguage":"pt-BR"},{"@type":"WebPage","@id":"https:\/\/blog.deville.com.br\/blog\/the-westin-sao-paulo-conheca-o-novo-hotel-da-rede-deville\/","url":"https:\/\/blog.deville.com.br\/blog\/the-westin-sao-paulo-conheca-o-novo-hotel-da-rede-deville\/","name":"The Westin S\u00e3o Paulo: conhe\u00e7a o novo hotel da Rede Deville\u00a0 - Blog Deville","isPartOf":{"@id":"https:\/\/blog.deville.com.br\/#website"},"primaryImageOfPage":{"@id":"https:\/\/blog.deville.com.br\/blog\/the-westin-sao-paulo-conheca-o-novo-hotel-da-rede-deville\/#primaryimage"},"image":{"@id":"https:\/\/blog.deville.com.br\/blog\/the-westin-sao-paulo-conheca-o-novo-hotel-da-rede-deville\/#primaryimage"},"thumbnailUrl":"https:\/\/blog.deville.com.br\/wp-content\/uploads\/2025\/09\/5b475b48-0a66-422a-8f11-4cf998bc22fa.png","datePublished":"2025-07-11T13:25:29+00:00","dateModified":"2025-09-23T13:49:47+00:00","description":"Descubra o The Westin S\u00e3o Paulo, novo hotel da Rede Deville localizado no Itaim Bibi que une bem-estar e gastronomia de alto padr\u00e3o.","breadcrumb":{"@id":"https:\/\/blog.deville.com.br\/blog\/the-westin-sao-paulo-conheca-o-novo-hotel-da-rede-deville\/#breadcrumb"},"inLanguage":"pt-BR","potentialAction":[{"@type":"ReadAction","target":["https:\/\/blog.deville.com.br\/blog\/the-westin-sao-paulo-conheca-o-novo-hotel-da-rede-deville\/"]}]},{"@type":"ImageObject","inLanguage":"pt-BR","@id":"https:\/\/blog.deville.com.br\/blog\/the-westin-sao-paulo-conheca-o-novo-hotel-da-rede-deville\/#primaryimage","url":"https:\/\/blog.deville.com.br\/wp-content\/uploads\/2025\/09\/5b475b48-0a66-422a-8f11-4cf998bc22fa.png","contentUrl":"https:\/\/blog.deville.com.br\/wp-content\/uploads\/2025\/09\/5b475b48-0a66-422a-8f11-4cf998bc22fa.png","width":900,"height":601},{"@type":"BreadcrumbList","@id":"https:\/\/blog.deville.com.br\/blog\/the-westin-sao-paulo-conheca-o-novo-hotel-da-rede-deville\/#breadcrumb","itemListElement":[{"@type":"ListItem","position":1,"name":"In\u00edcio","item":"https:\/\/blog.deville.com.br\/"},{"@type":"ListItem","position":2,"name":"Blog","item":"https:\/\/blog.deville.com.br\/blog\/"},{"@type":"ListItem","position":3,"name":"The Westin S\u00e3o Paulo: conhe\u00e7a o novo hotel da Rede Deville\u00a0"}]},{"@type":"WebSite","@id":"https:\/\/blog.deville.com.br\/#website","url":"https:\/\/blog.deville.com.br\/","name":"Blog Deville","description":"","publisher":{"@id":"https:\/\/blog.deville.com.br\/#organization"},"potentialAction":[{"@type":"SearchAction","target":{"@type":"EntryPoint","urlTemplate":"https:\/\/blog.deville.com.br\/?s={search_term_string}"},"query-input":{"@type":"PropertyValueSpecification","valueRequired":true,"valueName":"search_term_string"}}],"inLanguage":"pt-BR"},{"@type":"Organization","@id":"https:\/\/blog.deville.com.br\/#organization","name":"Hot\u00e9is Deville","url":"https:\/\/blog.deville.com.br\/","logo":{"@type":"ImageObject","inLanguage":"pt-BR","@id":"https:\/\/blog.deville.com.br\/#\/schema\/logo\/image\/","url":"https:\/\/blog.deville.com.br\/wp-content\/uploads\/2024\/08\/Deville_Logo.svg","contentUrl":"https:\/\/blog.deville.com.br\/wp-content\/uploads\/2024\/08\/Deville_Logo.svg","width":139,"height":50,"caption":"Hot\u00e9is Deville"},"image":{"@id":"https:\/\/blog.deville.com.br\/#\/schema\/logo\/image\/"},"sameAs":["https:\/\/www.facebook.com\/hoteisdeville\/","https:\/\/x.com\/hoteis_deville","https:\/\/www.instagram.com\/hoteisdeville\/","https:\/\/www.linkedin.com\/company\/hoteis-deville\/"]},{"@type":"Person","@id":"https:\/\/blog.deville.com.br\/#\/schema\/person\/e5a2d1174f6fa1f4af45e0b1ee5a9b92","name":"Eduardo Sadao","image":{"@type":"ImageObject","inLanguage":"pt-BR","@id":"https:\/\/secure.gravatar.com\/avatar\/67d8d39b54ba97ba14d429e77886caa07d1733692959d0f0b17e48572261b638?s=96&d=mm&r=g","url":"https:\/\/secure.gravatar.com\/avatar\/67d8d39b54ba97ba14d429e77886caa07d1733692959d0f0b17e48572261b638?s=96&d=mm&r=g","contentUrl":"https:\/\/secure.gravatar.com\/avatar\/67d8d39b54ba97ba14d429e77886caa07d1733692959d0f0b17e48572261b638?s=96&d=mm&r=g","caption":"Eduardo Sadao"},"url":"https:\/\/blog.deville.com.br\/author\/edu-sadao\/"}]}},"publishpress_future_action":{"enabled":false,"date":"2026-05-04 13:19:22","action":"change-status","newStatus":"draft","terms":[],"taxonomy":"category","extraData":[]},"publishpress_future_workflow_manual_trigger":{"enabledWorkflows":[]},"_links":{"self":[{"href":"https:\/\/blog.deville.com.br\/devillemkt6_json\/wp\/v2\/posts\/2537","targetHints":{"allow":["GET"]}}],"collection":[{"href":"https:\/\/blog.deville.com.br\/devillemkt6_json\/wp\/v2\/posts"}],"about":[{"href":"https:\/\/blog.deville.com.br\/devillemkt6_json\/wp\/v2\/types\/post"}],"author":[{"embeddable":true,"href":"https:\/\/blog.deville.com.br\/devillemkt6_json\/wp\/v2\/users\/2"}],"replies":[{"embeddable":true,"href":"https:\/\/blog.deville.com.br\/devillemkt6_json\/wp\/v2\/comments?post=2537"}],"version-history":[{"count":1,"href":"https:\/\/blog.deville.com.br\/devillemkt6_json\/wp\/v2\/posts\/2537\/revisions"}],"predecessor-version":[{"id":2542,"href":"https:\/\/blog.deville.com.br\/devillemkt6_json\/wp\/v2\/posts\/2537\/revisions\/2542"}],"wp:featuredmedia":[{"embeddable":true,"href":"https:\/\/blog.deville.com.br\/devillemkt6_json\/wp\/v2\/media\/2541"}],"wp:attachment":[{"href":"https:\/\/blog.deville.com.br\/devillemkt6_json\/wp\/v2\/media?parent=2537"}],"wp:term":[{"taxonomy":"category","embeddable":true,"href":"https:\/\/blog.deville.com.br\/devillemkt6_json\/wp\/v2\/categories?post=2537"},{"taxonomy":"post_tag","embeddable":true,"href":"https:\/\/blog.deville.com.br\/devillemkt6_json\/wp\/v2\/tags?post=2537"}],"curies":[{"name":"wp","href":"https:\/\/api.w.org\/{rel}","templated":true}]}}