{"id":2560,"date":"2025-08-15T09:46:48","date_gmt":"2025-08-15T12:46:48","guid":{"rendered":"https:\/\/blog.deville.com.br\/?p=2560"},"modified":"2026-03-10T09:09:20","modified_gmt":"2026-03-10T12:09:20","slug":"9-destinos-brasileiros-considerados-patrimonio-mundial-pela-unesco","status":"publish","type":"post","link":"https:\/\/blog.deville.com.br\/destinos\/9-destinos-brasileiros-considerados-patrimonio-mundial-pela-unesco\/","title":{"rendered":"9 destinos brasileiros considerados \u201cPatrim\u00f4nio Mundial\u201d pela Unesco\u00a0"},"content":{"rendered":"\n<p><em>Descubra quais destinos brasileiros t\u00eam o selo de Patrim\u00f4nio Mundial pela UNESCO e viva experi\u00eancias aut\u00eanticas repletas de cultura, hist\u00f3ria e beleza natural.<\/em>&nbsp;<\/p>\n\n\n\n<p>O Brasil \u00e9 reconhecido internacionalmente por sua riqueza cultural, hist\u00f3rica e natural. De acordo com a Organiza\u00e7\u00e3o das Na\u00e7\u00f5es Unidas para a Educa\u00e7\u00e3o, a Ci\u00eancia e a Cultura, alguns destinos do pa\u00eds t\u00eam import\u00e2ncia excepcional para toda a humanidade e, por isso, receberam o t\u00edtulo de <strong>Patrim\u00f4nio Mundial da UNESCO<\/strong>.&nbsp;<\/p>\n\n\n\n<p>Esse selo vai muito al\u00e9m de um certificado: \u00e9 um <strong>reconhecimento de valor universal <\/strong>e um incentivo \u00e0 preserva\u00e7\u00e3o. Ao visitar esses locais, voc\u00ea participa de uma experi\u00eancia \u00fanica que conecta passado, presente e futuro, enquanto contribui para manter viva as mem\u00f3rias e a biodiversidade brasileiras.&nbsp;<\/p>\n\n\n\n<p>A seguir, conhe\u00e7a<strong> nove destinos brasileiros reconhecidos oficialmente pela UNESCO<\/strong> e entenda o que torna cada um especial.&nbsp;<\/p>\n\n\n\n<p><strong>Ouro Preto (MG): joia do barroco brasileiro<\/strong>&nbsp;<\/p>\n\n\n\n<p>A <a href=\"https:\/\/whc.unesco.org\/en\/list\/124\/\" target=\"_blank\" rel=\"noreferrer noopener\">cidade mineira de Ouro Preto<\/a> \u00e9 um \u00edcone da arquitetura e arte colonial brasileiras, tombado em 1980. Suas ladeiras de pedra e igrejas, como a de S\u00e3o Francisco de Assis, revelam o talento de mestres como <strong>Aleijadinho e Mestre Ata\u00edde<\/strong>.&nbsp;<\/p>\n\n\n\n<p>Visitar Ouro Preto \u00e9 como fazer uma viagem no tempo: voc\u00ea encontra casar\u00f5es preservados, esculturas sacras e detalhes arquitet\u00f4nicos \u00fanicos. A gastronomia mineira \u2014 com pratos como o famoso feij\u00e3o-tropeiro \u2014 complementa a experi\u00eancia cultural.&nbsp;<\/p>\n\n\n\n<p><strong>Centro Hist\u00f3rico de Salvador (BA): cores, ritmos e sabores<\/strong>&nbsp;<\/p>\n\n\n\n<p>Tombado em 1985, o <a href=\"https:\/\/whc.unesco.org\/en\/list\/309\" target=\"_blank\" rel=\"noreferrer noopener\"><strong>Pelourinho<\/strong><\/a><strong> <\/strong>\u00e9 o cora\u00e7\u00e3o cultural de Salvador. Entre casar\u00f5es coloridos, igrejas barrocas e ladeiras vibrantes, a cidade celebra com orgulho sua heran\u00e7a afro-brasileira.&nbsp;<\/p>\n\n\n\n<p>O som do <strong>berimbau<\/strong>, o aroma do <strong>acaraj\u00e9 <\/strong>e as apresenta\u00e7\u00f5es de <strong>capoeira <\/strong>transformam a visita \u00e0 cidade em uma imers\u00e3o sensorial e hist\u00f3rica.&nbsp;<\/p>\n\n\n\n<figure class=\"wp-block-image size-full\"><img fetchpriority=\"high\" decoding=\"async\" width=\"2560\" height=\"1707\" src=\"https:\/\/blog.deville.com.br\/wp-content\/uploads\/2025\/09\/AdobeStock_146000006-scaled.jpeg\" alt=\"\" class=\"wp-image-2568\" srcset=\"https:\/\/blog.deville.com.br\/wp-content\/uploads\/2025\/09\/AdobeStock_146000006-scaled.jpeg 2560w, https:\/\/blog.deville.com.br\/wp-content\/uploads\/2025\/09\/AdobeStock_146000006-300x200.jpeg 300w, https:\/\/blog.deville.com.br\/wp-content\/uploads\/2025\/09\/AdobeStock_146000006-1024x683.jpeg 1024w, https:\/\/blog.deville.com.br\/wp-content\/uploads\/2025\/09\/AdobeStock_146000006-768x512.jpeg 768w, https:\/\/blog.deville.com.br\/wp-content\/uploads\/2025\/09\/AdobeStock_146000006-1536x1024.jpeg 1536w, https:\/\/blog.deville.com.br\/wp-content\/uploads\/2025\/09\/AdobeStock_146000006-2048x1365.jpeg 2048w\" sizes=\"(max-width: 2560px) 100vw, 2560px\" \/><\/figure>\n\n\n\n<p>O Pelourinho, no cora\u00e7\u00e3o de Salvador, re\u00fane cores, hist\u00f3ria e cultura em um dos cen\u00e1rios mais emblem\u00e1ticos da Bahia.\u00a0<\/p>\n\n\n\n<p><strong>Bras\u00edlia (DF): arquitetura e urbanismo vision\u00e1rios<\/strong>&nbsp;<\/p>\n\n\n\n<p>A capital do Pa\u00eds foi <a href=\"https:\/\/whc.unesco.org\/en\/list\/445\" target=\"_blank\" rel=\"noreferrer noopener\">reconhecida em 1987<\/a> como exemplo mundial de urbanismo moderno. O projeto de <strong>L\u00facio Costa e as obras de Oscar Niemeyer<\/strong> formam um conjunto arquitet\u00f4nico \u00fanico.&nbsp;<\/p>\n\n\n\n<p>\u00cdcones como a Catedral Metropolitana e o Congresso Nacional mostram a ousadia e a est\u00e9tica que colocam Bras\u00edlia no mapa do Patrim\u00f4nio Mundial pela UNESCO.&nbsp;<\/p>\n\n\n\n<figure class=\"wp-block-image size-full\"><img decoding=\"async\" width=\"2560\" height=\"1914\" src=\"https:\/\/blog.deville.com.br\/wp-content\/uploads\/2025\/09\/AdobeStock_1292580886_Editorial_Use_Only-scaled.jpeg\" alt=\"\" class=\"wp-image-2569\" srcset=\"https:\/\/blog.deville.com.br\/wp-content\/uploads\/2025\/09\/AdobeStock_1292580886_Editorial_Use_Only-scaled.jpeg 2560w, https:\/\/blog.deville.com.br\/wp-content\/uploads\/2025\/09\/AdobeStock_1292580886_Editorial_Use_Only-300x224.jpeg 300w, https:\/\/blog.deville.com.br\/wp-content\/uploads\/2025\/09\/AdobeStock_1292580886_Editorial_Use_Only-1024x766.jpeg 1024w, https:\/\/blog.deville.com.br\/wp-content\/uploads\/2025\/09\/AdobeStock_1292580886_Editorial_Use_Only-768x574.jpeg 768w, https:\/\/blog.deville.com.br\/wp-content\/uploads\/2025\/09\/AdobeStock_1292580886_Editorial_Use_Only-1536x1149.jpeg 1536w, https:\/\/blog.deville.com.br\/wp-content\/uploads\/2025\/09\/AdobeStock_1292580886_Editorial_Use_Only-2048x1531.jpeg 2048w\" sizes=\"(max-width: 2560px) 100vw, 2560px\" \/><\/figure>\n\n\n\n<p> Vista central da Catedral de Bras\u00edlia, iluminada \u00e0 noite, projetada por Oscar Niemeyer e conclu\u00edda em 1970.\u00a0<\/p>\n\n\n\n<p> A Catedral de Bras\u00edlia \u00e9 um dos pontos tur\u00edsticos mais visitados da capital federal. <\/p>\n\n\n\n<p><strong>Parque Nacional do Igua\u00e7u (PR): natureza em estado de espet\u00e1culo<\/strong>&nbsp;<\/p>\n\n\n\n<p>Patrim\u00f4nio Mundial Natural pela UNESCO desde 1986, o parque abriga as <strong>Cataratas do Igua\u00e7u<\/strong>, consideradas uma das <a href=\"https:\/\/whc.unesco.org\/en\/list\/355\" target=\"_blank\" rel=\"noreferrer noopener\">sete maravilhas naturais do mundo<\/a>.&nbsp;<\/p>\n\n\n\n<p>Com mais de <strong>275 quedas d\u2019\u00e1gua e rica biodiversidade<\/strong>, o local oferece trilhas, passarelas e passeios que permitem contemplar a for\u00e7a e a beleza da natureza em seguran\u00e7a.&nbsp;<\/p>\n\n\n\n<p><strong>Centro Hist\u00f3rico de Olinda (PE): charme colonial e cultura vibrante<\/strong>&nbsp;<\/p>\n\n\n\n<p><a href=\"https:\/\/whc.unesco.org\/en\/list\/189\" target=\"_blank\" rel=\"noreferrer noopener\">Olinda<\/a> \u00e9 sin\u00f4nimo de arte, m\u00fasica e alegria. <strong>Tombada em 1982<\/strong>, a cidade mant\u00e9m sua ess\u00eancia hist\u00f3rica com casar\u00f5es coloniais, igrejas barrocas e mirantes que revelam vistas para o mar.&nbsp;<\/p>\n\n\n\n<p>O destino \u00e9 tamb\u00e9m um polo cultural, famoso por seu carnaval, ateli\u00eas e gastronomia criativa.&nbsp;<\/p>\n\n\n\n<p><strong>Parque Nacional Serra da Capivara (PI): pr\u00e9-hist\u00f3ria em cores<\/strong>&nbsp;<\/p>\n\n\n\n<p>Reconhecido pela UNESCO em 1991, a <a href=\"https:\/\/whc.unesco.org\/en\/list\/606\" target=\"_blank\" rel=\"noreferrer noopener\"><strong>Serra da Capivara<\/strong><\/a> \u00e9 lar de milhares de pinturas rupestres, algumas com at\u00e9 50 mil anos de exist\u00eancia.&nbsp;<\/p>\n\n\n\n<p>Al\u00e9m do valor arqueol\u00f3gico, a Serra da Capivara oferece<strong> trilhas, forma\u00e7\u00f5es rochosas e experi\u00eancias \u00fanicas<\/strong> de contato com a hist\u00f3ria da humanidade.&nbsp;<\/p>\n\n\n\n<p><strong>Santu\u00e1rio do Bom Jesus de Matosinhos (MG): f\u00e9 e arte em harmonia<\/strong>&nbsp;<\/p>\n\n\n\n<p>Localizado na cidade mineira de <a href=\"https:\/\/whc.unesco.org\/en\/list\/334\" target=\"_blank\" rel=\"noreferrer noopener\">Congonhas<\/a> e tombado em 1985, o santu\u00e1rio abriga as c\u00e9lebres<strong> esculturas dos Profetas, de Aleijadinho<\/strong>, e seis capelas representando a Via Sacra.&nbsp;<\/p>\n\n\n\n<p>\u00c9 um <strong>destino que une espiritualidade, hist\u00f3ria e arte<\/strong> em um cen\u00e1rio montanhoso inspirador.&nbsp;<\/p>\n\n\n\n<figure class=\"wp-block-image size-full\"><img decoding=\"async\" width=\"2560\" height=\"1706\" src=\"https:\/\/blog.deville.com.br\/wp-content\/uploads\/2025\/09\/AdobeStock_132520522-scaled.jpeg\" alt=\"\" class=\"wp-image-2570\" srcset=\"https:\/\/blog.deville.com.br\/wp-content\/uploads\/2025\/09\/AdobeStock_132520522-scaled.jpeg 2560w, https:\/\/blog.deville.com.br\/wp-content\/uploads\/2025\/09\/AdobeStock_132520522-300x200.jpeg 300w, https:\/\/blog.deville.com.br\/wp-content\/uploads\/2025\/09\/AdobeStock_132520522-1024x683.jpeg 1024w, https:\/\/blog.deville.com.br\/wp-content\/uploads\/2025\/09\/AdobeStock_132520522-768x512.jpeg 768w, https:\/\/blog.deville.com.br\/wp-content\/uploads\/2025\/09\/AdobeStock_132520522-1536x1024.jpeg 1536w, https:\/\/blog.deville.com.br\/wp-content\/uploads\/2025\/09\/AdobeStock_132520522-2048x1365.jpeg 2048w\" sizes=\"(max-width: 2560px) 100vw, 2560px\" \/><\/figure>\n\n\n\n<p>Vista panor\u00e2mica do Pantanal, sobrevoado por gar\u00e7as-brancas, com vegeta\u00e7\u00e3o nativa e \u00e1reas alagadas.\u00a0<\/p>\n\n\n\n<p><strong> <\/strong>O Pantanal \u00e9 um dos ecossistemas mais ricos do mundo e Patrim\u00f4nio Natural da Humanidade desde 2000. <\/p>\n\n\n\n<p><strong>Parque Nacional do Pantanal (MT e MS): para\u00edso da biodiversidade<\/strong>&nbsp;<\/p>\n\n\n\n<p>Reconhecido como Reserva da Biosfera em 1985 e como Patrim\u00f4nio Natural Mundial da UNESCO em 2000, o <a href=\"https:\/\/whc.unesco.org\/en\/list\/999\" target=\"_blank\" rel=\"noreferrer noopener\">Pantanal<\/a> \u00e9 a maior plan\u00edcie alagada<strong> do mundo<\/strong> e um dos ecossistemas mais ricos em vida selvagem. \u00c9 um destino imperd\u00edvel para amantes da natureza e observadores de aves.&nbsp;<\/p>\n\n\n\n<p>Passeios de barco,<strong> saf\u00e1ris fotogr\u00e1ficos<\/strong> e caminhadas guiadas revelam uma fauna abundante, incluindo on\u00e7as-pintadas, araras-azuis e jacar\u00e9s. A sensa\u00e7\u00e3o de conex\u00e3o com a natureza provocada em quem visita o lugar \u00e9 transformadora.&nbsp;<\/p>\n\n\n\n<p><strong>Centro Hist\u00f3rico de S\u00e3o Lu\u00eds (MA): azulejos e tradi\u00e7\u00e3o<\/strong>&nbsp;<\/p>\n\n\n\n<p>Tombado como Patrim\u00f4nio Cultural da Humanidade pela UNESCO em 1997, o centro hist\u00f3rico de <a href=\"https:\/\/whc.unesco.org\/en\/list\/821\" target=\"_blank\" rel=\"noreferrer noopener\">S\u00e3o Lu\u00eds<\/a> preserva um conjunto arquitet\u00f4nico \u00fanico, com fachadas revestidas de azulejos portugueses que brilham sob o sol.&nbsp;&nbsp;<\/p>\n\n\n\n<p>Suas ruas estreitas e pra\u00e7as charmosas convidam a passeios tranquilos, enquanto a m\u00fasica do <strong>bumba-meu-boi <\/strong>embala o clima cultural da cidade. \u00c9 um verdadeiro <strong>museu ao ar livre<\/strong>, repleto de hist\u00f3rias e personagens.&nbsp;<\/p>\n\n\n\n<p><strong>Viva experi\u00eancias memor\u00e1veis nos destinos Patrim\u00f4nio Mundial pela Unesco<\/strong>&nbsp;<\/p>\n\n\n\n<p>Explorar os destinos brasileiros reconhecidos como Patrim\u00f4nio Mundial pela Unesco \u00e9 muito mais do que viajar: \u00e9 viver momentos que ficam para sempre na mem\u00f3ria. Cada lugar oferece belezas visuais, sensa\u00e7\u00f5es, aromas, sons e hist\u00f3rias que despertam o melhor dos viajantes.&nbsp;<\/p>\n\n\n\n<p>E para que sua experi\u00eancia seja ainda mais completa, o conforto e a hospitalidade fazem toda a diferen\u00e7a. \u00c9 aqui que o <a href=\"https:\/\/www.deville.com.br\/\" target=\"_blank\" rel=\"noreferrer noopener\"><strong>Hotel Deville<\/strong><\/a><strong> <\/strong>se destaca. Com localiza\u00e7\u00e3o estrat\u00e9gica em diferentes cidades brasileiras, servi\u00e7os de excel\u00eancia e um cuidado atencioso em cada detalhe, voc\u00ea encontra o cen\u00e1rio perfeito para transformar sua viagem em algo ainda mais especial.&nbsp;<\/p>\n\n\n\n<p>A Rede Deville \u00e9 uma \u00f3tima pedida para descansar ap\u00f3s um dia intenso de passeios, saborear pratos preparados com carinho ou aproveitar espa\u00e7os projetados para o seu bem-estar.&nbsp;<\/p>\n\n\n\n<p><a href=\"https:\/\/book.omnibees.com\/chain\/1785?_gl=1*1hk22p7*_gcl_au*MjA2ODEyNDg3Mi4xNzM1MzE5MTY1#_ga=2.144439100.863192214.1738853106-493114889.1735319165\" target=\"_blank\" rel=\"noreferrer noopener\"><strong>Confira valores e disponibilidade para reservas<\/strong><\/a> para garantir sua hospedagem. E aproveite para nos <a href=\"https:\/\/www.instagram.com\/hoteisdeville\/\" target=\"_blank\" rel=\"noreferrer noopener\"><strong>seguir no Instagram<\/strong><\/a> e se inspirar para sua pr\u00f3xima viagem.&nbsp;<\/p>\n\n\n\n<p><\/p>\n","protected":false},"excerpt":{"rendered":"<p>Descubra quais destinos brasileiros t\u00eam o selo de Patrim\u00f4nio Mundial pela UNESCO e viva experi\u00eancias aut\u00eanticas repletas de cultura, hist\u00f3ria e beleza natural.&nbsp; O Brasil \u00e9 reconhecido internacionalmente por sua riqueza cultural, hist\u00f3rica e natural. De acordo com a Organiza\u00e7\u00e3o das Na\u00e7\u00f5es Unidas para a Educa\u00e7\u00e3o, a Ci\u00eancia e a Cultura, alguns destinos do pa\u00eds [&hellip;]<\/p>\n","protected":false},"author":2,"featured_media":2571,"comment_status":"closed","ping_status":"open","sticky":false,"template":"","format":"standard","meta":{"_acf_changed":false,"footnotes":""},"categories":[132,133,134,39,135,3,68,8,136,137,16,129,138,128,5],"tags":[6,56],"class_list":["post-2560","post","type-post","status-publish","format-standard","has-post-thumbnail","hentry","category-campo-grande-ms","category-cascavel-pr","category-cuiaba-mt","category-cultura","category-curitiba-pr","category-destinos","category-eventos","category-gastronomia","category-guaira-pr","category-guarulhos-sp","category-institucional","category-maringa-pr","category-porto-alegre-rs","category-salvador-ba","category-viagens","tag-dicas","tag-turismo"],"acf":[],"yoast_head":"<!-- This site is optimized with the Yoast SEO plugin v27.5 - https:\/\/yoast.com\/product\/yoast-seo-wordpress\/ -->\n<title>9 destinos brasileiros considerados \u201cPatrim\u00f4nio Mundial\u201d pela Unesco\u00a0 - Blog Deville<\/title>\n<meta name=\"description\" content=\"Conhe\u00e7a os destinos do Brasil reconhecidos como Patrim\u00f4nio Mundial pela Unesco e inspire-se para sua pr\u00f3xima viagem.\" \/>\n<meta name=\"robots\" content=\"index, follow, max-snippet:-1, max-image-preview:large, max-video-preview:-1\" \/>\n<link rel=\"canonical\" href=\"https:\/\/blog.deville.com.br\/destinos\/9-destinos-brasileiros-considerados-patrimonio-mundial-pela-unesco\/\" \/>\n<meta property=\"og:locale\" content=\"pt_BR\" \/>\n<meta property=\"og:type\" content=\"article\" \/>\n<meta property=\"og:title\" content=\"9 destinos brasileiros considerados \u201cPatrim\u00f4nio Mundial\u201d pela Unesco\u00a0 - Blog Deville\" \/>\n<meta property=\"og:description\" content=\"Conhe\u00e7a os destinos do Brasil reconhecidos como Patrim\u00f4nio Mundial pela Unesco e inspire-se para sua pr\u00f3xima viagem.\" \/>\n<meta property=\"og:url\" content=\"https:\/\/blog.deville.com.br\/destinos\/9-destinos-brasileiros-considerados-patrimonio-mundial-pela-unesco\/\" \/>\n<meta property=\"og:site_name\" content=\"Blog Deville\" \/>\n<meta property=\"article:publisher\" content=\"https:\/\/www.facebook.com\/hoteisdeville\/\" \/>\n<meta property=\"article:published_time\" content=\"2025-08-15T12:46:48+00:00\" \/>\n<meta property=\"article:modified_time\" content=\"2026-03-10T12:09:20+00:00\" \/>\n<meta property=\"og:image\" content=\"https:\/\/blog.deville.com.br\/wp-content\/uploads\/2025\/09\/AdobeStock_146000006-1-scaled.jpeg\" \/>\n\t<meta property=\"og:image:width\" content=\"2560\" \/>\n\t<meta property=\"og:image:height\" content=\"1707\" \/>\n\t<meta property=\"og:image:type\" content=\"image\/jpeg\" \/>\n<meta name=\"author\" content=\"Eduardo Sadao\" \/>\n<meta name=\"twitter:card\" content=\"summary_large_image\" \/>\n<meta name=\"twitter:creator\" content=\"@hoteis_deville\" \/>\n<meta name=\"twitter:site\" content=\"@hoteis_deville\" \/>\n<meta name=\"twitter:label1\" content=\"Escrito por\" \/>\n\t<meta name=\"twitter:data1\" content=\"Eduardo Sadao\" \/>\n\t<meta name=\"twitter:label2\" content=\"Est. tempo de leitura\" \/>\n\t<meta name=\"twitter:data2\" content=\"7 minutos\" \/>\n<script type=\"application\/ld+json\" class=\"yoast-schema-graph\">{\"@context\":\"https:\\\/\\\/schema.org\",\"@graph\":[{\"@type\":\"Article\",\"@id\":\"https:\\\/\\\/blog.deville.com.br\\\/destinos\\\/9-destinos-brasileiros-considerados-patrimonio-mundial-pela-unesco\\\/#article\",\"isPartOf\":{\"@id\":\"https:\\\/\\\/blog.deville.com.br\\\/destinos\\\/9-destinos-brasileiros-considerados-patrimonio-mundial-pela-unesco\\\/\"},\"author\":{\"name\":\"Eduardo Sadao\",\"@id\":\"https:\\\/\\\/blog.deville.com.br\\\/#\\\/schema\\\/person\\\/e5a2d1174f6fa1f4af45e0b1ee5a9b92\"},\"headline\":\"9 destinos brasileiros considerados \u201cPatrim\u00f4nio Mundial\u201d pela Unesco\u00a0\",\"datePublished\":\"2025-08-15T12:46:48+00:00\",\"dateModified\":\"2026-03-10T12:09:20+00:00\",\"mainEntityOfPage\":{\"@id\":\"https:\\\/\\\/blog.deville.com.br\\\/destinos\\\/9-destinos-brasileiros-considerados-patrimonio-mundial-pela-unesco\\\/\"},\"wordCount\":1094,\"publisher\":{\"@id\":\"https:\\\/\\\/blog.deville.com.br\\\/#organization\"},\"image\":{\"@id\":\"https:\\\/\\\/blog.deville.com.br\\\/destinos\\\/9-destinos-brasileiros-considerados-patrimonio-mundial-pela-unesco\\\/#primaryimage\"},\"thumbnailUrl\":\"https:\\\/\\\/blog.deville.com.br\\\/wp-content\\\/uploads\\\/2025\\\/09\\\/AdobeStock_146000006-1-scaled.jpeg\",\"keywords\":[\"Dicas\",\"Turismo\"],\"articleSection\":[\"Campo Grande (MS)\",\"Cascavel (PR)\",\"Cuiab\u00e1 (MT)\",\"Cultura\",\"Curitiba (PR)\",\"Destinos\",\"Eventos\",\"Gastronomia\",\"Gua\u00edra (PR)\",\"Guarulhos (SP)\",\"Institucional\",\"Maring\u00e1 (PR)\",\"Porto Alegre (RS)\",\"Salvador (BA)\",\"Viagens\"],\"inLanguage\":\"pt-BR\"},{\"@type\":\"WebPage\",\"@id\":\"https:\\\/\\\/blog.deville.com.br\\\/destinos\\\/9-destinos-brasileiros-considerados-patrimonio-mundial-pela-unesco\\\/\",\"url\":\"https:\\\/\\\/blog.deville.com.br\\\/destinos\\\/9-destinos-brasileiros-considerados-patrimonio-mundial-pela-unesco\\\/\",\"name\":\"9 destinos brasileiros considerados \u201cPatrim\u00f4nio Mundial\u201d pela Unesco\u00a0 - Blog Deville\",\"isPartOf\":{\"@id\":\"https:\\\/\\\/blog.deville.com.br\\\/#website\"},\"primaryImageOfPage\":{\"@id\":\"https:\\\/\\\/blog.deville.com.br\\\/destinos\\\/9-destinos-brasileiros-considerados-patrimonio-mundial-pela-unesco\\\/#primaryimage\"},\"image\":{\"@id\":\"https:\\\/\\\/blog.deville.com.br\\\/destinos\\\/9-destinos-brasileiros-considerados-patrimonio-mundial-pela-unesco\\\/#primaryimage\"},\"thumbnailUrl\":\"https:\\\/\\\/blog.deville.com.br\\\/wp-content\\\/uploads\\\/2025\\\/09\\\/AdobeStock_146000006-1-scaled.jpeg\",\"datePublished\":\"2025-08-15T12:46:48+00:00\",\"dateModified\":\"2026-03-10T12:09:20+00:00\",\"description\":\"Conhe\u00e7a os destinos do Brasil reconhecidos como Patrim\u00f4nio Mundial pela Unesco e inspire-se para sua pr\u00f3xima viagem.\",\"breadcrumb\":{\"@id\":\"https:\\\/\\\/blog.deville.com.br\\\/destinos\\\/9-destinos-brasileiros-considerados-patrimonio-mundial-pela-unesco\\\/#breadcrumb\"},\"inLanguage\":\"pt-BR\",\"potentialAction\":[{\"@type\":\"ReadAction\",\"target\":[\"https:\\\/\\\/blog.deville.com.br\\\/destinos\\\/9-destinos-brasileiros-considerados-patrimonio-mundial-pela-unesco\\\/\"]}]},{\"@type\":\"ImageObject\",\"inLanguage\":\"pt-BR\",\"@id\":\"https:\\\/\\\/blog.deville.com.br\\\/destinos\\\/9-destinos-brasileiros-considerados-patrimonio-mundial-pela-unesco\\\/#primaryimage\",\"url\":\"https:\\\/\\\/blog.deville.com.br\\\/wp-content\\\/uploads\\\/2025\\\/09\\\/AdobeStock_146000006-1-scaled.jpeg\",\"contentUrl\":\"https:\\\/\\\/blog.deville.com.br\\\/wp-content\\\/uploads\\\/2025\\\/09\\\/AdobeStock_146000006-1-scaled.jpeg\",\"width\":2560,\"height\":1707,\"caption\":\"Pelourinho - Salvador, Bahia, Brazil\"},{\"@type\":\"BreadcrumbList\",\"@id\":\"https:\\\/\\\/blog.deville.com.br\\\/destinos\\\/9-destinos-brasileiros-considerados-patrimonio-mundial-pela-unesco\\\/#breadcrumb\",\"itemListElement\":[{\"@type\":\"ListItem\",\"position\":1,\"name\":\"In\u00edcio\",\"item\":\"https:\\\/\\\/blog.deville.com.br\\\/\"},{\"@type\":\"ListItem\",\"position\":2,\"name\":\"Concierge Digital\",\"item\":\"https:\\\/\\\/blog.deville.com.br\\\/concierge-digital\\\/\"},{\"@type\":\"ListItem\",\"position\":3,\"name\":\"Campo Grande (MS)\",\"item\":\"https:\\\/\\\/blog.deville.com.br\\\/concierge-digital\\\/campo-grande-ms\\\/\"},{\"@type\":\"ListItem\",\"position\":4,\"name\":\"9 destinos brasileiros considerados \u201cPatrim\u00f4nio Mundial\u201d pela Unesco\u00a0\"}]},{\"@type\":\"WebSite\",\"@id\":\"https:\\\/\\\/blog.deville.com.br\\\/#website\",\"url\":\"https:\\\/\\\/blog.deville.com.br\\\/\",\"name\":\"Blog Deville\",\"description\":\"\",\"publisher\":{\"@id\":\"https:\\\/\\\/blog.deville.com.br\\\/#organization\"},\"potentialAction\":[{\"@type\":\"SearchAction\",\"target\":{\"@type\":\"EntryPoint\",\"urlTemplate\":\"https:\\\/\\\/blog.deville.com.br\\\/?s={search_term_string}\"},\"query-input\":{\"@type\":\"PropertyValueSpecification\",\"valueRequired\":true,\"valueName\":\"search_term_string\"}}],\"inLanguage\":\"pt-BR\"},{\"@type\":\"Organization\",\"@id\":\"https:\\\/\\\/blog.deville.com.br\\\/#organization\",\"name\":\"Hot\u00e9is Deville\",\"url\":\"https:\\\/\\\/blog.deville.com.br\\\/\",\"logo\":{\"@type\":\"ImageObject\",\"inLanguage\":\"pt-BR\",\"@id\":\"https:\\\/\\\/blog.deville.com.br\\\/#\\\/schema\\\/logo\\\/image\\\/\",\"url\":\"https:\\\/\\\/blog.deville.com.br\\\/wp-content\\\/uploads\\\/2024\\\/08\\\/Deville_Logo.svg\",\"contentUrl\":\"https:\\\/\\\/blog.deville.com.br\\\/wp-content\\\/uploads\\\/2024\\\/08\\\/Deville_Logo.svg\",\"width\":139,\"height\":50,\"caption\":\"Hot\u00e9is Deville\"},\"image\":{\"@id\":\"https:\\\/\\\/blog.deville.com.br\\\/#\\\/schema\\\/logo\\\/image\\\/\"},\"sameAs\":[\"https:\\\/\\\/www.facebook.com\\\/hoteisdeville\\\/\",\"https:\\\/\\\/x.com\\\/hoteis_deville\",\"https:\\\/\\\/www.instagram.com\\\/hoteisdeville\\\/\",\"https:\\\/\\\/www.linkedin.com\\\/company\\\/hoteis-deville\\\/\"]},{\"@type\":\"Person\",\"@id\":\"https:\\\/\\\/blog.deville.com.br\\\/#\\\/schema\\\/person\\\/e5a2d1174f6fa1f4af45e0b1ee5a9b92\",\"name\":\"Eduardo Sadao\",\"image\":{\"@type\":\"ImageObject\",\"inLanguage\":\"pt-BR\",\"@id\":\"https:\\\/\\\/secure.gravatar.com\\\/avatar\\\/67d8d39b54ba97ba14d429e77886caa07d1733692959d0f0b17e48572261b638?s=96&d=mm&r=g\",\"url\":\"https:\\\/\\\/secure.gravatar.com\\\/avatar\\\/67d8d39b54ba97ba14d429e77886caa07d1733692959d0f0b17e48572261b638?s=96&d=mm&r=g\",\"contentUrl\":\"https:\\\/\\\/secure.gravatar.com\\\/avatar\\\/67d8d39b54ba97ba14d429e77886caa07d1733692959d0f0b17e48572261b638?s=96&d=mm&r=g\",\"caption\":\"Eduardo Sadao\"},\"url\":\"https:\\\/\\\/blog.deville.com.br\\\/author\\\/edu-sadao\\\/\"}]}<\/script>\n<!-- \/ Yoast SEO plugin. -->","yoast_head_json":{"title":"9 destinos brasileiros considerados \u201cPatrim\u00f4nio Mundial\u201d pela Unesco\u00a0 - Blog Deville","description":"Conhe\u00e7a os destinos do Brasil reconhecidos como Patrim\u00f4nio Mundial pela Unesco e inspire-se para sua pr\u00f3xima viagem.","robots":{"index":"index","follow":"follow","max-snippet":"max-snippet:-1","max-image-preview":"max-image-preview:large","max-video-preview":"max-video-preview:-1"},"canonical":"https:\/\/blog.deville.com.br\/destinos\/9-destinos-brasileiros-considerados-patrimonio-mundial-pela-unesco\/","og_locale":"pt_BR","og_type":"article","og_title":"9 destinos brasileiros considerados \u201cPatrim\u00f4nio Mundial\u201d pela Unesco\u00a0 - Blog Deville","og_description":"Conhe\u00e7a os destinos do Brasil reconhecidos como Patrim\u00f4nio Mundial pela Unesco e inspire-se para sua pr\u00f3xima viagem.","og_url":"https:\/\/blog.deville.com.br\/destinos\/9-destinos-brasileiros-considerados-patrimonio-mundial-pela-unesco\/","og_site_name":"Blog Deville","article_publisher":"https:\/\/www.facebook.com\/hoteisdeville\/","article_published_time":"2025-08-15T12:46:48+00:00","article_modified_time":"2026-03-10T12:09:20+00:00","og_image":[{"width":2560,"height":1707,"url":"https:\/\/blog.deville.com.br\/wp-content\/uploads\/2025\/09\/AdobeStock_146000006-1-scaled.jpeg","type":"image\/jpeg"}],"author":"Eduardo Sadao","twitter_card":"summary_large_image","twitter_creator":"@hoteis_deville","twitter_site":"@hoteis_deville","twitter_misc":{"Escrito por":"Eduardo Sadao","Est. tempo de leitura":"7 minutos"},"schema":{"@context":"https:\/\/schema.org","@graph":[{"@type":"Article","@id":"https:\/\/blog.deville.com.br\/destinos\/9-destinos-brasileiros-considerados-patrimonio-mundial-pela-unesco\/#article","isPartOf":{"@id":"https:\/\/blog.deville.com.br\/destinos\/9-destinos-brasileiros-considerados-patrimonio-mundial-pela-unesco\/"},"author":{"name":"Eduardo Sadao","@id":"https:\/\/blog.deville.com.br\/#\/schema\/person\/e5a2d1174f6fa1f4af45e0b1ee5a9b92"},"headline":"9 destinos brasileiros considerados \u201cPatrim\u00f4nio Mundial\u201d pela Unesco\u00a0","datePublished":"2025-08-15T12:46:48+00:00","dateModified":"2026-03-10T12:09:20+00:00","mainEntityOfPage":{"@id":"https:\/\/blog.deville.com.br\/destinos\/9-destinos-brasileiros-considerados-patrimonio-mundial-pela-unesco\/"},"wordCount":1094,"publisher":{"@id":"https:\/\/blog.deville.com.br\/#organization"},"image":{"@id":"https:\/\/blog.deville.com.br\/destinos\/9-destinos-brasileiros-considerados-patrimonio-mundial-pela-unesco\/#primaryimage"},"thumbnailUrl":"https:\/\/blog.deville.com.br\/wp-content\/uploads\/2025\/09\/AdobeStock_146000006-1-scaled.jpeg","keywords":["Dicas","Turismo"],"articleSection":["Campo Grande (MS)","Cascavel (PR)","Cuiab\u00e1 (MT)","Cultura","Curitiba (PR)","Destinos","Eventos","Gastronomia","Gua\u00edra (PR)","Guarulhos (SP)","Institucional","Maring\u00e1 (PR)","Porto Alegre (RS)","Salvador (BA)","Viagens"],"inLanguage":"pt-BR"},{"@type":"WebPage","@id":"https:\/\/blog.deville.com.br\/destinos\/9-destinos-brasileiros-considerados-patrimonio-mundial-pela-unesco\/","url":"https:\/\/blog.deville.com.br\/destinos\/9-destinos-brasileiros-considerados-patrimonio-mundial-pela-unesco\/","name":"9 destinos brasileiros considerados \u201cPatrim\u00f4nio Mundial\u201d pela Unesco\u00a0 - Blog Deville","isPartOf":{"@id":"https:\/\/blog.deville.com.br\/#website"},"primaryImageOfPage":{"@id":"https:\/\/blog.deville.com.br\/destinos\/9-destinos-brasileiros-considerados-patrimonio-mundial-pela-unesco\/#primaryimage"},"image":{"@id":"https:\/\/blog.deville.com.br\/destinos\/9-destinos-brasileiros-considerados-patrimonio-mundial-pela-unesco\/#primaryimage"},"thumbnailUrl":"https:\/\/blog.deville.com.br\/wp-content\/uploads\/2025\/09\/AdobeStock_146000006-1-scaled.jpeg","datePublished":"2025-08-15T12:46:48+00:00","dateModified":"2026-03-10T12:09:20+00:00","description":"Conhe\u00e7a os destinos do Brasil reconhecidos como Patrim\u00f4nio Mundial pela Unesco e inspire-se para sua pr\u00f3xima viagem.","breadcrumb":{"@id":"https:\/\/blog.deville.com.br\/destinos\/9-destinos-brasileiros-considerados-patrimonio-mundial-pela-unesco\/#breadcrumb"},"inLanguage":"pt-BR","potentialAction":[{"@type":"ReadAction","target":["https:\/\/blog.deville.com.br\/destinos\/9-destinos-brasileiros-considerados-patrimonio-mundial-pela-unesco\/"]}]},{"@type":"ImageObject","inLanguage":"pt-BR","@id":"https:\/\/blog.deville.com.br\/destinos\/9-destinos-brasileiros-considerados-patrimonio-mundial-pela-unesco\/#primaryimage","url":"https:\/\/blog.deville.com.br\/wp-content\/uploads\/2025\/09\/AdobeStock_146000006-1-scaled.jpeg","contentUrl":"https:\/\/blog.deville.com.br\/wp-content\/uploads\/2025\/09\/AdobeStock_146000006-1-scaled.jpeg","width":2560,"height":1707,"caption":"Pelourinho - Salvador, Bahia, Brazil"},{"@type":"BreadcrumbList","@id":"https:\/\/blog.deville.com.br\/destinos\/9-destinos-brasileiros-considerados-patrimonio-mundial-pela-unesco\/#breadcrumb","itemListElement":[{"@type":"ListItem","position":1,"name":"In\u00edcio","item":"https:\/\/blog.deville.com.br\/"},{"@type":"ListItem","position":2,"name":"Concierge Digital","item":"https:\/\/blog.deville.com.br\/concierge-digital\/"},{"@type":"ListItem","position":3,"name":"Campo Grande (MS)","item":"https:\/\/blog.deville.com.br\/concierge-digital\/campo-grande-ms\/"},{"@type":"ListItem","position":4,"name":"9 destinos brasileiros considerados \u201cPatrim\u00f4nio Mundial\u201d pela Unesco\u00a0"}]},{"@type":"WebSite","@id":"https:\/\/blog.deville.com.br\/#website","url":"https:\/\/blog.deville.com.br\/","name":"Blog Deville","description":"","publisher":{"@id":"https:\/\/blog.deville.com.br\/#organization"},"potentialAction":[{"@type":"SearchAction","target":{"@type":"EntryPoint","urlTemplate":"https:\/\/blog.deville.com.br\/?s={search_term_string}"},"query-input":{"@type":"PropertyValueSpecification","valueRequired":true,"valueName":"search_term_string"}}],"inLanguage":"pt-BR"},{"@type":"Organization","@id":"https:\/\/blog.deville.com.br\/#organization","name":"Hot\u00e9is Deville","url":"https:\/\/blog.deville.com.br\/","logo":{"@type":"ImageObject","inLanguage":"pt-BR","@id":"https:\/\/blog.deville.com.br\/#\/schema\/logo\/image\/","url":"https:\/\/blog.deville.com.br\/wp-content\/uploads\/2024\/08\/Deville_Logo.svg","contentUrl":"https:\/\/blog.deville.com.br\/wp-content\/uploads\/2024\/08\/Deville_Logo.svg","width":139,"height":50,"caption":"Hot\u00e9is Deville"},"image":{"@id":"https:\/\/blog.deville.com.br\/#\/schema\/logo\/image\/"},"sameAs":["https:\/\/www.facebook.com\/hoteisdeville\/","https:\/\/x.com\/hoteis_deville","https:\/\/www.instagram.com\/hoteisdeville\/","https:\/\/www.linkedin.com\/company\/hoteis-deville\/"]},{"@type":"Person","@id":"https:\/\/blog.deville.com.br\/#\/schema\/person\/e5a2d1174f6fa1f4af45e0b1ee5a9b92","name":"Eduardo Sadao","image":{"@type":"ImageObject","inLanguage":"pt-BR","@id":"https:\/\/secure.gravatar.com\/avatar\/67d8d39b54ba97ba14d429e77886caa07d1733692959d0f0b17e48572261b638?s=96&d=mm&r=g","url":"https:\/\/secure.gravatar.com\/avatar\/67d8d39b54ba97ba14d429e77886caa07d1733692959d0f0b17e48572261b638?s=96&d=mm&r=g","contentUrl":"https:\/\/secure.gravatar.com\/avatar\/67d8d39b54ba97ba14d429e77886caa07d1733692959d0f0b17e48572261b638?s=96&d=mm&r=g","caption":"Eduardo Sadao"},"url":"https:\/\/blog.deville.com.br\/author\/edu-sadao\/"}]}},"publishpress_future_action":{"enabled":false,"date":"2026-05-07 23:00:27","action":"change-status","newStatus":"draft","terms":[],"taxonomy":"category","extraData":[]},"publishpress_future_workflow_manual_trigger":{"enabledWorkflows":[]},"_links":{"self":[{"href":"https:\/\/blog.deville.com.br\/devillemkt6_json\/wp\/v2\/posts\/2560","targetHints":{"allow":["GET"]}}],"collection":[{"href":"https:\/\/blog.deville.com.br\/devillemkt6_json\/wp\/v2\/posts"}],"about":[{"href":"https:\/\/blog.deville.com.br\/devillemkt6_json\/wp\/v2\/types\/post"}],"author":[{"embeddable":true,"href":"https:\/\/blog.deville.com.br\/devillemkt6_json\/wp\/v2\/users\/2"}],"replies":[{"embeddable":true,"href":"https:\/\/blog.deville.com.br\/devillemkt6_json\/wp\/v2\/comments?post=2560"}],"version-history":[{"count":1,"href":"https:\/\/blog.deville.com.br\/devillemkt6_json\/wp\/v2\/posts\/2560\/revisions"}],"predecessor-version":[{"id":2572,"href":"https:\/\/blog.deville.com.br\/devillemkt6_json\/wp\/v2\/posts\/2560\/revisions\/2572"}],"wp:featuredmedia":[{"embeddable":true,"href":"https:\/\/blog.deville.com.br\/devillemkt6_json\/wp\/v2\/media\/2571"}],"wp:attachment":[{"href":"https:\/\/blog.deville.com.br\/devillemkt6_json\/wp\/v2\/media?parent=2560"}],"wp:term":[{"taxonomy":"category","embeddable":true,"href":"https:\/\/blog.deville.com.br\/devillemkt6_json\/wp\/v2\/categories?post=2560"},{"taxonomy":"post_tag","embeddable":true,"href":"https:\/\/blog.deville.com.br\/devillemkt6_json\/wp\/v2\/tags?post=2560"}],"curies":[{"name":"wp","href":"https:\/\/api.w.org\/{rel}","templated":true}]}}