{"id":2630,"date":"2025-11-10T11:29:57","date_gmt":"2025-11-10T14:29:57","guid":{"rendered":"https:\/\/blog.deville.com.br\/?p=2630"},"modified":"2026-03-10T09:08:30","modified_gmt":"2026-03-10T12:08:30","slug":"aniversario-de-cascavel-tradicao-e-hospitalidade-no-oeste-do-parana","status":"publish","type":"post","link":"https:\/\/blog.deville.com.br\/destinos\/aniversario-de-cascavel-tradicao-e-hospitalidade-no-oeste-do-parana\/","title":{"rendered":"Anivers\u00e1rio de Cascavel: tradi\u00e7\u00e3o e hospitalidade no Oeste do Paran\u00e1\u00a0"},"content":{"rendered":"\n<p><em>Celebre a cidade com conforto e descubra o do Oeste do Paran\u00e1 hospedando-se no Hotel Deville Cascavel.<\/em>&nbsp;<\/p>\n\n\n\n<p>Cascavel comemora mais um ano de hist\u00f3ria em 14 de novembro: ao todo, s\u00e3o 74 anos. D\u00e9cadas de crescimento, trabalho e desenvolvimento que transformaram o munic\u00edpio em um dos principais polos do Oeste do Paran\u00e1.&nbsp;&nbsp;<\/p>\n\n\n\n<p>Celebrar o anivers\u00e1rio de Cascavel \u00e9 uma oportunidade de relembrar suas origens e valorizar uma cidade que acolhe, inspira e se reinventa a cada dia.&nbsp;<\/p>\n\n\n\n<p>De suas paisagens urbanas bem cuidadas \u00e0s \u00e1reas verdes que preservam o contato com a natureza, Cascavel \u00e9 um destino que surpreende quem chega e encanta quem vive l\u00e1.&nbsp;&nbsp;<\/p>\n\n\n\n<p>Neste anivers\u00e1rio, que tal viver essa experi\u00eancia de perto, conhecendo o que h\u00e1 de melhor na cidade e desfrutando do conforto e da hospitalidade do Hotel Deville Express Cascavel?&nbsp;<\/p>\n\n\n\n<p>A seguir, conhe\u00e7a mais sobre a hist\u00f3ria da cidade e alguns dos seus pontos tur\u00edsticos.&nbsp;<\/p>\n\n\n\n<p><strong>Cascavel: cidade que pulsa desenvolvimento e qualidade de vida<\/strong>&nbsp;<\/p>\n\n\n\n<p>Fundada em 1936, Cascavel \u00e9 reconhecida por sua voca\u00e7\u00e3o econ\u00f4mica e por ser refer\u00eancia regional em servi\u00e7os, sa\u00fade, educa\u00e7\u00e3o e infraestrutura. \u00c9 um importante centro de turismo, recebendo visitantes a neg\u00f3cios, eventos, feiras ou simplesmente para aproveitar alguns dias de descanso.&nbsp;<\/p>\n\n\n\n<p>A cidade \u00e9 din\u00e2mica, mas sem perder o charme de quem valoriza o bem-estar e o conv\u00edvio social. Suas pra\u00e7as arborizadas, avenidas largas e espa\u00e7os culturais valorizam Cascavel. E \u00e9 justamente essa combina\u00e7\u00e3o de progresso e hospitalidade que faz com que, a cada anivers\u00e1rio, seus moradores e visitantes tenham motivos para celebrar.&nbsp;<\/p>\n\n\n\n<p><strong>A cidade e suas paisagens: turismo em Cascavel para todos os estilos<\/strong>&nbsp;<\/p>\n\n\n\n<p>O munic\u00edpio paranaense oferece op\u00e7\u00f5es que agradam tanto quem busca momentos de lazer e descanso quanto quem prefere experi\u00eancias culturais ou gastron\u00f4micas.&nbsp;<\/p>\n\n\n\n<p>Entre os principais cart\u00f5es-postais est\u00e1 o <strong>Lago Municipal de Cascavel<\/strong>, um dos pontos mais conhecidos e visitados da cidade. O local re\u00fane pista de caminhada, \u00e1reas para piqueniques, ciclovias e mirantes que proporcionam um belo p\u00f4r do sol para uma pausa durante a viagem.&nbsp;<\/p>\n\n\n\n<p>Outro destaque \u00e9 o <strong>Zool\u00f3gico Municipal<\/strong>, com esp\u00e9cies de diversas regi\u00f5es e um importante papel na conserva\u00e7\u00e3o ambiental. J\u00e1 para os apreciadores de arte e hist\u00f3ria, o <strong>Museu de Arte de Cascavel <\/strong>e o <strong>Centro Cultural Gilberto Mayer <\/strong>s\u00e3o paradas obrigat\u00f3rias, com exposi\u00e7\u00f5es, espet\u00e1culos e eventos que valorizam a identidade local.&nbsp;<\/p>\n\n\n\n<p>Para quem viaja com esp\u00edrito de explorador, as redondezas da cidade tamb\u00e9m reservam experi\u00eancias. O <strong>Parque Nacional de Ilha Grande<\/strong>, por exemplo, \u00e9 uma joia natural localizada a poucas horas, oferecendo trilhas, fauna e paisagens que encantam os amantes do ecoturismo.&nbsp;<\/p>\n\n\n\n<figure class=\"wp-block-image size-full\"><img fetchpriority=\"high\" decoding=\"async\" width=\"2560\" height=\"1440\" src=\"https:\/\/blog.deville.com.br\/wp-content\/uploads\/2025\/11\/AdobeStock_1554899069-1-2-scaled.jpeg\" alt=\"\" class=\"wp-image-2635\" srcset=\"https:\/\/blog.deville.com.br\/wp-content\/uploads\/2025\/11\/AdobeStock_1554899069-1-2-scaled.jpeg 2560w, https:\/\/blog.deville.com.br\/wp-content\/uploads\/2025\/11\/AdobeStock_1554899069-1-2-300x169.jpeg 300w, https:\/\/blog.deville.com.br\/wp-content\/uploads\/2025\/11\/AdobeStock_1554899069-1-2-1024x576.jpeg 1024w, https:\/\/blog.deville.com.br\/wp-content\/uploads\/2025\/11\/AdobeStock_1554899069-1-2-768x432.jpeg 768w, https:\/\/blog.deville.com.br\/wp-content\/uploads\/2025\/11\/AdobeStock_1554899069-1-2-1536x864.jpeg 1536w, https:\/\/blog.deville.com.br\/wp-content\/uploads\/2025\/11\/AdobeStock_1554899069-1-2-2048x1152.jpeg 2048w\" sizes=\"(max-width: 2560px) 100vw, 2560px\" \/><\/figure>\n\n\n\n<p> Imagem a\u00e9rea de lago e florestas ao redor em Cascavel, Paran\u00e1.\u00a0<\/p>\n\n\n\n<p> O Lago Municipal de Cascavel \u00e9 uma das atra\u00e7\u00f5es da cidade. <\/p>\n\n\n\n<p><strong>Gastronomia: sabores que traduzem a ess\u00eancia do Oeste do Paran\u00e1<\/strong>&nbsp;<\/p>\n\n\n\n<p>Celebrar o anivers\u00e1rio de Cascavel tamb\u00e9m \u00e9 saborear o que a cidade tem a oferecer. A gastronomia local \u00e9 um reflexo da diversidade cultural da regi\u00e3o, com<strong> influ\u00eancias italianas, alem\u00e3s e ga\u00fachas <\/strong>que se misturam em pratos com personalidade.&nbsp;<\/p>\n\n\n\n<p>Restaurantes tradicionais convivem com espa\u00e7os modernos e criativos, onde chefs locais e regionais exploram ingredientes t\u00edpicos do Oeste do Paran\u00e1 para criar experi\u00eancias que agradam a todos os paladares. Da <strong>carne assada na brasa ao caf\u00e9 artesanal servido com bolo de milho<\/strong>, cada refei\u00e7\u00e3o \u00e9 uma forma de celebrar o sabor e a hospitalidade que fazem parte da identidade cascavelense.&nbsp;<\/p>\n\n\n\n<p>E para quem busca uma experi\u00eancia gastron\u00f4mica completa, o restaurante do <a href=\"https:\/\/www.deville.com.br\/hotel-deville-express-cascavel\" target=\"_blank\" rel=\"noreferrer noopener\"><strong>Hotel Deville Express Cascavel<\/strong><\/a> possui card\u00e1pio variado e ambiente acolhedor. O espa\u00e7o \u00e9 ideal para um jantar especial ou para come\u00e7ar o dia com um caf\u00e9 da manh\u00e3 caprichado.&nbsp;<\/p>\n\n\n\n<p><strong>Hotel Deville Cascavel: sin\u00f4nimo de conforto, praticidade e hospitalidade<\/strong>&nbsp;<\/p>\n\n\n\n<p>O Hotel Deville Express Cascavel \u00e9 refer\u00eancia em conforto, atendimento e qualidade, sendo uma das <strong>melhores op\u00e7\u00f5es de hospedagem em Cascavel<\/strong>. Localizado no centro da cidade, o estabelecimento oferece f\u00e1cil acesso \u00e0s principais atra\u00e7\u00f5es tur\u00edsticas, restaurantes e \u00e1reas comerciais, tornando-se o ponto de partida para explorar tudo o que o munic\u00edpio tem a oferecer.&nbsp;<\/p>\n\n\n\n<p>Os apartamentos s\u00e3o amplos para garantir bem-estar e tranquilidade. Seja para quem vem a trabalho, seja para lazer, o Deville oferece o equil\u00edbrio perfeito entre<strong> funcionalidade e acolhimento<\/strong>.&nbsp;<\/p>\n\n\n\n<p>O hotel tamb\u00e9m conta com <strong>room service e espa\u00e7os para eventos corporativos<\/strong> ou sociais. A equipe \u00e9 treinada para oferecer um atendimento atencioso e personalizado, fazendo com que cada h\u00f3spede se sinta realmente em casa.&nbsp;<\/p>\n\n\n\n<p>Al\u00e9m disso, o Deville \u00e9 reconhecido por sua <strong>pol\u00edtica de sustentabilidade<\/strong> e por a\u00e7\u00f5es voltadas ao bem-estar da comunidade local, um compromisso que refor\u00e7a a conex\u00e3o do hotel com a cidade e com seus valores.&nbsp;<\/p>\n\n\n\n<figure class=\"wp-block-image size-full\"><img decoding=\"async\" width=\"2560\" height=\"1387\" src=\"https:\/\/blog.deville.com.br\/wp-content\/uploads\/2025\/11\/AdobeStock_1557954030-1-scaled.jpeg\" alt=\"\" class=\"wp-image-2636\" srcset=\"https:\/\/blog.deville.com.br\/wp-content\/uploads\/2025\/11\/AdobeStock_1557954030-1-scaled.jpeg 2560w, https:\/\/blog.deville.com.br\/wp-content\/uploads\/2025\/11\/AdobeStock_1557954030-1-300x163.jpeg 300w, https:\/\/blog.deville.com.br\/wp-content\/uploads\/2025\/11\/AdobeStock_1557954030-1-1024x555.jpeg 1024w, https:\/\/blog.deville.com.br\/wp-content\/uploads\/2025\/11\/AdobeStock_1557954030-1-768x416.jpeg 768w, https:\/\/blog.deville.com.br\/wp-content\/uploads\/2025\/11\/AdobeStock_1557954030-1-1536x832.jpeg 1536w, https:\/\/blog.deville.com.br\/wp-content\/uploads\/2025\/11\/AdobeStock_1557954030-1-2048x1110.jpeg 2048w\" sizes=\"(max-width: 2560px) 100vw, 2560px\" \/><\/figure>\n\n\n\n<p>Imagem a\u00e9rea da regi\u00e3o central urbana de Cascavel, Paran\u00e1.\u00a0<\/p>\n\n\n\n<p> Cascavel mescla modernidade com tradi\u00e7\u00e3o. <\/p>\n\n\n\n<p><strong>Viagem ao Oeste do Paran\u00e1: descubra a for\u00e7a e a beleza da regi\u00e3o<\/strong>&nbsp;<\/p>\n\n\n\n<p>Escolher o <strong>Oeste do Paran\u00e1<\/strong> como destino \u00e9 descobrir um territ\u00f3rio marcado pela natureza e pela for\u00e7a de um povo trabalhador. Cidades como Cascavel, Toledo e Foz do Igua\u00e7u formam um corredor de desenvolvimento e oportunidades, que atrai visitantes de todo o pa\u00eds e at\u00e9 do exterior.&nbsp;<\/p>\n\n\n\n<p>Durante o <strong>anivers\u00e1rio de Cascavel<\/strong>, a cidade ganha ainda mais vida. Ruas decoradas, eventos culturais e celebra\u00e7\u00f5es comunit\u00e1rias criam uma atmosfera festiva. \u00c9 o momento ideal para sentir de perto a energia de uma cidade que cresce sem perder suas ra\u00edzes.&nbsp;<\/p>\n\n\n\n<p>E para tornar essa experi\u00eancia ainda mais especial, conte com o conforto e a qualidade dos <strong>Hot\u00e9is Deville<\/strong>. O Deville Express Cascavel \u00e9 um espa\u00e7o pensado para proporcionar momentos de descanso e conex\u00e3o com o que realmente importa.&nbsp;<\/p>\n\n\n\n<p>Reserve sua estadia e viva o melhor de Cascavel com todo o conforto que voc\u00ea merece.&nbsp;&nbsp;<\/p>\n\n\n\n<p>Confira valores e disponibilidade para sua pr\u00f3xima viagem.&nbsp;<\/p>\n\n\n\n<p>Acompanhe tamb\u00e9m as novidades e experi\u00eancias exclusivas do hotel no Instagram: <a href=\"https:\/\/www.instagram.com\/devillecascavel\/\" target=\"_blank\" rel=\"noreferrer noopener\">@devillecascavel<\/a>.&nbsp;<\/p>\n","protected":false},"excerpt":{"rendered":"<p>Celebre a cidade com conforto e descubra o do Oeste do Paran\u00e1 hospedando-se no Hotel Deville Cascavel.&nbsp; Cascavel comemora mais um ano de hist\u00f3ria em 14 de novembro: ao todo, s\u00e3o 74 anos. D\u00e9cadas de crescimento, trabalho e desenvolvimento que transformaram o munic\u00edpio em um dos principais polos do Oeste do Paran\u00e1.&nbsp;&nbsp; Celebrar o anivers\u00e1rio [&hellip;]<\/p>\n","protected":false},"author":2,"featured_media":2637,"comment_status":"closed","ping_status":"open","sticky":false,"template":"","format":"standard","meta":{"_acf_changed":false,"footnotes":""},"categories":[133,39,3,5],"tags":[6,56],"class_list":["post-2630","post","type-post","status-publish","format-standard","has-post-thumbnail","hentry","category-cascavel-pr","category-cultura","category-destinos","category-viagens","tag-dicas","tag-turismo"],"acf":[],"yoast_head":"<!-- This site is optimized with the Yoast SEO plugin v27.5 - https:\/\/yoast.com\/product\/yoast-seo-wordpress\/ -->\n<title>Anivers\u00e1rio de Cascavel: tradi\u00e7\u00e3o e hospitalidade no Oeste do Paran\u00e1\u00a0 - Blog Deville<\/title>\n<meta name=\"description\" content=\"Conhe\u00e7a o turismo em Cascavel e viva experi\u00eancias \u00fanicas com a hospitalidade e o charme do Hotel Deville. Saiba mais neste artigo!\" \/>\n<meta name=\"robots\" content=\"index, follow, max-snippet:-1, max-image-preview:large, max-video-preview:-1\" \/>\n<link rel=\"canonical\" href=\"https:\/\/blog.deville.com.br\/destinos\/aniversario-de-cascavel-tradicao-e-hospitalidade-no-oeste-do-parana\/\" \/>\n<meta property=\"og:locale\" content=\"pt_BR\" \/>\n<meta property=\"og:type\" content=\"article\" \/>\n<meta property=\"og:title\" content=\"Anivers\u00e1rio de Cascavel: tradi\u00e7\u00e3o e hospitalidade no Oeste do Paran\u00e1\u00a0 - Blog Deville\" \/>\n<meta property=\"og:description\" content=\"Conhe\u00e7a o turismo em Cascavel e viva experi\u00eancias \u00fanicas com a hospitalidade e o charme do Hotel Deville. Saiba mais neste artigo!\" \/>\n<meta property=\"og:url\" content=\"https:\/\/blog.deville.com.br\/destinos\/aniversario-de-cascavel-tradicao-e-hospitalidade-no-oeste-do-parana\/\" \/>\n<meta property=\"og:site_name\" content=\"Blog Deville\" \/>\n<meta property=\"article:publisher\" content=\"https:\/\/www.facebook.com\/hoteisdeville\/\" \/>\n<meta property=\"article:published_time\" content=\"2025-11-10T14:29:57+00:00\" \/>\n<meta property=\"article:modified_time\" content=\"2026-03-10T12:08:30+00:00\" \/>\n<meta property=\"og:image\" content=\"https:\/\/blog.deville.com.br\/wp-content\/uploads\/2025\/11\/AdobeStock_538079149-1-scaled.jpeg\" \/>\n\t<meta property=\"og:image:width\" content=\"2560\" \/>\n\t<meta property=\"og:image:height\" content=\"1919\" \/>\n\t<meta property=\"og:image:type\" content=\"image\/jpeg\" \/>\n<meta name=\"author\" content=\"Eduardo Sadao\" \/>\n<meta name=\"twitter:card\" content=\"summary_large_image\" \/>\n<meta name=\"twitter:creator\" content=\"@hoteis_deville\" \/>\n<meta name=\"twitter:site\" content=\"@hoteis_deville\" \/>\n<meta name=\"twitter:label1\" content=\"Escrito por\" \/>\n\t<meta name=\"twitter:data1\" content=\"Eduardo Sadao\" \/>\n\t<meta name=\"twitter:label2\" content=\"Est. tempo de leitura\" \/>\n\t<meta name=\"twitter:data2\" content=\"6 minutos\" \/>\n<script type=\"application\/ld+json\" class=\"yoast-schema-graph\">{\"@context\":\"https:\\\/\\\/schema.org\",\"@graph\":[{\"@type\":\"Article\",\"@id\":\"https:\\\/\\\/blog.deville.com.br\\\/destinos\\\/aniversario-de-cascavel-tradicao-e-hospitalidade-no-oeste-do-parana\\\/#article\",\"isPartOf\":{\"@id\":\"https:\\\/\\\/blog.deville.com.br\\\/destinos\\\/aniversario-de-cascavel-tradicao-e-hospitalidade-no-oeste-do-parana\\\/\"},\"author\":{\"name\":\"Eduardo Sadao\",\"@id\":\"https:\\\/\\\/blog.deville.com.br\\\/#\\\/schema\\\/person\\\/e5a2d1174f6fa1f4af45e0b1ee5a9b92\"},\"headline\":\"Anivers\u00e1rio de Cascavel: tradi\u00e7\u00e3o e hospitalidade no Oeste do Paran\u00e1\u00a0\",\"datePublished\":\"2025-11-10T14:29:57+00:00\",\"dateModified\":\"2026-03-10T12:08:30+00:00\",\"mainEntityOfPage\":{\"@id\":\"https:\\\/\\\/blog.deville.com.br\\\/destinos\\\/aniversario-de-cascavel-tradicao-e-hospitalidade-no-oeste-do-parana\\\/\"},\"wordCount\":1063,\"publisher\":{\"@id\":\"https:\\\/\\\/blog.deville.com.br\\\/#organization\"},\"image\":{\"@id\":\"https:\\\/\\\/blog.deville.com.br\\\/destinos\\\/aniversario-de-cascavel-tradicao-e-hospitalidade-no-oeste-do-parana\\\/#primaryimage\"},\"thumbnailUrl\":\"https:\\\/\\\/blog.deville.com.br\\\/wp-content\\\/uploads\\\/2025\\\/11\\\/AdobeStock_538079149-1-scaled.jpeg\",\"keywords\":[\"Dicas\",\"Turismo\"],\"articleSection\":[\"Cascavel (PR)\",\"Cultura\",\"Destinos\",\"Viagens\"],\"inLanguage\":\"pt-BR\"},{\"@type\":\"WebPage\",\"@id\":\"https:\\\/\\\/blog.deville.com.br\\\/destinos\\\/aniversario-de-cascavel-tradicao-e-hospitalidade-no-oeste-do-parana\\\/\",\"url\":\"https:\\\/\\\/blog.deville.com.br\\\/destinos\\\/aniversario-de-cascavel-tradicao-e-hospitalidade-no-oeste-do-parana\\\/\",\"name\":\"Anivers\u00e1rio de Cascavel: tradi\u00e7\u00e3o e hospitalidade no Oeste do Paran\u00e1\u00a0 - Blog Deville\",\"isPartOf\":{\"@id\":\"https:\\\/\\\/blog.deville.com.br\\\/#website\"},\"primaryImageOfPage\":{\"@id\":\"https:\\\/\\\/blog.deville.com.br\\\/destinos\\\/aniversario-de-cascavel-tradicao-e-hospitalidade-no-oeste-do-parana\\\/#primaryimage\"},\"image\":{\"@id\":\"https:\\\/\\\/blog.deville.com.br\\\/destinos\\\/aniversario-de-cascavel-tradicao-e-hospitalidade-no-oeste-do-parana\\\/#primaryimage\"},\"thumbnailUrl\":\"https:\\\/\\\/blog.deville.com.br\\\/wp-content\\\/uploads\\\/2025\\\/11\\\/AdobeStock_538079149-1-scaled.jpeg\",\"datePublished\":\"2025-11-10T14:29:57+00:00\",\"dateModified\":\"2026-03-10T12:08:30+00:00\",\"description\":\"Conhe\u00e7a o turismo em Cascavel e viva experi\u00eancias \u00fanicas com a hospitalidade e o charme do Hotel Deville. Saiba mais neste artigo!\",\"breadcrumb\":{\"@id\":\"https:\\\/\\\/blog.deville.com.br\\\/destinos\\\/aniversario-de-cascavel-tradicao-e-hospitalidade-no-oeste-do-parana\\\/#breadcrumb\"},\"inLanguage\":\"pt-BR\",\"potentialAction\":[{\"@type\":\"ReadAction\",\"target\":[\"https:\\\/\\\/blog.deville.com.br\\\/destinos\\\/aniversario-de-cascavel-tradicao-e-hospitalidade-no-oeste-do-parana\\\/\"]}]},{\"@type\":\"ImageObject\",\"inLanguage\":\"pt-BR\",\"@id\":\"https:\\\/\\\/blog.deville.com.br\\\/destinos\\\/aniversario-de-cascavel-tradicao-e-hospitalidade-no-oeste-do-parana\\\/#primaryimage\",\"url\":\"https:\\\/\\\/blog.deville.com.br\\\/wp-content\\\/uploads\\\/2025\\\/11\\\/AdobeStock_538079149-1-scaled.jpeg\",\"contentUrl\":\"https:\\\/\\\/blog.deville.com.br\\\/wp-content\\\/uploads\\\/2025\\\/11\\\/AdobeStock_538079149-1-scaled.jpeg\",\"width\":2560,\"height\":1919},{\"@type\":\"BreadcrumbList\",\"@id\":\"https:\\\/\\\/blog.deville.com.br\\\/destinos\\\/aniversario-de-cascavel-tradicao-e-hospitalidade-no-oeste-do-parana\\\/#breadcrumb\",\"itemListElement\":[{\"@type\":\"ListItem\",\"position\":1,\"name\":\"In\u00edcio\",\"item\":\"https:\\\/\\\/blog.deville.com.br\\\/\"},{\"@type\":\"ListItem\",\"position\":2,\"name\":\"Concierge Digital\",\"item\":\"https:\\\/\\\/blog.deville.com.br\\\/concierge-digital\\\/\"},{\"@type\":\"ListItem\",\"position\":3,\"name\":\"Cascavel (PR)\",\"item\":\"https:\\\/\\\/blog.deville.com.br\\\/concierge-digital\\\/cascavel-pr\\\/\"},{\"@type\":\"ListItem\",\"position\":4,\"name\":\"Anivers\u00e1rio de Cascavel: tradi\u00e7\u00e3o e hospitalidade no Oeste do Paran\u00e1\u00a0\"}]},{\"@type\":\"WebSite\",\"@id\":\"https:\\\/\\\/blog.deville.com.br\\\/#website\",\"url\":\"https:\\\/\\\/blog.deville.com.br\\\/\",\"name\":\"Blog Deville\",\"description\":\"\",\"publisher\":{\"@id\":\"https:\\\/\\\/blog.deville.com.br\\\/#organization\"},\"potentialAction\":[{\"@type\":\"SearchAction\",\"target\":{\"@type\":\"EntryPoint\",\"urlTemplate\":\"https:\\\/\\\/blog.deville.com.br\\\/?s={search_term_string}\"},\"query-input\":{\"@type\":\"PropertyValueSpecification\",\"valueRequired\":true,\"valueName\":\"search_term_string\"}}],\"inLanguage\":\"pt-BR\"},{\"@type\":\"Organization\",\"@id\":\"https:\\\/\\\/blog.deville.com.br\\\/#organization\",\"name\":\"Hot\u00e9is Deville\",\"url\":\"https:\\\/\\\/blog.deville.com.br\\\/\",\"logo\":{\"@type\":\"ImageObject\",\"inLanguage\":\"pt-BR\",\"@id\":\"https:\\\/\\\/blog.deville.com.br\\\/#\\\/schema\\\/logo\\\/image\\\/\",\"url\":\"https:\\\/\\\/blog.deville.com.br\\\/wp-content\\\/uploads\\\/2024\\\/08\\\/Deville_Logo.svg\",\"contentUrl\":\"https:\\\/\\\/blog.deville.com.br\\\/wp-content\\\/uploads\\\/2024\\\/08\\\/Deville_Logo.svg\",\"width\":139,\"height\":50,\"caption\":\"Hot\u00e9is Deville\"},\"image\":{\"@id\":\"https:\\\/\\\/blog.deville.com.br\\\/#\\\/schema\\\/logo\\\/image\\\/\"},\"sameAs\":[\"https:\\\/\\\/www.facebook.com\\\/hoteisdeville\\\/\",\"https:\\\/\\\/x.com\\\/hoteis_deville\",\"https:\\\/\\\/www.instagram.com\\\/hoteisdeville\\\/\",\"https:\\\/\\\/www.linkedin.com\\\/company\\\/hoteis-deville\\\/\"]},{\"@type\":\"Person\",\"@id\":\"https:\\\/\\\/blog.deville.com.br\\\/#\\\/schema\\\/person\\\/e5a2d1174f6fa1f4af45e0b1ee5a9b92\",\"name\":\"Eduardo Sadao\",\"image\":{\"@type\":\"ImageObject\",\"inLanguage\":\"pt-BR\",\"@id\":\"https:\\\/\\\/secure.gravatar.com\\\/avatar\\\/67d8d39b54ba97ba14d429e77886caa07d1733692959d0f0b17e48572261b638?s=96&d=mm&r=g\",\"url\":\"https:\\\/\\\/secure.gravatar.com\\\/avatar\\\/67d8d39b54ba97ba14d429e77886caa07d1733692959d0f0b17e48572261b638?s=96&d=mm&r=g\",\"contentUrl\":\"https:\\\/\\\/secure.gravatar.com\\\/avatar\\\/67d8d39b54ba97ba14d429e77886caa07d1733692959d0f0b17e48572261b638?s=96&d=mm&r=g\",\"caption\":\"Eduardo Sadao\"},\"url\":\"https:\\\/\\\/blog.deville.com.br\\\/author\\\/edu-sadao\\\/\"}]}<\/script>\n<!-- \/ Yoast SEO plugin. -->","yoast_head_json":{"title":"Anivers\u00e1rio de Cascavel: tradi\u00e7\u00e3o e hospitalidade no Oeste do Paran\u00e1\u00a0 - Blog Deville","description":"Conhe\u00e7a o turismo em Cascavel e viva experi\u00eancias \u00fanicas com a hospitalidade e o charme do Hotel Deville. Saiba mais neste artigo!","robots":{"index":"index","follow":"follow","max-snippet":"max-snippet:-1","max-image-preview":"max-image-preview:large","max-video-preview":"max-video-preview:-1"},"canonical":"https:\/\/blog.deville.com.br\/destinos\/aniversario-de-cascavel-tradicao-e-hospitalidade-no-oeste-do-parana\/","og_locale":"pt_BR","og_type":"article","og_title":"Anivers\u00e1rio de Cascavel: tradi\u00e7\u00e3o e hospitalidade no Oeste do Paran\u00e1\u00a0 - Blog Deville","og_description":"Conhe\u00e7a o turismo em Cascavel e viva experi\u00eancias \u00fanicas com a hospitalidade e o charme do Hotel Deville. Saiba mais neste artigo!","og_url":"https:\/\/blog.deville.com.br\/destinos\/aniversario-de-cascavel-tradicao-e-hospitalidade-no-oeste-do-parana\/","og_site_name":"Blog Deville","article_publisher":"https:\/\/www.facebook.com\/hoteisdeville\/","article_published_time":"2025-11-10T14:29:57+00:00","article_modified_time":"2026-03-10T12:08:30+00:00","og_image":[{"width":2560,"height":1919,"url":"https:\/\/blog.deville.com.br\/wp-content\/uploads\/2025\/11\/AdobeStock_538079149-1-scaled.jpeg","type":"image\/jpeg"}],"author":"Eduardo Sadao","twitter_card":"summary_large_image","twitter_creator":"@hoteis_deville","twitter_site":"@hoteis_deville","twitter_misc":{"Escrito por":"Eduardo Sadao","Est. tempo de leitura":"6 minutos"},"schema":{"@context":"https:\/\/schema.org","@graph":[{"@type":"Article","@id":"https:\/\/blog.deville.com.br\/destinos\/aniversario-de-cascavel-tradicao-e-hospitalidade-no-oeste-do-parana\/#article","isPartOf":{"@id":"https:\/\/blog.deville.com.br\/destinos\/aniversario-de-cascavel-tradicao-e-hospitalidade-no-oeste-do-parana\/"},"author":{"name":"Eduardo Sadao","@id":"https:\/\/blog.deville.com.br\/#\/schema\/person\/e5a2d1174f6fa1f4af45e0b1ee5a9b92"},"headline":"Anivers\u00e1rio de Cascavel: tradi\u00e7\u00e3o e hospitalidade no Oeste do Paran\u00e1\u00a0","datePublished":"2025-11-10T14:29:57+00:00","dateModified":"2026-03-10T12:08:30+00:00","mainEntityOfPage":{"@id":"https:\/\/blog.deville.com.br\/destinos\/aniversario-de-cascavel-tradicao-e-hospitalidade-no-oeste-do-parana\/"},"wordCount":1063,"publisher":{"@id":"https:\/\/blog.deville.com.br\/#organization"},"image":{"@id":"https:\/\/blog.deville.com.br\/destinos\/aniversario-de-cascavel-tradicao-e-hospitalidade-no-oeste-do-parana\/#primaryimage"},"thumbnailUrl":"https:\/\/blog.deville.com.br\/wp-content\/uploads\/2025\/11\/AdobeStock_538079149-1-scaled.jpeg","keywords":["Dicas","Turismo"],"articleSection":["Cascavel (PR)","Cultura","Destinos","Viagens"],"inLanguage":"pt-BR"},{"@type":"WebPage","@id":"https:\/\/blog.deville.com.br\/destinos\/aniversario-de-cascavel-tradicao-e-hospitalidade-no-oeste-do-parana\/","url":"https:\/\/blog.deville.com.br\/destinos\/aniversario-de-cascavel-tradicao-e-hospitalidade-no-oeste-do-parana\/","name":"Anivers\u00e1rio de Cascavel: tradi\u00e7\u00e3o e hospitalidade no Oeste do Paran\u00e1\u00a0 - Blog Deville","isPartOf":{"@id":"https:\/\/blog.deville.com.br\/#website"},"primaryImageOfPage":{"@id":"https:\/\/blog.deville.com.br\/destinos\/aniversario-de-cascavel-tradicao-e-hospitalidade-no-oeste-do-parana\/#primaryimage"},"image":{"@id":"https:\/\/blog.deville.com.br\/destinos\/aniversario-de-cascavel-tradicao-e-hospitalidade-no-oeste-do-parana\/#primaryimage"},"thumbnailUrl":"https:\/\/blog.deville.com.br\/wp-content\/uploads\/2025\/11\/AdobeStock_538079149-1-scaled.jpeg","datePublished":"2025-11-10T14:29:57+00:00","dateModified":"2026-03-10T12:08:30+00:00","description":"Conhe\u00e7a o turismo em Cascavel e viva experi\u00eancias \u00fanicas com a hospitalidade e o charme do Hotel Deville. Saiba mais neste artigo!","breadcrumb":{"@id":"https:\/\/blog.deville.com.br\/destinos\/aniversario-de-cascavel-tradicao-e-hospitalidade-no-oeste-do-parana\/#breadcrumb"},"inLanguage":"pt-BR","potentialAction":[{"@type":"ReadAction","target":["https:\/\/blog.deville.com.br\/destinos\/aniversario-de-cascavel-tradicao-e-hospitalidade-no-oeste-do-parana\/"]}]},{"@type":"ImageObject","inLanguage":"pt-BR","@id":"https:\/\/blog.deville.com.br\/destinos\/aniversario-de-cascavel-tradicao-e-hospitalidade-no-oeste-do-parana\/#primaryimage","url":"https:\/\/blog.deville.com.br\/wp-content\/uploads\/2025\/11\/AdobeStock_538079149-1-scaled.jpeg","contentUrl":"https:\/\/blog.deville.com.br\/wp-content\/uploads\/2025\/11\/AdobeStock_538079149-1-scaled.jpeg","width":2560,"height":1919},{"@type":"BreadcrumbList","@id":"https:\/\/blog.deville.com.br\/destinos\/aniversario-de-cascavel-tradicao-e-hospitalidade-no-oeste-do-parana\/#breadcrumb","itemListElement":[{"@type":"ListItem","position":1,"name":"In\u00edcio","item":"https:\/\/blog.deville.com.br\/"},{"@type":"ListItem","position":2,"name":"Concierge Digital","item":"https:\/\/blog.deville.com.br\/concierge-digital\/"},{"@type":"ListItem","position":3,"name":"Cascavel (PR)","item":"https:\/\/blog.deville.com.br\/concierge-digital\/cascavel-pr\/"},{"@type":"ListItem","position":4,"name":"Anivers\u00e1rio de Cascavel: tradi\u00e7\u00e3o e hospitalidade no Oeste do Paran\u00e1\u00a0"}]},{"@type":"WebSite","@id":"https:\/\/blog.deville.com.br\/#website","url":"https:\/\/blog.deville.com.br\/","name":"Blog Deville","description":"","publisher":{"@id":"https:\/\/blog.deville.com.br\/#organization"},"potentialAction":[{"@type":"SearchAction","target":{"@type":"EntryPoint","urlTemplate":"https:\/\/blog.deville.com.br\/?s={search_term_string}"},"query-input":{"@type":"PropertyValueSpecification","valueRequired":true,"valueName":"search_term_string"}}],"inLanguage":"pt-BR"},{"@type":"Organization","@id":"https:\/\/blog.deville.com.br\/#organization","name":"Hot\u00e9is Deville","url":"https:\/\/blog.deville.com.br\/","logo":{"@type":"ImageObject","inLanguage":"pt-BR","@id":"https:\/\/blog.deville.com.br\/#\/schema\/logo\/image\/","url":"https:\/\/blog.deville.com.br\/wp-content\/uploads\/2024\/08\/Deville_Logo.svg","contentUrl":"https:\/\/blog.deville.com.br\/wp-content\/uploads\/2024\/08\/Deville_Logo.svg","width":139,"height":50,"caption":"Hot\u00e9is Deville"},"image":{"@id":"https:\/\/blog.deville.com.br\/#\/schema\/logo\/image\/"},"sameAs":["https:\/\/www.facebook.com\/hoteisdeville\/","https:\/\/x.com\/hoteis_deville","https:\/\/www.instagram.com\/hoteisdeville\/","https:\/\/www.linkedin.com\/company\/hoteis-deville\/"]},{"@type":"Person","@id":"https:\/\/blog.deville.com.br\/#\/schema\/person\/e5a2d1174f6fa1f4af45e0b1ee5a9b92","name":"Eduardo Sadao","image":{"@type":"ImageObject","inLanguage":"pt-BR","@id":"https:\/\/secure.gravatar.com\/avatar\/67d8d39b54ba97ba14d429e77886caa07d1733692959d0f0b17e48572261b638?s=96&d=mm&r=g","url":"https:\/\/secure.gravatar.com\/avatar\/67d8d39b54ba97ba14d429e77886caa07d1733692959d0f0b17e48572261b638?s=96&d=mm&r=g","contentUrl":"https:\/\/secure.gravatar.com\/avatar\/67d8d39b54ba97ba14d429e77886caa07d1733692959d0f0b17e48572261b638?s=96&d=mm&r=g","caption":"Eduardo Sadao"},"url":"https:\/\/blog.deville.com.br\/author\/edu-sadao\/"}]}},"publishpress_future_action":{"enabled":false,"date":"2026-05-09 09:41:35","action":"change-status","newStatus":"draft","terms":[],"taxonomy":"category","extraData":[]},"publishpress_future_workflow_manual_trigger":{"enabledWorkflows":[]},"_links":{"self":[{"href":"https:\/\/blog.deville.com.br\/devillemkt6_json\/wp\/v2\/posts\/2630","targetHints":{"allow":["GET"]}}],"collection":[{"href":"https:\/\/blog.deville.com.br\/devillemkt6_json\/wp\/v2\/posts"}],"about":[{"href":"https:\/\/blog.deville.com.br\/devillemkt6_json\/wp\/v2\/types\/post"}],"author":[{"embeddable":true,"href":"https:\/\/blog.deville.com.br\/devillemkt6_json\/wp\/v2\/users\/2"}],"replies":[{"embeddable":true,"href":"https:\/\/blog.deville.com.br\/devillemkt6_json\/wp\/v2\/comments?post=2630"}],"version-history":[{"count":1,"href":"https:\/\/blog.deville.com.br\/devillemkt6_json\/wp\/v2\/posts\/2630\/revisions"}],"predecessor-version":[{"id":2641,"href":"https:\/\/blog.deville.com.br\/devillemkt6_json\/wp\/v2\/posts\/2630\/revisions\/2641"}],"wp:featuredmedia":[{"embeddable":true,"href":"https:\/\/blog.deville.com.br\/devillemkt6_json\/wp\/v2\/media\/2637"}],"wp:attachment":[{"href":"https:\/\/blog.deville.com.br\/devillemkt6_json\/wp\/v2\/media?parent=2630"}],"wp:term":[{"taxonomy":"category","embeddable":true,"href":"https:\/\/blog.deville.com.br\/devillemkt6_json\/wp\/v2\/categories?post=2630"},{"taxonomy":"post_tag","embeddable":true,"href":"https:\/\/blog.deville.com.br\/devillemkt6_json\/wp\/v2\/tags?post=2630"}],"curies":[{"name":"wp","href":"https:\/\/api.w.org\/{rel}","templated":true}]}}