{"id":2655,"date":"2025-12-17T08:48:57","date_gmt":"2025-12-17T11:48:57","guid":{"rendered":"https:\/\/blog.deville.com.br\/?p=2655"},"modified":"2026-03-10T09:08:16","modified_gmt":"2026-03-10T12:08:16","slug":"bem-estar-no-fim-de-ano-prepare-se-para-renovacao","status":"publish","type":"post","link":"https:\/\/blog.deville.com.br\/destinos\/bem-estar-no-fim-de-ano-prepare-se-para-renovacao\/","title":{"rendered":"Bem-estar no fim de ano: prepare-se para renova\u00e7\u00e3o\u00a0"},"content":{"rendered":"\n<p><em>Aprenda pr\u00e1ticas de bem-estar no fim de ano para renovar corpo e mente durante a hospedagem. Autocuidado,&nbsp;mindfulness&nbsp;e relaxamento s\u00e3o algumas delas.<\/em>&nbsp;<\/p>\n\n\n\n<p>Dezembro sempre traz uma energia \u00fanica, como se carregasse a promessa de transi\u00e7\u00e3o, encerramento e recome\u00e7o. \u00c9, portanto, um convite natural para desacelerar e olhar para dentro de si. E se esse cuidado come\u00e7asse ainda durante uma viagem, na pr\u00f3pria hospedagem?&nbsp;<\/p>\n\n\n\n<p><strong>Bem-estar no fim de ano<\/strong>&nbsp;n\u00e3o \u00e9 mais um luxo: \u00e9 uma necessidade para quem deseja iniciar o pr\u00f3ximo ciclo com leveza, presen\u00e7a e vitalidade. Por isso, cada vez mais viajantes buscam experi\u00eancias que combinam conforto, acolhimento e&nbsp;<strong>pr\u00e1ticas de autocuidado<\/strong>, integrando a tranquilidade do hotel \u00e0 rotina pessoal.&nbsp;<\/p>\n\n\n\n<p>A seguir, voc\u00ea encontra sugest\u00f5es pr\u00e1ticas de como criar uma&nbsp;<strong>jornada de<\/strong>&nbsp;<strong>wellness&nbsp;<\/strong>enquanto aproveita sua estadia, em uma pausa r\u00e1pida ou em alguns dias dedicados a voc\u00ea.&nbsp;<\/p>\n\n\n\n<p><strong>O poder das pequenas rotinas: seu ritual de bem-estar no final de ano<\/strong>&nbsp;<\/p>\n\n\n\n<p>Quando o assunto \u00e9<strong>&nbsp;rotina de autocuidado<\/strong>, muitas pessoas imaginam longas sess\u00f5es de spa ou pr\u00e1ticas complexas. Mas a verdade \u00e9 que o bem-estar nasce do simples. E, nesse contexto, a hospedagem tamb\u00e9m oferece oportunidades perfeitas para h\u00e1bitos que, mesmo breves, transformam seu dia. Acompanhe algumas delas a seguir:&nbsp;<\/p>\n\n\n\n<p><strong>Um despertar mais gentil<\/strong>&nbsp;<\/p>\n\n\n\n<p>Quer come\u00e7ar dezembro renovado? Experimente acordar alguns minutos mais cedo para criar um ritual s\u00f3 seu. Abra as cortinas lentamente, deixe a luz natural entrar e respire fundo.&nbsp;&nbsp;<\/p>\n\n\n\n<p>O sil\u00eancio da manh\u00e3 nos&nbsp;hot\u00e9is ,sempre&nbsp;t\u00e3o acolhedor, ajuda a reencontrar o pr\u00f3prio ritmo.&nbsp;<\/p>\n\n\n\n<p>Uma pr\u00e1tica simples:&nbsp;<\/p>\n\n\n\n<ul class=\"wp-block-list\">\n<li>Sente-se na cama ou em uma poltrona confort\u00e1vel.\u00a0<\/li>\n<\/ul>\n\n\n\n<ul class=\"wp-block-list\">\n<li>Inspire contando at\u00e9 quatro, segure por dois, expire por seis.\u00a0<\/li>\n<\/ul>\n\n\n\n<ul class=\"wp-block-list\">\n<li>Repita o mesmo processo por tr\u00eas minutos.\u00a0<\/li>\n<\/ul>\n\n\n\n<p>Esse breve exerc\u00edcio de respira\u00e7\u00e3o reduz a ansiedade e reacende a sensa\u00e7\u00e3o de presen\u00e7a.&nbsp;<\/p>\n\n\n\n<figure class=\"wp-block-image size-full\"><img fetchpriority=\"high\" decoding=\"async\" width=\"2560\" height=\"974\" src=\"https:\/\/blog.deville.com.br\/wp-content\/uploads\/2025\/12\/AdobeStock_590776291-scaled.jpeg\" alt=\"\" class=\"wp-image-2659\" srcset=\"https:\/\/blog.deville.com.br\/wp-content\/uploads\/2025\/12\/AdobeStock_590776291-scaled.jpeg 2560w, https:\/\/blog.deville.com.br\/wp-content\/uploads\/2025\/12\/AdobeStock_590776291-300x114.jpeg 300w, https:\/\/blog.deville.com.br\/wp-content\/uploads\/2025\/12\/AdobeStock_590776291-1024x390.jpeg 1024w, https:\/\/blog.deville.com.br\/wp-content\/uploads\/2025\/12\/AdobeStock_590776291-768x292.jpeg 768w, https:\/\/blog.deville.com.br\/wp-content\/uploads\/2025\/12\/AdobeStock_590776291-1536x584.jpeg 1536w, https:\/\/blog.deville.com.br\/wp-content\/uploads\/2025\/12\/AdobeStock_590776291-2048x779.jpeg 2048w\" sizes=\"(max-width: 2560px) 100vw, 2560px\" \/><\/figure>\n\n\n\n<p>\u00a0 Uma jovem mulher recebe massagem em uma maca, em um espa\u00e7o de relaxamento de um hotel.\u00a0<\/p>\n\n\n\n<p>Existem diferentes formas de alcan\u00e7ar o bem-estar no fim de ano, e a massagem \u00e9 uma delas. <\/p>\n\n\n\n<p><strong>Hidrata\u00e7\u00e3o e nutri\u00e7\u00e3o consciente<\/strong>&nbsp;<\/p>\n\n\n\n<p>A viagem \u00e9 uma ocasi\u00e3o prop\u00edcia para observar escolhas com mais aten\u00e7\u00e3o. Aproveite o caf\u00e9 da manh\u00e3 para montar um prato com frutas frescas, alimentos integrais e sucos naturais. Essas pequenas escolhas v\u00e3o refletir diretamente na sua energia, no restante do dia.&nbsp;<\/p>\n\n\n\n<p>Al\u00e9m disso, pergunte-se: \u201cO que meu corpo realmente deseja hoje?\u201d Esse simples questionamento j\u00e1 coloca voc\u00ea em um estado de&nbsp;<strong>autocuidado&nbsp;<\/strong>ativo e consciente.&nbsp;<\/p>\n\n\n\n<p><strong>Bem-estar e viagem: quando a hospedagem se transforma em ref\u00fagio<\/strong>&nbsp;<\/p>\n\n\n\n<p>A proposta de&nbsp;<strong>bem-estar na viagem<\/strong>&nbsp;\u00e9 mais do que descansar em uma cama confort\u00e1vel. Ela envolve ambientes planejados para inspirar calma, promover equil\u00edbrio e proporcionar experi\u00eancias sensoriais que ajudam a abrandar.&nbsp;<\/p>\n\n\n\n<p>O ambiente certo potencializa pr\u00e1ticas simples e cria lembran\u00e7as memor\u00e1veis. Quer alguns exemplos?&nbsp;<\/p>\n\n\n\n<p><strong>Medita\u00e7\u00e3o ao p\u00f4r do sol<\/strong>&nbsp;<\/p>\n\n\n\n<p>Os fins de tarde de dezembro t\u00eam um brilho particular. Que tal aproveitar esse momento para fazer uma breve&nbsp;<strong>medita\u00e7\u00e3o<\/strong>? Para tanto, escolha um espa\u00e7o ao ar livre, respire devagar e observe a mudan\u00e7a das cores no c\u00e9u.&nbsp;<\/p>\n\n\n\n<p>Se preferir uma orienta\u00e7\u00e3o leve, experimente esta t\u00e9cnica:&nbsp;<\/p>\n\n\n\n<ul class=\"wp-block-list\">\n<li>Foque o olhar em um ponto fixo.\u00a0<\/li>\n<\/ul>\n\n\n\n<ul class=\"wp-block-list\">\n<li>Reconhe\u00e7a sensa\u00e7\u00f5es f\u00edsicas sem julgar.\u00a0<\/li>\n<\/ul>\n\n\n\n<ul class=\"wp-block-list\">\n<li>Deixe os pensamentos flu\u00edrem como nuvens que passam.\u00a0<\/li>\n<\/ul>\n\n\n\n<ul class=\"wp-block-list\">\n<li>Em poucos minutos, a sensa\u00e7\u00e3o de clareza mental se instala.\u00a0<\/li>\n<\/ul>\n\n\n\n<figure class=\"wp-block-image size-full\"><img decoding=\"async\" width=\"2560\" height=\"1707\" src=\"https:\/\/blog.deville.com.br\/wp-content\/uploads\/2025\/12\/AdobeStock_441948253-scaled.jpeg\" alt=\"\" class=\"wp-image-2660\" srcset=\"https:\/\/blog.deville.com.br\/wp-content\/uploads\/2025\/12\/AdobeStock_441948253-scaled.jpeg 2560w, https:\/\/blog.deville.com.br\/wp-content\/uploads\/2025\/12\/AdobeStock_441948253-300x200.jpeg 300w, https:\/\/blog.deville.com.br\/wp-content\/uploads\/2025\/12\/AdobeStock_441948253-1024x683.jpeg 1024w, https:\/\/blog.deville.com.br\/wp-content\/uploads\/2025\/12\/AdobeStock_441948253-768x512.jpeg 768w, https:\/\/blog.deville.com.br\/wp-content\/uploads\/2025\/12\/AdobeStock_441948253-1536x1024.jpeg 1536w, https:\/\/blog.deville.com.br\/wp-content\/uploads\/2025\/12\/AdobeStock_441948253-2048x1365.jpeg 2048w\" sizes=\"(max-width: 2560px) 100vw, 2560px\" \/><\/figure>\n\n\n\n<p> Uma jovem mulher, fazendo sua pr\u00e1tica de medita\u00e7\u00e3o. <\/p>\n\n\n\n<p><strong>Alongamentos para liberar tens\u00f5es<\/strong>&nbsp;<\/p>\n\n\n\n<p>Viajar \u00e9 prazeroso, mas tamb\u00e9m exige movimento: fazer a mala, os deslocamentos e extensas caminhadas. Por isso, incluir&nbsp;<strong>alongamentos&nbsp;<\/strong>suaves no in\u00edcio e no fim do dia faz toda a diferen\u00e7a.&nbsp;<\/p>\n\n\n\n<p>Para tanto, prefira ambientes silenciosos, como o quarto ou \u00e1reas comuns pouco movimentadas. Alongue ombros, costas e quadris, as regi\u00f5es que mais sofrem com o ritmo intenso do ano.&nbsp;<\/p>\n\n\n\n<p><strong>Momentos de sil\u00eancio digital<\/strong>&nbsp;<\/p>\n\n\n\n<p>Desconectar-se \u00e9, muitas vezes, a parte mais dif\u00edcil da busca por bem-estar. Por isso, que tal criar uma&nbsp;<strong>pausa digital&nbsp;<\/strong>di\u00e1ria?&nbsp;<\/p>\n\n\n\n<p>Desligar as notifica\u00e7\u00f5es do seu celular por 20 minutos, caminhar sem o aparelho ou ler um livro no jardim s\u00e3o formas simples de voltar a sentir o momento presente.&nbsp;<\/p>\n\n\n\n<p><strong>Caminhos para uma mente mais leve: pr\u00e1ticas de&nbsp;mindfulness&nbsp;na hospedagem<\/strong>&nbsp;<\/p>\n\n\n\n<p><strong>Mindfulness&nbsp;<\/strong>\u00e9 presen\u00e7a plena. E estar presente durante uma viagem multiplica sensa\u00e7\u00f5es, amplia percep\u00e7\u00f5es e transforma experi\u00eancias em mem\u00f3rias v\u00edvidas.&nbsp;<\/p>\n\n\n\n<p>Aqui est\u00e3o tr\u00eas pr\u00e1ticas f\u00e1ceis que podem ser aplicadas em um hotel:&nbsp;<\/p>\n\n\n\n<p><strong>1. Escuta ativa do ambiente<\/strong>&nbsp;<\/p>\n\n\n\n<p>Feche os olhos por um instante e somente ou\u00e7a sons como:&nbsp;<\/p>\n\n\n\n<ul class=\"wp-block-list\">\n<li>A brisa tocando as \u00e1rvores l\u00e1 fora.\u00a0<\/li>\n<\/ul>\n\n\n\n<ul class=\"wp-block-list\">\n<li>O murm\u00fario distante da cidade.\u00a0<\/li>\n<\/ul>\n\n\n\n<ul class=\"wp-block-list\">\n<li>Passos discretos no corredor.\u00a0<\/li>\n<\/ul>\n\n\n\n<p>Diferente do que se possa imaginar, esses ru\u00eddos podem criar um cen\u00e1rio sensorial que acalma e aterra. Basta mudar como voc\u00ea os percebe.&nbsp;<\/p>\n\n\n\n<p><strong>2.&nbsp;Mindful&nbsp;shower: o banho como ritual<\/strong>&nbsp;<\/p>\n\n\n\n<p>Transformar o&nbsp;<strong>banho&nbsp;<\/strong>em uma experi\u00eancia consciente \u00e9 uma das formas mais acess\u00edveis de autocuidado.&nbsp;<\/p>\n\n\n\n<p>Preste aten\u00e7\u00e3o na temperatura da \u00e1gua, no aroma do sabonete, na sensa\u00e7\u00e3o da espuma pela pele. A pr\u00e1tica dura poucos minutos, mas tem um poder restaurador imediato.&nbsp;<\/p>\n\n\n\n<p><strong>3. Di\u00e1rio de viagem emocional<\/strong>&nbsp;<\/p>\n\n\n\n<p>Antes de dormir, escreva tr\u00eas coisas que trouxeram bem-estar no dia. Esse exerc\u00edcio amplia a percep\u00e7\u00e3o de gratid\u00e3o e fortalece o sentimento de renova\u00e7\u00e3o.&nbsp;<\/p>\n\n\n\n<p><strong>Espa\u00e7os que convidam ao relaxamento: aproveite o que o hotel oferece<\/strong>&nbsp;<\/p>\n\n\n\n<p>Cada hotel possui algumas \u00e1reas que podem ser integradas \u00e0s suas pr\u00e1ticas de&nbsp;wellness:&nbsp;<\/p>\n\n\n\n<ul class=\"wp-block-list\">\n<li>Lounges\u00a0tranquilos.\u00a0<\/li>\n<\/ul>\n\n\n\n<ul class=\"wp-block-list\">\n<li>Jardins silenciosos.\u00a0<\/li>\n<\/ul>\n\n\n\n<ul class=\"wp-block-list\">\n<li>Piscinas convidativas.\u00a0<\/li>\n<\/ul>\n\n\n\n<ul class=\"wp-block-list\">\n<li>Academias bem equipadas.\u00a0<\/li>\n<\/ul>\n\n\n\n<ul class=\"wp-block-list\">\n<li>Restaurantes que aliam sabor e leveza.\u00a0<\/li>\n<\/ul>\n\n\n\n<p>Observar essas possibilidades e integr\u00e1-las ao seu dia cria uma experi\u00eancia ainda mais completa.&nbsp;<\/p>\n\n\n\n<p>Quer descobrir mais sobre o universo dos Hot\u00e9is Deville, inspira\u00e7\u00f5es e bastidores? Acompanhe&nbsp;<a href=\"https:\/\/www.instagram.com\/hoteisdeville\/\" target=\"_blank\" rel=\"noreferrer noopener\"><strong>nosso perfil no Instagram<\/strong><\/a>.&nbsp;<\/p>\n\n\n\n<p><strong>Dicas extras para potencializar sua experi\u00eancia<\/strong>&nbsp;<\/p>\n\n\n\n<p>Al\u00e9m das pr\u00e1ticas internas, alguns detalhes tornam o bem-estar no fim de ano ainda mais especial:&nbsp;<\/p>\n\n\n\n<p><strong>Explore atra\u00e7\u00f5es pr\u00f3ximas<\/strong>&nbsp;<\/p>\n\n\n\n<p>Fazer uma caminhada leve nos arredores do hotel pode se transformar em um passeio revigorante. Procure pra\u00e7as, feirinhas de artesanato ou caf\u00e9s charmosos para desacelerar.&nbsp;<\/p>\n\n\n\n<p><strong>Valorize pausas intencionais<\/strong>&nbsp;<\/p>\n\n\n\n<p>Reserve pelo menos um momento do dia para n\u00e3o fazer nada.&nbsp;Deitar&nbsp;\u00e0 beira da piscina ou observar a paisagem pela janela j\u00e1 \u00e9 uma forma poderosa de autocuidado.&nbsp;<\/p>\n\n\n\n<figure class=\"wp-block-image size-full\"><img decoding=\"async\" width=\"2560\" height=\"1707\" src=\"https:\/\/blog.deville.com.br\/wp-content\/uploads\/2025\/12\/AdobeStock_237844503-scaled.jpeg\" alt=\"\" class=\"wp-image-2661\" srcset=\"https:\/\/blog.deville.com.br\/wp-content\/uploads\/2025\/12\/AdobeStock_237844503-scaled.jpeg 2560w, https:\/\/blog.deville.com.br\/wp-content\/uploads\/2025\/12\/AdobeStock_237844503-300x200.jpeg 300w, https:\/\/blog.deville.com.br\/wp-content\/uploads\/2025\/12\/AdobeStock_237844503-1024x683.jpeg 1024w, https:\/\/blog.deville.com.br\/wp-content\/uploads\/2025\/12\/AdobeStock_237844503-768x512.jpeg 768w, https:\/\/blog.deville.com.br\/wp-content\/uploads\/2025\/12\/AdobeStock_237844503-1536x1024.jpeg 1536w, https:\/\/blog.deville.com.br\/wp-content\/uploads\/2025\/12\/AdobeStock_237844503-2048x1365.jpeg 2048w\" sizes=\"(max-width: 2560px) 100vw, 2560px\" \/><\/figure>\n\n\n\n<p> Uma jovem mulher caucasiana, usando biqu\u00edni e \u00f3culos de sol, descansa \u00e0s margens de uma piscina.\u00a0<\/p>\n\n\n\n<p> Descansar ao lado da piscina, como a do Deville Prime Salvador, \u00e9 uma excelente pedida para a pr\u00e1tica de bem-estar no fim de ano. <\/p>\n\n\n\n<p><strong>Observe o corpo com carinho<\/strong>&nbsp;<\/p>\n\n\n\n<p>Hidrate-se, alongue-se, respeite sinais de cansa\u00e7o. O corpo \u201cfala\u201d, especialmente quando finalmente encontra tempo para descansar.&nbsp;<\/p>\n\n\n\n<p><strong>Renove-se: o fim do ano \u00e9 seu convite para recome\u00e7ar<\/strong>&nbsp;<\/p>\n\n\n\n<p>Criar&nbsp;<strong>momentos de bem-estar no fim de ano<\/strong>&nbsp;\u00e9 abrir espa\u00e7o para o novo com mais leveza e clareza. Durante a hospedagem, voc\u00ea tem a chance de viver experi\u00eancias sensoriais \u00fanicas, reequilibrar energia e alinhar corpo e mente antes de iniciar um novo ciclo.&nbsp;<\/p>\n\n\n\n<p>Se voc\u00ea busca um&nbsp;<strong>ref\u00fagio para descansar<\/strong>, desacelerar e transformar sua viagem em uma jornada de autocuidado, vale conferir valores e disponibilidade dos Hot\u00e9is Deville&nbsp;<a href=\"https:\/\/book.omnibees.com\/chain\/1785?_gl=1*1hk22p7*_gcl_au*MjA2ODEyNDg3Mi4xNzM1MzE5MTY1#_ga=2.144439100.863192214.1738853106-493114889.1735319165\" target=\"_blank\" rel=\"noreferrer noopener\"><strong>diretamente em nosso site<\/strong><\/a>.&nbsp;<\/p>\n\n\n\n<p>Aproveite para criar sua pr\u00f3pria&nbsp;<strong>rotina de bem-estar<\/strong>, renovar energias e come\u00e7ar dezembro com o equil\u00edbrio que voc\u00ea merece. Seu momento de pausa est\u00e1 logo ali!&nbsp;<\/p>\n\n\n\n<p><\/p>\n","protected":false},"excerpt":{"rendered":"<p>Aprenda pr\u00e1ticas de bem-estar no fim de ano para renovar corpo e mente durante a hospedagem. Autocuidado,&nbsp;mindfulness&nbsp;e relaxamento s\u00e3o algumas delas.&nbsp; Dezembro sempre traz uma energia \u00fanica, como se carregasse a promessa de transi\u00e7\u00e3o, encerramento e recome\u00e7o. \u00c9, portanto, um convite natural para desacelerar e olhar para dentro de si. E se esse cuidado come\u00e7asse [&hellip;]<\/p>\n","protected":false},"author":2,"featured_media":2662,"comment_status":"closed","ping_status":"open","sticky":false,"template":"","format":"standard","meta":{"_acf_changed":false,"footnotes":""},"categories":[39,3,5],"tags":[6],"class_list":["post-2655","post","type-post","status-publish","format-standard","has-post-thumbnail","hentry","category-cultura","category-destinos","category-viagens","tag-dicas"],"acf":[],"yoast_head":"<!-- This site is optimized with the Yoast SEO plugin v27.5 - https:\/\/yoast.com\/product\/yoast-seo-wordpress\/ -->\n<title>Bem-estar no fim de ano: prepare-se para renova\u00e7\u00e3o\u00a0 - Blog Deville<\/title>\n<meta name=\"description\" content=\"Prepare-se para a renova\u00e7\u00e3o com dicas de bem-estar no fim de ano: autocuidado, mindfulness e rotinas relaxantes durante sua viagem.\" \/>\n<meta name=\"robots\" content=\"index, follow, max-snippet:-1, max-image-preview:large, max-video-preview:-1\" \/>\n<link rel=\"canonical\" href=\"https:\/\/blog.deville.com.br\/destinos\/bem-estar-no-fim-de-ano-prepare-se-para-renovacao\/\" \/>\n<meta property=\"og:locale\" content=\"pt_BR\" \/>\n<meta property=\"og:type\" content=\"article\" \/>\n<meta property=\"og:title\" content=\"Bem-estar no fim de ano: prepare-se para renova\u00e7\u00e3o\u00a0 - Blog Deville\" \/>\n<meta property=\"og:description\" content=\"Prepare-se para a renova\u00e7\u00e3o com dicas de bem-estar no fim de ano: autocuidado, mindfulness e rotinas relaxantes durante sua viagem.\" \/>\n<meta property=\"og:url\" content=\"https:\/\/blog.deville.com.br\/destinos\/bem-estar-no-fim-de-ano-prepare-se-para-renovacao\/\" \/>\n<meta property=\"og:site_name\" content=\"Blog Deville\" \/>\n<meta property=\"article:publisher\" content=\"https:\/\/www.facebook.com\/hoteisdeville\/\" \/>\n<meta property=\"article:published_time\" content=\"2025-12-17T11:48:57+00:00\" \/>\n<meta property=\"article:modified_time\" content=\"2026-03-10T12:08:16+00:00\" \/>\n<meta property=\"og:image\" content=\"https:\/\/blog.deville.com.br\/wp-content\/uploads\/2025\/12\/AdobeStock_180666162-scaled.jpeg\" \/>\n\t<meta property=\"og:image:width\" content=\"2560\" \/>\n\t<meta property=\"og:image:height\" content=\"1706\" \/>\n\t<meta property=\"og:image:type\" content=\"image\/jpeg\" \/>\n<meta name=\"author\" content=\"Eduardo Sadao\" \/>\n<meta name=\"twitter:card\" content=\"summary_large_image\" \/>\n<meta name=\"twitter:creator\" content=\"@hoteis_deville\" \/>\n<meta name=\"twitter:site\" content=\"@hoteis_deville\" \/>\n<meta name=\"twitter:label1\" content=\"Escrito por\" \/>\n\t<meta name=\"twitter:data1\" content=\"Eduardo Sadao\" \/>\n\t<meta name=\"twitter:label2\" content=\"Est. tempo de leitura\" \/>\n\t<meta name=\"twitter:data2\" content=\"8 minutos\" \/>\n<script type=\"application\/ld+json\" class=\"yoast-schema-graph\">{\"@context\":\"https:\\\/\\\/schema.org\",\"@graph\":[{\"@type\":\"Article\",\"@id\":\"https:\\\/\\\/blog.deville.com.br\\\/destinos\\\/bem-estar-no-fim-de-ano-prepare-se-para-renovacao\\\/#article\",\"isPartOf\":{\"@id\":\"https:\\\/\\\/blog.deville.com.br\\\/destinos\\\/bem-estar-no-fim-de-ano-prepare-se-para-renovacao\\\/\"},\"author\":{\"name\":\"Eduardo Sadao\",\"@id\":\"https:\\\/\\\/blog.deville.com.br\\\/#\\\/schema\\\/person\\\/e5a2d1174f6fa1f4af45e0b1ee5a9b92\"},\"headline\":\"Bem-estar no fim de ano: prepare-se para renova\u00e7\u00e3o\u00a0\",\"datePublished\":\"2025-12-17T11:48:57+00:00\",\"dateModified\":\"2026-03-10T12:08:16+00:00\",\"mainEntityOfPage\":{\"@id\":\"https:\\\/\\\/blog.deville.com.br\\\/destinos\\\/bem-estar-no-fim-de-ano-prepare-se-para-renovacao\\\/\"},\"wordCount\":1355,\"publisher\":{\"@id\":\"https:\\\/\\\/blog.deville.com.br\\\/#organization\"},\"image\":{\"@id\":\"https:\\\/\\\/blog.deville.com.br\\\/destinos\\\/bem-estar-no-fim-de-ano-prepare-se-para-renovacao\\\/#primaryimage\"},\"thumbnailUrl\":\"https:\\\/\\\/blog.deville.com.br\\\/wp-content\\\/uploads\\\/2025\\\/12\\\/AdobeStock_180666162-scaled.jpeg\",\"keywords\":[\"Dicas\"],\"articleSection\":[\"Cultura\",\"Destinos\",\"Viagens\"],\"inLanguage\":\"pt-BR\"},{\"@type\":\"WebPage\",\"@id\":\"https:\\\/\\\/blog.deville.com.br\\\/destinos\\\/bem-estar-no-fim-de-ano-prepare-se-para-renovacao\\\/\",\"url\":\"https:\\\/\\\/blog.deville.com.br\\\/destinos\\\/bem-estar-no-fim-de-ano-prepare-se-para-renovacao\\\/\",\"name\":\"Bem-estar no fim de ano: prepare-se para renova\u00e7\u00e3o\u00a0 - Blog Deville\",\"isPartOf\":{\"@id\":\"https:\\\/\\\/blog.deville.com.br\\\/#website\"},\"primaryImageOfPage\":{\"@id\":\"https:\\\/\\\/blog.deville.com.br\\\/destinos\\\/bem-estar-no-fim-de-ano-prepare-se-para-renovacao\\\/#primaryimage\"},\"image\":{\"@id\":\"https:\\\/\\\/blog.deville.com.br\\\/destinos\\\/bem-estar-no-fim-de-ano-prepare-se-para-renovacao\\\/#primaryimage\"},\"thumbnailUrl\":\"https:\\\/\\\/blog.deville.com.br\\\/wp-content\\\/uploads\\\/2025\\\/12\\\/AdobeStock_180666162-scaled.jpeg\",\"datePublished\":\"2025-12-17T11:48:57+00:00\",\"dateModified\":\"2026-03-10T12:08:16+00:00\",\"description\":\"Prepare-se para a renova\u00e7\u00e3o com dicas de bem-estar no fim de ano: autocuidado, mindfulness e rotinas relaxantes durante sua viagem.\",\"breadcrumb\":{\"@id\":\"https:\\\/\\\/blog.deville.com.br\\\/destinos\\\/bem-estar-no-fim-de-ano-prepare-se-para-renovacao\\\/#breadcrumb\"},\"inLanguage\":\"pt-BR\",\"potentialAction\":[{\"@type\":\"ReadAction\",\"target\":[\"https:\\\/\\\/blog.deville.com.br\\\/destinos\\\/bem-estar-no-fim-de-ano-prepare-se-para-renovacao\\\/\"]}]},{\"@type\":\"ImageObject\",\"inLanguage\":\"pt-BR\",\"@id\":\"https:\\\/\\\/blog.deville.com.br\\\/destinos\\\/bem-estar-no-fim-de-ano-prepare-se-para-renovacao\\\/#primaryimage\",\"url\":\"https:\\\/\\\/blog.deville.com.br\\\/wp-content\\\/uploads\\\/2025\\\/12\\\/AdobeStock_180666162-scaled.jpeg\",\"contentUrl\":\"https:\\\/\\\/blog.deville.com.br\\\/wp-content\\\/uploads\\\/2025\\\/12\\\/AdobeStock_180666162-scaled.jpeg\",\"width\":2560,\"height\":1706,\"caption\":\"Spa treatment. Face massage. Massage of the chin zone and cheeks of the client close-up. Moistening with oil. Restorative procedures\"},{\"@type\":\"BreadcrumbList\",\"@id\":\"https:\\\/\\\/blog.deville.com.br\\\/destinos\\\/bem-estar-no-fim-de-ano-prepare-se-para-renovacao\\\/#breadcrumb\",\"itemListElement\":[{\"@type\":\"ListItem\",\"position\":1,\"name\":\"In\u00edcio\",\"item\":\"https:\\\/\\\/blog.deville.com.br\\\/\"},{\"@type\":\"ListItem\",\"position\":2,\"name\":\"Cultura\",\"item\":\"https:\\\/\\\/blog.deville.com.br\\\/cultura\\\/\"},{\"@type\":\"ListItem\",\"position\":3,\"name\":\"Bem-estar no fim de ano: prepare-se para renova\u00e7\u00e3o\u00a0\"}]},{\"@type\":\"WebSite\",\"@id\":\"https:\\\/\\\/blog.deville.com.br\\\/#website\",\"url\":\"https:\\\/\\\/blog.deville.com.br\\\/\",\"name\":\"Blog Deville\",\"description\":\"\",\"publisher\":{\"@id\":\"https:\\\/\\\/blog.deville.com.br\\\/#organization\"},\"potentialAction\":[{\"@type\":\"SearchAction\",\"target\":{\"@type\":\"EntryPoint\",\"urlTemplate\":\"https:\\\/\\\/blog.deville.com.br\\\/?s={search_term_string}\"},\"query-input\":{\"@type\":\"PropertyValueSpecification\",\"valueRequired\":true,\"valueName\":\"search_term_string\"}}],\"inLanguage\":\"pt-BR\"},{\"@type\":\"Organization\",\"@id\":\"https:\\\/\\\/blog.deville.com.br\\\/#organization\",\"name\":\"Hot\u00e9is Deville\",\"url\":\"https:\\\/\\\/blog.deville.com.br\\\/\",\"logo\":{\"@type\":\"ImageObject\",\"inLanguage\":\"pt-BR\",\"@id\":\"https:\\\/\\\/blog.deville.com.br\\\/#\\\/schema\\\/logo\\\/image\\\/\",\"url\":\"https:\\\/\\\/blog.deville.com.br\\\/wp-content\\\/uploads\\\/2024\\\/08\\\/Deville_Logo.svg\",\"contentUrl\":\"https:\\\/\\\/blog.deville.com.br\\\/wp-content\\\/uploads\\\/2024\\\/08\\\/Deville_Logo.svg\",\"width\":139,\"height\":50,\"caption\":\"Hot\u00e9is Deville\"},\"image\":{\"@id\":\"https:\\\/\\\/blog.deville.com.br\\\/#\\\/schema\\\/logo\\\/image\\\/\"},\"sameAs\":[\"https:\\\/\\\/www.facebook.com\\\/hoteisdeville\\\/\",\"https:\\\/\\\/x.com\\\/hoteis_deville\",\"https:\\\/\\\/www.instagram.com\\\/hoteisdeville\\\/\",\"https:\\\/\\\/www.linkedin.com\\\/company\\\/hoteis-deville\\\/\"]},{\"@type\":\"Person\",\"@id\":\"https:\\\/\\\/blog.deville.com.br\\\/#\\\/schema\\\/person\\\/e5a2d1174f6fa1f4af45e0b1ee5a9b92\",\"name\":\"Eduardo Sadao\",\"image\":{\"@type\":\"ImageObject\",\"inLanguage\":\"pt-BR\",\"@id\":\"https:\\\/\\\/secure.gravatar.com\\\/avatar\\\/67d8d39b54ba97ba14d429e77886caa07d1733692959d0f0b17e48572261b638?s=96&d=mm&r=g\",\"url\":\"https:\\\/\\\/secure.gravatar.com\\\/avatar\\\/67d8d39b54ba97ba14d429e77886caa07d1733692959d0f0b17e48572261b638?s=96&d=mm&r=g\",\"contentUrl\":\"https:\\\/\\\/secure.gravatar.com\\\/avatar\\\/67d8d39b54ba97ba14d429e77886caa07d1733692959d0f0b17e48572261b638?s=96&d=mm&r=g\",\"caption\":\"Eduardo Sadao\"},\"url\":\"https:\\\/\\\/blog.deville.com.br\\\/author\\\/edu-sadao\\\/\"}]}<\/script>\n<!-- \/ Yoast SEO plugin. -->","yoast_head_json":{"title":"Bem-estar no fim de ano: prepare-se para renova\u00e7\u00e3o\u00a0 - Blog Deville","description":"Prepare-se para a renova\u00e7\u00e3o com dicas de bem-estar no fim de ano: autocuidado, mindfulness e rotinas relaxantes durante sua viagem.","robots":{"index":"index","follow":"follow","max-snippet":"max-snippet:-1","max-image-preview":"max-image-preview:large","max-video-preview":"max-video-preview:-1"},"canonical":"https:\/\/blog.deville.com.br\/destinos\/bem-estar-no-fim-de-ano-prepare-se-para-renovacao\/","og_locale":"pt_BR","og_type":"article","og_title":"Bem-estar no fim de ano: prepare-se para renova\u00e7\u00e3o\u00a0 - Blog Deville","og_description":"Prepare-se para a renova\u00e7\u00e3o com dicas de bem-estar no fim de ano: autocuidado, mindfulness e rotinas relaxantes durante sua viagem.","og_url":"https:\/\/blog.deville.com.br\/destinos\/bem-estar-no-fim-de-ano-prepare-se-para-renovacao\/","og_site_name":"Blog Deville","article_publisher":"https:\/\/www.facebook.com\/hoteisdeville\/","article_published_time":"2025-12-17T11:48:57+00:00","article_modified_time":"2026-03-10T12:08:16+00:00","og_image":[{"width":2560,"height":1706,"url":"https:\/\/blog.deville.com.br\/wp-content\/uploads\/2025\/12\/AdobeStock_180666162-scaled.jpeg","type":"image\/jpeg"}],"author":"Eduardo Sadao","twitter_card":"summary_large_image","twitter_creator":"@hoteis_deville","twitter_site":"@hoteis_deville","twitter_misc":{"Escrito por":"Eduardo Sadao","Est. tempo de leitura":"8 minutos"},"schema":{"@context":"https:\/\/schema.org","@graph":[{"@type":"Article","@id":"https:\/\/blog.deville.com.br\/destinos\/bem-estar-no-fim-de-ano-prepare-se-para-renovacao\/#article","isPartOf":{"@id":"https:\/\/blog.deville.com.br\/destinos\/bem-estar-no-fim-de-ano-prepare-se-para-renovacao\/"},"author":{"name":"Eduardo Sadao","@id":"https:\/\/blog.deville.com.br\/#\/schema\/person\/e5a2d1174f6fa1f4af45e0b1ee5a9b92"},"headline":"Bem-estar no fim de ano: prepare-se para renova\u00e7\u00e3o\u00a0","datePublished":"2025-12-17T11:48:57+00:00","dateModified":"2026-03-10T12:08:16+00:00","mainEntityOfPage":{"@id":"https:\/\/blog.deville.com.br\/destinos\/bem-estar-no-fim-de-ano-prepare-se-para-renovacao\/"},"wordCount":1355,"publisher":{"@id":"https:\/\/blog.deville.com.br\/#organization"},"image":{"@id":"https:\/\/blog.deville.com.br\/destinos\/bem-estar-no-fim-de-ano-prepare-se-para-renovacao\/#primaryimage"},"thumbnailUrl":"https:\/\/blog.deville.com.br\/wp-content\/uploads\/2025\/12\/AdobeStock_180666162-scaled.jpeg","keywords":["Dicas"],"articleSection":["Cultura","Destinos","Viagens"],"inLanguage":"pt-BR"},{"@type":"WebPage","@id":"https:\/\/blog.deville.com.br\/destinos\/bem-estar-no-fim-de-ano-prepare-se-para-renovacao\/","url":"https:\/\/blog.deville.com.br\/destinos\/bem-estar-no-fim-de-ano-prepare-se-para-renovacao\/","name":"Bem-estar no fim de ano: prepare-se para renova\u00e7\u00e3o\u00a0 - Blog Deville","isPartOf":{"@id":"https:\/\/blog.deville.com.br\/#website"},"primaryImageOfPage":{"@id":"https:\/\/blog.deville.com.br\/destinos\/bem-estar-no-fim-de-ano-prepare-se-para-renovacao\/#primaryimage"},"image":{"@id":"https:\/\/blog.deville.com.br\/destinos\/bem-estar-no-fim-de-ano-prepare-se-para-renovacao\/#primaryimage"},"thumbnailUrl":"https:\/\/blog.deville.com.br\/wp-content\/uploads\/2025\/12\/AdobeStock_180666162-scaled.jpeg","datePublished":"2025-12-17T11:48:57+00:00","dateModified":"2026-03-10T12:08:16+00:00","description":"Prepare-se para a renova\u00e7\u00e3o com dicas de bem-estar no fim de ano: autocuidado, mindfulness e rotinas relaxantes durante sua viagem.","breadcrumb":{"@id":"https:\/\/blog.deville.com.br\/destinos\/bem-estar-no-fim-de-ano-prepare-se-para-renovacao\/#breadcrumb"},"inLanguage":"pt-BR","potentialAction":[{"@type":"ReadAction","target":["https:\/\/blog.deville.com.br\/destinos\/bem-estar-no-fim-de-ano-prepare-se-para-renovacao\/"]}]},{"@type":"ImageObject","inLanguage":"pt-BR","@id":"https:\/\/blog.deville.com.br\/destinos\/bem-estar-no-fim-de-ano-prepare-se-para-renovacao\/#primaryimage","url":"https:\/\/blog.deville.com.br\/wp-content\/uploads\/2025\/12\/AdobeStock_180666162-scaled.jpeg","contentUrl":"https:\/\/blog.deville.com.br\/wp-content\/uploads\/2025\/12\/AdobeStock_180666162-scaled.jpeg","width":2560,"height":1706,"caption":"Spa treatment. Face massage. Massage of the chin zone and cheeks of the client close-up. Moistening with oil. Restorative procedures"},{"@type":"BreadcrumbList","@id":"https:\/\/blog.deville.com.br\/destinos\/bem-estar-no-fim-de-ano-prepare-se-para-renovacao\/#breadcrumb","itemListElement":[{"@type":"ListItem","position":1,"name":"In\u00edcio","item":"https:\/\/blog.deville.com.br\/"},{"@type":"ListItem","position":2,"name":"Cultura","item":"https:\/\/blog.deville.com.br\/cultura\/"},{"@type":"ListItem","position":3,"name":"Bem-estar no fim de ano: prepare-se para renova\u00e7\u00e3o\u00a0"}]},{"@type":"WebSite","@id":"https:\/\/blog.deville.com.br\/#website","url":"https:\/\/blog.deville.com.br\/","name":"Blog Deville","description":"","publisher":{"@id":"https:\/\/blog.deville.com.br\/#organization"},"potentialAction":[{"@type":"SearchAction","target":{"@type":"EntryPoint","urlTemplate":"https:\/\/blog.deville.com.br\/?s={search_term_string}"},"query-input":{"@type":"PropertyValueSpecification","valueRequired":true,"valueName":"search_term_string"}}],"inLanguage":"pt-BR"},{"@type":"Organization","@id":"https:\/\/blog.deville.com.br\/#organization","name":"Hot\u00e9is Deville","url":"https:\/\/blog.deville.com.br\/","logo":{"@type":"ImageObject","inLanguage":"pt-BR","@id":"https:\/\/blog.deville.com.br\/#\/schema\/logo\/image\/","url":"https:\/\/blog.deville.com.br\/wp-content\/uploads\/2024\/08\/Deville_Logo.svg","contentUrl":"https:\/\/blog.deville.com.br\/wp-content\/uploads\/2024\/08\/Deville_Logo.svg","width":139,"height":50,"caption":"Hot\u00e9is Deville"},"image":{"@id":"https:\/\/blog.deville.com.br\/#\/schema\/logo\/image\/"},"sameAs":["https:\/\/www.facebook.com\/hoteisdeville\/","https:\/\/x.com\/hoteis_deville","https:\/\/www.instagram.com\/hoteisdeville\/","https:\/\/www.linkedin.com\/company\/hoteis-deville\/"]},{"@type":"Person","@id":"https:\/\/blog.deville.com.br\/#\/schema\/person\/e5a2d1174f6fa1f4af45e0b1ee5a9b92","name":"Eduardo Sadao","image":{"@type":"ImageObject","inLanguage":"pt-BR","@id":"https:\/\/secure.gravatar.com\/avatar\/67d8d39b54ba97ba14d429e77886caa07d1733692959d0f0b17e48572261b638?s=96&d=mm&r=g","url":"https:\/\/secure.gravatar.com\/avatar\/67d8d39b54ba97ba14d429e77886caa07d1733692959d0f0b17e48572261b638?s=96&d=mm&r=g","contentUrl":"https:\/\/secure.gravatar.com\/avatar\/67d8d39b54ba97ba14d429e77886caa07d1733692959d0f0b17e48572261b638?s=96&d=mm&r=g","caption":"Eduardo Sadao"},"url":"https:\/\/blog.deville.com.br\/author\/edu-sadao\/"}]}},"publishpress_future_action":{"enabled":false,"date":"2026-05-07 20:50:01","action":"change-status","newStatus":"draft","terms":[],"taxonomy":"category","extraData":[]},"publishpress_future_workflow_manual_trigger":{"enabledWorkflows":[]},"_links":{"self":[{"href":"https:\/\/blog.deville.com.br\/devillemkt6_json\/wp\/v2\/posts\/2655","targetHints":{"allow":["GET"]}}],"collection":[{"href":"https:\/\/blog.deville.com.br\/devillemkt6_json\/wp\/v2\/posts"}],"about":[{"href":"https:\/\/blog.deville.com.br\/devillemkt6_json\/wp\/v2\/types\/post"}],"author":[{"embeddable":true,"href":"https:\/\/blog.deville.com.br\/devillemkt6_json\/wp\/v2\/users\/2"}],"replies":[{"embeddable":true,"href":"https:\/\/blog.deville.com.br\/devillemkt6_json\/wp\/v2\/comments?post=2655"}],"version-history":[{"count":1,"href":"https:\/\/blog.deville.com.br\/devillemkt6_json\/wp\/v2\/posts\/2655\/revisions"}],"predecessor-version":[{"id":2663,"href":"https:\/\/blog.deville.com.br\/devillemkt6_json\/wp\/v2\/posts\/2655\/revisions\/2663"}],"wp:featuredmedia":[{"embeddable":true,"href":"https:\/\/blog.deville.com.br\/devillemkt6_json\/wp\/v2\/media\/2662"}],"wp:attachment":[{"href":"https:\/\/blog.deville.com.br\/devillemkt6_json\/wp\/v2\/media?parent=2655"}],"wp:term":[{"taxonomy":"category","embeddable":true,"href":"https:\/\/blog.deville.com.br\/devillemkt6_json\/wp\/v2\/categories?post=2655"},{"taxonomy":"post_tag","embeddable":true,"href":"https:\/\/blog.deville.com.br\/devillemkt6_json\/wp\/v2\/tags?post=2655"}],"curies":[{"name":"wp","href":"https:\/\/api.w.org\/{rel}","templated":true}]}}