{"id":2696,"date":"2026-01-28T14:06:44","date_gmt":"2026-01-28T17:06:44","guid":{"rendered":"https:\/\/blog.deville.com.br\/?p=2696"},"modified":"2026-03-09T17:15:38","modified_gmt":"2026-03-09T20:15:38","slug":"comece-2026-viajando-melhor","status":"publish","type":"post","link":"https:\/\/blog.deville.com.br\/destinos\/comece-2026-viajando-melhor\/","title":{"rendered":"Comece 2026 viajando melhor:\u202f\u00a0"},"content":{"rendered":"\n<p><strong>4 tend\u00eancias para planejar o ano<\/strong>&nbsp;<\/p>\n\n\n\n<p><em>Planeje suas viagens em 2026 com mais prop\u00f3sito. Conhe\u00e7a tend\u00eancias, estilos de viagem e destinos ideais para viver experi\u00eancias completas.<\/em>&nbsp;<\/p>\n\n\n\n<p>Todo o m\u00eas de janeiro carrega em si uma energia particular. \u00c9 o m\u00eas dos recome\u00e7os, das metas tra\u00e7adas com cuidado e, para muitos, do desejo de&nbsp;<strong>viajar melhor&nbsp;<\/strong>ao longo do ano. N\u00e3o apenas mais vezes, mas com mais prop\u00f3sito, conforto e significado.\u202f&nbsp;<\/p>\n\n\n\n<p>Em 2026, esse movimento se consolida: viajar deixa de ser apenas deslocamento e passa a ser experi\u00eancia, viv\u00eancia e mem\u00f3ria constru\u00edda com aten\u00e7\u00e3o aos detalhes.&nbsp;<\/p>\n\n\n\n<p>Se voc\u00ea quer entender a&nbsp;<strong>tend\u00eancia de viagem 2026<\/strong>&nbsp;e deseja planejar viagens de forma mais estrat\u00e9gica, inspiradora e alinhada ao seu estilo de vida, este guia foi pensado para acompanhar esse processo: do primeiro esbo\u00e7o no calend\u00e1rio at\u00e9 a escolha do destino ideal.&nbsp;<\/p>\n\n\n\n<p><strong>O novo perfil do viajante em 2026<\/strong>&nbsp;<\/p>\n\n\n\n<p>O&nbsp;<strong>viajante de 2026<\/strong>&nbsp;\u00e9 mais consciente, seletivo e interessado em experi\u00eancias hol\u00edsticas. A decis\u00e3o de viajar envolve perguntas mais profundas: o que esse destino oferece al\u00e9m do \u00f3bvio? Como essa experi\u00eancia contribui para meu bem-estar?&nbsp;<\/p>\n\n\n\n<p>H\u00e1 uma valoriza\u00e7\u00e3o evidente do tempo. Viagens n\u00e3o precisam ser longas para serem memor\u00e1veis. Um fim de semana bem-planejado pode entregar descanso, conex\u00e3o e prazer na medida certa.\u202f&nbsp;<\/p>\n\n\n\n<p>Al\u00e9m disso, cresce o interesse por hospedagens que ofere\u00e7am estrutura,&nbsp;<strong>hospitalidade&nbsp;<\/strong>de excel\u00eancia e localiza\u00e7\u00f5es estrat\u00e9gicas, pontos que facilitam a imers\u00e3o no destino sem abdicar do conforto.&nbsp;<\/p>\n\n\n\n<p>Outro tra\u00e7o marcante \u00e9 a busca por equil\u00edbrio. O luxo deixa de ser excessivo nas acomoda\u00e7\u00f5es, sendo percebido apenas nos detalhes: sil\u00eancio, boa gastronomia, atendimento atento,<strong>&nbsp;ambientes acolhedores<\/strong>&nbsp;e experi\u00eancias que respeitam o ritmo do viajante.&nbsp;<\/p>\n\n\n\n<figure class=\"wp-block-image size-full\"><img fetchpriority=\"high\" decoding=\"async\" width=\"2560\" height=\"1440\" src=\"https:\/\/blog.deville.com.br\/wp-content\/uploads\/2026\/02\/AdobeStock_1197425460-scaled.jpeg\" alt=\"\" class=\"wp-image-2699\" srcset=\"https:\/\/blog.deville.com.br\/wp-content\/uploads\/2026\/02\/AdobeStock_1197425460-scaled.jpeg 2560w, https:\/\/blog.deville.com.br\/wp-content\/uploads\/2026\/02\/AdobeStock_1197425460-300x169.jpeg 300w, https:\/\/blog.deville.com.br\/wp-content\/uploads\/2026\/02\/AdobeStock_1197425460-1024x576.jpeg 1024w, https:\/\/blog.deville.com.br\/wp-content\/uploads\/2026\/02\/AdobeStock_1197425460-768x432.jpeg 768w, https:\/\/blog.deville.com.br\/wp-content\/uploads\/2026\/02\/AdobeStock_1197425460-1536x864.jpeg 1536w, https:\/\/blog.deville.com.br\/wp-content\/uploads\/2026\/02\/AdobeStock_1197425460-2048x1152.jpeg 2048w\" sizes=\"(max-width: 2560px) 100vw, 2560px\" \/><\/figure>\n\n\n\n<p>Casal de idosos, ambos caucasianos, felizes e se divertindo juntos, caminhando pelas ruas de uma cidade.\u00a0<\/p>\n\n\n\n<p>Entre as tend\u00eancias de viagem em 2026 est\u00e1 o equil\u00edbrio de luxo e conforto requerido pelos viajantes no trajeto e acomoda\u00e7\u00f5es, al\u00e9m da valoriza\u00e7\u00e3o e planejamento no uso do tempo no destino.\u00a0<\/p>\n\n\n\n<p><strong>Tend\u00eancias de viagem que ganham for\u00e7a em 2026<\/strong>&nbsp;<\/p>\n\n\n\n<p>Ao observar o comportamento de quem j\u00e1 come\u00e7a a planejar&nbsp;<strong>viagens para 2026<\/strong>, algumas tend\u00eancias se destacam e ajudam a orientar escolhas mais assertivas ao longo do ano. Descubra, na sequ\u00eancia:&nbsp;<\/p>\n\n\n\n<p><strong>1. Experi\u00eancias como centro da viagem<\/strong>&nbsp;<\/p>\n\n\n\n<p>Mais do que visitar pontos tur\u00edsticos, o foco est\u00e1 em viver o destino. Isso inclui explorar a cultura local, aproveitar a&nbsp;<strong>gastronomia regional<\/strong>, caminhar sem pressa, observar paisagens e criar momentos \u00fanicos.\u202f&nbsp;<\/p>\n\n\n\n<p>Hot\u00e9is que oferecem&nbsp;<strong>experi\u00eancias integradas<\/strong>, como restaurantes autorais e \u00e1reas de conviv\u00eancia bem pensadas, tornam-se protagonistas dessa jornada.&nbsp;<\/p>\n\n\n\n<p><strong>2. Bem-estar como prioridade<\/strong>&nbsp;<\/p>\n\n\n\n<p>Viagens voltadas ao&nbsp;<strong>descanso f\u00edsico e mental<\/strong>&nbsp;seguem em alta. Spas, \u00e1reas verdes, piscinas, academias bem equipadas e ambientes silenciosos fazem parte da decis\u00e3o.\u202f&nbsp;<\/p>\n\n\n\n<p>\u00c9 o tipo de viagem ideal para quem quer desacelerar sem&nbsp;abrir m\u00e3o de&nbsp;conforto e sofistica\u00e7\u00e3o.&nbsp;<\/p>\n\n\n\n<p><strong><em>3.&nbsp;Bleisure<\/em><\/strong><strong>: trabalho e lazer no mesmo roteiro<\/strong>&nbsp;<\/p>\n\n\n\n<p>O conceito de&nbsp;<em>bleisure<\/em>, ou seja, unir trabalho e lazer, consolida-se de vez.\u202f&nbsp;<\/p>\n\n\n\n<p>Destinos com&nbsp;<strong>boa infraestrutura, internet de qualidade<\/strong>, espa\u00e7os para reuni\u00f5es e localiza\u00e7\u00e3o urbana estrat\u00e9gica s\u00e3o ideais para quem precisa manter a produtividade, mas deseja aproveitar a cidade fora do hor\u00e1rio comercial.&nbsp;<\/p>\n\n\n\n<p><strong>4. Viagens em fam\u00edlia, com mais conforto<\/strong>&nbsp;<\/p>\n\n\n\n<p>J\u00e1 as fam\u00edlias buscam&nbsp;<strong>praticidade<\/strong>, seguran\u00e7a e experi\u00eancias que agradem diferentes idades. Quartos amplos, \u00e1reas de lazer, gastronomia e localiza\u00e7\u00e3o pr\u00f3xima a atra\u00e7\u00f5es fazem toda a diferen\u00e7a. A proposta \u00e9 viajar junto, mas com conforto para todos.&nbsp;<\/p>\n\n\n\n<p><strong>Como planejar viagens ao longo de 2026<\/strong>&nbsp;<\/p>\n\n\n\n<p>Planejar viagens de forma inteligente passa por entender o seu ritmo ao longo do ano. Para tanto, dividir o calend\u00e1rio em&nbsp;<strong>viagens curtas, m\u00e9dias e longas&nbsp;<\/strong>ajuda a aproveitar melhor cada per\u00edodo.&nbsp;<\/p>\n\n\n\n<p><strong>Viagens curtas: pausas estrat\u00e9gicas<\/strong>&nbsp;<\/p>\n\n\n\n<p>Fins de semana prolongados e feriados s\u00e3o ideais para recarregar as energias. Aqui, a localiza\u00e7\u00e3o \u00e9 essencial.<strong>&nbsp;Destinos urbanos<\/strong>&nbsp;ou pr\u00f3ximos de grandes centros oferecem praticidade e experi\u00eancias completas em pouco tempo.&nbsp;<\/p>\n\n\n\n<p><strong>Viagens m\u00e9dias: equil\u00edbrio perfeito<\/strong>&nbsp;<\/p>\n\n\n\n<p>Com dura\u00e7\u00e3o de tr\u00eas a cinco dias, essas viagens permitem explorar mais o destino sem grandes deslocamentos. S\u00e3o \u00f3timas para quem busca bem-estar, gastronomia e viv\u00eancias culturais tranquilas.&nbsp;<\/p>\n\n\n\n<p><strong>Viagens longas: f\u00e9rias planejadas<\/strong>&nbsp;<\/p>\n\n\n\n<p>J\u00e1 as f\u00e9rias principais do ano pedem&nbsp;<strong>planejamento&nbsp;<\/strong>antecipado. Escolher destinos com boa estrutura e servi\u00e7os de excel\u00eancia garante uma viagem fluida, confort\u00e1vel e memor\u00e1vel.&nbsp;<\/p>\n\n\n\n<figure class=\"wp-block-image size-full\"><img decoding=\"async\" width=\"800\" height=\"534\" src=\"https:\/\/blog.deville.com.br\/wp-content\/uploads\/2026\/02\/AdobeStock_1602251144-1-1.jpeg\" alt=\"\" class=\"wp-image-2700\" srcset=\"https:\/\/blog.deville.com.br\/wp-content\/uploads\/2026\/02\/AdobeStock_1602251144-1-1.jpeg 800w, https:\/\/blog.deville.com.br\/wp-content\/uploads\/2026\/02\/AdobeStock_1602251144-1-1-300x200.jpeg 300w, https:\/\/blog.deville.com.br\/wp-content\/uploads\/2026\/02\/AdobeStock_1602251144-1-1-768x513.jpeg 768w\" sizes=\"(max-width: 800px) 100vw, 800px\" \/><\/figure>\n\n\n\n<p> Uma m\u00e3e, um pai e uma filha caucasianos est\u00e3o reunidos em um sof\u00e1 em volta de um laptop, compartilhando entusiasmo e sorrisos enquanto planejam sua viagem de f\u00e9rias.\u00a0<\/p>\n\n\n\n<p>O planejamento de viagens longas \u00e9 fundamental para tornar o momento agrad\u00e1vel para todos que participarem da ocasi\u00e3o. <\/p>\n\n\n\n<p><strong>Destinos dos Hot\u00e9is Deville ideais para cada momento de 2026<\/strong>&nbsp;<\/p>\n\n\n\n<p>Ao pensar em onde se hospedar, a escolha do hotel impacta diretamente a toda a viagem. Nesse sentido, os destinos dos&nbsp;<a href=\"https:\/\/www.deville.com.br\/\" target=\"_blank\" rel=\"noreferrer noopener\"><strong>Hot\u00e9is Deville<\/strong><\/a>&nbsp;se destacam por unir hospitalidade, localiza\u00e7\u00e3o privilegiada e servi\u00e7os para diferentes perfis de viajantes.&nbsp;<\/p>\n\n\n\n<p><strong>Curitiba: qualidade de vida<\/strong>&nbsp;<\/p>\n\n\n\n<p>Ideal para viagens curtas ou&nbsp;<em>bleisure<\/em>, Curitiba combina organiza\u00e7\u00e3o, \u00e1reas verdes e uma cena gastron\u00f4mica interessante.\u202f&nbsp;<\/p>\n\n\n\n<p>O&nbsp;<a href=\"https:\/\/www.deville.com.br\/hotel-deville-business-curitiba\" target=\"_blank\" rel=\"noreferrer noopener\"><strong>Hotel Deville Curitiba<\/strong><\/a>&nbsp;oferece localiza\u00e7\u00e3o diferenciada e estrutura completa para quem valoriza conforto e praticidade.&nbsp;<\/p>\n\n\n\n<p><strong>Porto Alegre: cultura, neg\u00f3cios e boa mesa<\/strong>&nbsp;<\/p>\n\n\n\n<p>A capital ga\u00facha \u00e9 uma alternativa para quem busca viagens m\u00e9dias ou compromissos profissionais com momentos de lazer.\u202f&nbsp;<\/p>\n\n\n\n<p>O&nbsp;<a href=\"https:\/\/www.deville.com.br\/hotel-deville-prime-porto-alegre\" target=\"_blank\" rel=\"noreferrer noopener\"><strong>Hotel Deville Prime Porto Alegre<\/strong><\/a>&nbsp;entrega atendimento de excel\u00eancia, f\u00e1cil acesso aos principais pontos da cidade e uma experi\u00eancia acolhedora, conveniente para equilibrar trabalho e descanso.&nbsp;<\/p>\n\n\n\n<p><strong>Maring\u00e1: tranquilidade e bem-estar<\/strong>&nbsp;<\/p>\n\n\n\n<p>Para quem busca desacelerar, Maring\u00e1 surpreende com suas \u00e1reas verdes e ritmo mais calmo.\u202f&nbsp;<\/p>\n\n\n\n<p>O&nbsp;<a href=\"https:\/\/www.deville.com.br\/hotel-deville-prime-maringa\" target=\"_blank\" rel=\"noreferrer noopener\"><strong>Hotel Deville Prime Maring\u00e1<\/strong><\/a>&nbsp;\u00e9 uma excelente escolha para viagens focadas em bem-estar, com ambientes tranquilos e atendimento atento aos detalhes.&nbsp;<\/p>\n\n\n\n<p><strong>Salvador: f\u00e9rias com identidade e energia<\/strong>&nbsp;<\/p>\n\n\n\n<p>Salvador \u00e9 o destino perfeito para viagens mais longas, especialmente em fam\u00edlia ou em busca de experi\u00eancias culturais intensas.\u202f&nbsp;<\/p>\n\n\n\n<p>O&nbsp;<a href=\"https:\/\/www.deville.com.br\/hotel-deville-prime-salvador\" target=\"_blank\" rel=\"noreferrer noopener\"><strong>Hotel Deville Prime Salvador<\/strong><\/a>&nbsp;combina vista privilegiada, proximidade da praia, gastronomia de qualidade e espa\u00e7os desenvolvidos para relaxar e aproveitar cada momento.&nbsp;<\/p>\n\n\n\n<p><strong>Dicas extras para uma experi\u00eancia ainda melhor<\/strong>&nbsp;<\/p>\n\n\n\n<p>Planejar viagens tamb\u00e9m envolve olhar al\u00e9m da hospedagem. Verifique atra\u00e7\u00f5es pr\u00f3ximas, op\u00e7\u00f5es gastron\u00f4micas no entorno e a&nbsp;<strong>estrutura do hotel<\/strong>, como estacionamento, spa, piscina e \u00e1reas de lazer. S\u00e3o esses detalhes que fazem toda a diferen\u00e7a.&nbsp;<\/p>\n\n\n\n<p>Outra dica valiosa \u00e9&nbsp;<strong>acompanhar os hot\u00e9is e destinos nas redes sociais<\/strong>. Muitas vezes, experi\u00eancias exclusivas, eventos sazonais e condi\u00e7\u00f5es especiais s\u00e3o divulgados por l\u00e1.&nbsp;<\/p>\n\n\n\n<p><strong>Comece 2026 planejando sua pr\u00f3xima experi\u00eancia<\/strong>&nbsp;<\/p>\n\n\n\n<p>Viajar em 2026 ser\u00e1, cada vez mais, sobre&nbsp;<strong>escolhas conscientes<\/strong>&nbsp;e experi\u00eancias que fazem sentido. Entender a tend\u00eancia de viagem 2026 ajuda a planejar os roteiros com mais inten\u00e7\u00e3o, conforto e prazer ao longo do ano.&nbsp;<\/p>\n\n\n\n<p>Pode ser para uma pausa estrat\u00e9gica, uma viagem de bem-estar ou f\u00e9rias inesquec\u00edveis\u2026 o planejamento come\u00e7a agora. Comece o ano organizando suas pr\u00f3ximas experi\u00eancias e transforme cada viagem em uma mem\u00f3ria que vale a pena ser vivida.&nbsp;<\/p>\n\n\n\n<p><\/p>\n","protected":false},"excerpt":{"rendered":"<p>4 tend\u00eancias para planejar o ano&nbsp; Planeje suas viagens em 2026 com mais prop\u00f3sito. Conhe\u00e7a tend\u00eancias, estilos de viagem e destinos ideais para viver experi\u00eancias completas.&nbsp; Todo o m\u00eas de janeiro carrega em si uma energia particular. \u00c9 o m\u00eas dos recome\u00e7os, das metas tra\u00e7adas com cuidado e, para muitos, do desejo de&nbsp;viajar melhor&nbsp;ao longo [&hellip;]<\/p>\n","protected":false},"author":2,"featured_media":2701,"comment_status":"closed","ping_status":"open","sticky":false,"template":"","format":"standard","meta":{"_acf_changed":false,"footnotes":""},"categories":[132,133,134,39,135,3,138,128,5],"tags":[6],"class_list":["post-2696","post","type-post","status-publish","format-standard","has-post-thumbnail","hentry","category-campo-grande-ms","category-cascavel-pr","category-cuiaba-mt","category-cultura","category-curitiba-pr","category-destinos","category-porto-alegre-rs","category-salvador-ba","category-viagens","tag-dicas"],"acf":[],"yoast_head":"<!-- This site is optimized with the Yoast SEO plugin v27.5 - https:\/\/yoast.com\/product\/yoast-seo-wordpress\/ -->\n<title>Comece 2026 viajando melhor:\u202f\u00a0 - Blog Deville<\/title>\n<meta name=\"description\" content=\"Confira 4 tend\u00eancias de viagem para 2026, dicas de planejamento e destinos para transformar seu ano em experi\u00eancias memor\u00e1veis e bem vividas.\" \/>\n<meta name=\"robots\" content=\"index, follow, max-snippet:-1, max-image-preview:large, max-video-preview:-1\" \/>\n<link rel=\"canonical\" href=\"https:\/\/blog.deville.com.br\/destinos\/comece-2026-viajando-melhor\/\" \/>\n<meta property=\"og:locale\" content=\"pt_BR\" \/>\n<meta property=\"og:type\" content=\"article\" \/>\n<meta property=\"og:title\" content=\"Comece 2026 viajando melhor:\u202f\u00a0 - Blog Deville\" \/>\n<meta property=\"og:description\" content=\"Confira 4 tend\u00eancias de viagem para 2026, dicas de planejamento e destinos para transformar seu ano em experi\u00eancias memor\u00e1veis e bem vividas.\" \/>\n<meta property=\"og:url\" content=\"https:\/\/blog.deville.com.br\/destinos\/comece-2026-viajando-melhor\/\" \/>\n<meta property=\"og:site_name\" content=\"Blog Deville\" \/>\n<meta property=\"article:publisher\" content=\"https:\/\/www.facebook.com\/hoteisdeville\/\" \/>\n<meta property=\"article:published_time\" content=\"2026-01-28T17:06:44+00:00\" \/>\n<meta property=\"article:modified_time\" content=\"2026-03-09T20:15:38+00:00\" \/>\n<meta property=\"og:image\" content=\"https:\/\/blog.deville.com.br\/wp-content\/uploads\/2026\/02\/AdobeStock_437894031-scaled.jpeg\" \/>\n\t<meta property=\"og:image:width\" content=\"2560\" \/>\n\t<meta property=\"og:image:height\" content=\"1707\" \/>\n\t<meta property=\"og:image:type\" content=\"image\/jpeg\" \/>\n<meta name=\"author\" content=\"Eduardo Sadao\" \/>\n<meta name=\"twitter:card\" content=\"summary_large_image\" \/>\n<meta name=\"twitter:creator\" content=\"@hoteis_deville\" \/>\n<meta name=\"twitter:site\" content=\"@hoteis_deville\" \/>\n<meta name=\"twitter:label1\" content=\"Escrito por\" \/>\n\t<meta name=\"twitter:data1\" content=\"Eduardo Sadao\" \/>\n\t<meta name=\"twitter:label2\" content=\"Est. tempo de leitura\" \/>\n\t<meta name=\"twitter:data2\" content=\"7 minutos\" \/>\n<script type=\"application\/ld+json\" class=\"yoast-schema-graph\">{\"@context\":\"https:\\\/\\\/schema.org\",\"@graph\":[{\"@type\":\"Article\",\"@id\":\"https:\\\/\\\/blog.deville.com.br\\\/destinos\\\/comece-2026-viajando-melhor\\\/#article\",\"isPartOf\":{\"@id\":\"https:\\\/\\\/blog.deville.com.br\\\/destinos\\\/comece-2026-viajando-melhor\\\/\"},\"author\":{\"name\":\"Eduardo Sadao\",\"@id\":\"https:\\\/\\\/blog.deville.com.br\\\/#\\\/schema\\\/person\\\/e5a2d1174f6fa1f4af45e0b1ee5a9b92\"},\"headline\":\"Comece 2026 viajando melhor:\u202f\u00a0\",\"datePublished\":\"2026-01-28T17:06:44+00:00\",\"dateModified\":\"2026-03-09T20:15:38+00:00\",\"mainEntityOfPage\":{\"@id\":\"https:\\\/\\\/blog.deville.com.br\\\/destinos\\\/comece-2026-viajando-melhor\\\/\"},\"wordCount\":1316,\"publisher\":{\"@id\":\"https:\\\/\\\/blog.deville.com.br\\\/#organization\"},\"image\":{\"@id\":\"https:\\\/\\\/blog.deville.com.br\\\/destinos\\\/comece-2026-viajando-melhor\\\/#primaryimage\"},\"thumbnailUrl\":\"https:\\\/\\\/blog.deville.com.br\\\/wp-content\\\/uploads\\\/2026\\\/02\\\/AdobeStock_437894031-scaled.jpeg\",\"keywords\":[\"Dicas\"],\"articleSection\":[\"Campo Grande (MS)\",\"Cascavel (PR)\",\"Cuiab\u00e1 (MT)\",\"Cultura\",\"Curitiba (PR)\",\"Destinos\",\"Porto Alegre (RS)\",\"Salvador (BA)\",\"Viagens\"],\"inLanguage\":\"pt-BR\"},{\"@type\":\"WebPage\",\"@id\":\"https:\\\/\\\/blog.deville.com.br\\\/destinos\\\/comece-2026-viajando-melhor\\\/\",\"url\":\"https:\\\/\\\/blog.deville.com.br\\\/destinos\\\/comece-2026-viajando-melhor\\\/\",\"name\":\"Comece 2026 viajando melhor:\u202f\u00a0 - Blog Deville\",\"isPartOf\":{\"@id\":\"https:\\\/\\\/blog.deville.com.br\\\/#website\"},\"primaryImageOfPage\":{\"@id\":\"https:\\\/\\\/blog.deville.com.br\\\/destinos\\\/comece-2026-viajando-melhor\\\/#primaryimage\"},\"image\":{\"@id\":\"https:\\\/\\\/blog.deville.com.br\\\/destinos\\\/comece-2026-viajando-melhor\\\/#primaryimage\"},\"thumbnailUrl\":\"https:\\\/\\\/blog.deville.com.br\\\/wp-content\\\/uploads\\\/2026\\\/02\\\/AdobeStock_437894031-scaled.jpeg\",\"datePublished\":\"2026-01-28T17:06:44+00:00\",\"dateModified\":\"2026-03-09T20:15:38+00:00\",\"description\":\"Confira 4 tend\u00eancias de viagem para 2026, dicas de planejamento e destinos para transformar seu ano em experi\u00eancias memor\u00e1veis e bem vividas.\",\"breadcrumb\":{\"@id\":\"https:\\\/\\\/blog.deville.com.br\\\/destinos\\\/comece-2026-viajando-melhor\\\/#breadcrumb\"},\"inLanguage\":\"pt-BR\",\"potentialAction\":[{\"@type\":\"ReadAction\",\"target\":[\"https:\\\/\\\/blog.deville.com.br\\\/destinos\\\/comece-2026-viajando-melhor\\\/\"]}]},{\"@type\":\"ImageObject\",\"inLanguage\":\"pt-BR\",\"@id\":\"https:\\\/\\\/blog.deville.com.br\\\/destinos\\\/comece-2026-viajando-melhor\\\/#primaryimage\",\"url\":\"https:\\\/\\\/blog.deville.com.br\\\/wp-content\\\/uploads\\\/2026\\\/02\\\/AdobeStock_437894031-scaled.jpeg\",\"contentUrl\":\"https:\\\/\\\/blog.deville.com.br\\\/wp-content\\\/uploads\\\/2026\\\/02\\\/AdobeStock_437894031-scaled.jpeg\",\"width\":2560,\"height\":1707,\"caption\":\"Family Trip Concept. Portrait of cheerful African American girl having fun and spreading hands, ready for vacation, standing on luggage cart. Parents walking with baggage trolley, riding daughter\"},{\"@type\":\"BreadcrumbList\",\"@id\":\"https:\\\/\\\/blog.deville.com.br\\\/destinos\\\/comece-2026-viajando-melhor\\\/#breadcrumb\",\"itemListElement\":[{\"@type\":\"ListItem\",\"position\":1,\"name\":\"In\u00edcio\",\"item\":\"https:\\\/\\\/blog.deville.com.br\\\/\"},{\"@type\":\"ListItem\",\"position\":2,\"name\":\"Concierge Digital\",\"item\":\"https:\\\/\\\/blog.deville.com.br\\\/concierge-digital\\\/\"},{\"@type\":\"ListItem\",\"position\":3,\"name\":\"Campo Grande (MS)\",\"item\":\"https:\\\/\\\/blog.deville.com.br\\\/concierge-digital\\\/campo-grande-ms\\\/\"},{\"@type\":\"ListItem\",\"position\":4,\"name\":\"Comece 2026 viajando melhor:\u202f\u00a0\"}]},{\"@type\":\"WebSite\",\"@id\":\"https:\\\/\\\/blog.deville.com.br\\\/#website\",\"url\":\"https:\\\/\\\/blog.deville.com.br\\\/\",\"name\":\"Blog Deville\",\"description\":\"\",\"publisher\":{\"@id\":\"https:\\\/\\\/blog.deville.com.br\\\/#organization\"},\"potentialAction\":[{\"@type\":\"SearchAction\",\"target\":{\"@type\":\"EntryPoint\",\"urlTemplate\":\"https:\\\/\\\/blog.deville.com.br\\\/?s={search_term_string}\"},\"query-input\":{\"@type\":\"PropertyValueSpecification\",\"valueRequired\":true,\"valueName\":\"search_term_string\"}}],\"inLanguage\":\"pt-BR\"},{\"@type\":\"Organization\",\"@id\":\"https:\\\/\\\/blog.deville.com.br\\\/#organization\",\"name\":\"Hot\u00e9is Deville\",\"url\":\"https:\\\/\\\/blog.deville.com.br\\\/\",\"logo\":{\"@type\":\"ImageObject\",\"inLanguage\":\"pt-BR\",\"@id\":\"https:\\\/\\\/blog.deville.com.br\\\/#\\\/schema\\\/logo\\\/image\\\/\",\"url\":\"https:\\\/\\\/blog.deville.com.br\\\/wp-content\\\/uploads\\\/2024\\\/08\\\/Deville_Logo.svg\",\"contentUrl\":\"https:\\\/\\\/blog.deville.com.br\\\/wp-content\\\/uploads\\\/2024\\\/08\\\/Deville_Logo.svg\",\"width\":139,\"height\":50,\"caption\":\"Hot\u00e9is Deville\"},\"image\":{\"@id\":\"https:\\\/\\\/blog.deville.com.br\\\/#\\\/schema\\\/logo\\\/image\\\/\"},\"sameAs\":[\"https:\\\/\\\/www.facebook.com\\\/hoteisdeville\\\/\",\"https:\\\/\\\/x.com\\\/hoteis_deville\",\"https:\\\/\\\/www.instagram.com\\\/hoteisdeville\\\/\",\"https:\\\/\\\/www.linkedin.com\\\/company\\\/hoteis-deville\\\/\"]},{\"@type\":\"Person\",\"@id\":\"https:\\\/\\\/blog.deville.com.br\\\/#\\\/schema\\\/person\\\/e5a2d1174f6fa1f4af45e0b1ee5a9b92\",\"name\":\"Eduardo Sadao\",\"image\":{\"@type\":\"ImageObject\",\"inLanguage\":\"pt-BR\",\"@id\":\"https:\\\/\\\/secure.gravatar.com\\\/avatar\\\/67d8d39b54ba97ba14d429e77886caa07d1733692959d0f0b17e48572261b638?s=96&d=mm&r=g\",\"url\":\"https:\\\/\\\/secure.gravatar.com\\\/avatar\\\/67d8d39b54ba97ba14d429e77886caa07d1733692959d0f0b17e48572261b638?s=96&d=mm&r=g\",\"contentUrl\":\"https:\\\/\\\/secure.gravatar.com\\\/avatar\\\/67d8d39b54ba97ba14d429e77886caa07d1733692959d0f0b17e48572261b638?s=96&d=mm&r=g\",\"caption\":\"Eduardo Sadao\"},\"url\":\"https:\\\/\\\/blog.deville.com.br\\\/author\\\/edu-sadao\\\/\"}]}<\/script>\n<!-- \/ Yoast SEO plugin. -->","yoast_head_json":{"title":"Comece 2026 viajando melhor:\u202f\u00a0 - Blog Deville","description":"Confira 4 tend\u00eancias de viagem para 2026, dicas de planejamento e destinos para transformar seu ano em experi\u00eancias memor\u00e1veis e bem vividas.","robots":{"index":"index","follow":"follow","max-snippet":"max-snippet:-1","max-image-preview":"max-image-preview:large","max-video-preview":"max-video-preview:-1"},"canonical":"https:\/\/blog.deville.com.br\/destinos\/comece-2026-viajando-melhor\/","og_locale":"pt_BR","og_type":"article","og_title":"Comece 2026 viajando melhor:\u202f\u00a0 - Blog Deville","og_description":"Confira 4 tend\u00eancias de viagem para 2026, dicas de planejamento e destinos para transformar seu ano em experi\u00eancias memor\u00e1veis e bem vividas.","og_url":"https:\/\/blog.deville.com.br\/destinos\/comece-2026-viajando-melhor\/","og_site_name":"Blog Deville","article_publisher":"https:\/\/www.facebook.com\/hoteisdeville\/","article_published_time":"2026-01-28T17:06:44+00:00","article_modified_time":"2026-03-09T20:15:38+00:00","og_image":[{"width":2560,"height":1707,"url":"https:\/\/blog.deville.com.br\/wp-content\/uploads\/2026\/02\/AdobeStock_437894031-scaled.jpeg","type":"image\/jpeg"}],"author":"Eduardo Sadao","twitter_card":"summary_large_image","twitter_creator":"@hoteis_deville","twitter_site":"@hoteis_deville","twitter_misc":{"Escrito por":"Eduardo Sadao","Est. tempo de leitura":"7 minutos"},"schema":{"@context":"https:\/\/schema.org","@graph":[{"@type":"Article","@id":"https:\/\/blog.deville.com.br\/destinos\/comece-2026-viajando-melhor\/#article","isPartOf":{"@id":"https:\/\/blog.deville.com.br\/destinos\/comece-2026-viajando-melhor\/"},"author":{"name":"Eduardo Sadao","@id":"https:\/\/blog.deville.com.br\/#\/schema\/person\/e5a2d1174f6fa1f4af45e0b1ee5a9b92"},"headline":"Comece 2026 viajando melhor:\u202f\u00a0","datePublished":"2026-01-28T17:06:44+00:00","dateModified":"2026-03-09T20:15:38+00:00","mainEntityOfPage":{"@id":"https:\/\/blog.deville.com.br\/destinos\/comece-2026-viajando-melhor\/"},"wordCount":1316,"publisher":{"@id":"https:\/\/blog.deville.com.br\/#organization"},"image":{"@id":"https:\/\/blog.deville.com.br\/destinos\/comece-2026-viajando-melhor\/#primaryimage"},"thumbnailUrl":"https:\/\/blog.deville.com.br\/wp-content\/uploads\/2026\/02\/AdobeStock_437894031-scaled.jpeg","keywords":["Dicas"],"articleSection":["Campo Grande (MS)","Cascavel (PR)","Cuiab\u00e1 (MT)","Cultura","Curitiba (PR)","Destinos","Porto Alegre (RS)","Salvador (BA)","Viagens"],"inLanguage":"pt-BR"},{"@type":"WebPage","@id":"https:\/\/blog.deville.com.br\/destinos\/comece-2026-viajando-melhor\/","url":"https:\/\/blog.deville.com.br\/destinos\/comece-2026-viajando-melhor\/","name":"Comece 2026 viajando melhor:\u202f\u00a0 - Blog Deville","isPartOf":{"@id":"https:\/\/blog.deville.com.br\/#website"},"primaryImageOfPage":{"@id":"https:\/\/blog.deville.com.br\/destinos\/comece-2026-viajando-melhor\/#primaryimage"},"image":{"@id":"https:\/\/blog.deville.com.br\/destinos\/comece-2026-viajando-melhor\/#primaryimage"},"thumbnailUrl":"https:\/\/blog.deville.com.br\/wp-content\/uploads\/2026\/02\/AdobeStock_437894031-scaled.jpeg","datePublished":"2026-01-28T17:06:44+00:00","dateModified":"2026-03-09T20:15:38+00:00","description":"Confira 4 tend\u00eancias de viagem para 2026, dicas de planejamento e destinos para transformar seu ano em experi\u00eancias memor\u00e1veis e bem vividas.","breadcrumb":{"@id":"https:\/\/blog.deville.com.br\/destinos\/comece-2026-viajando-melhor\/#breadcrumb"},"inLanguage":"pt-BR","potentialAction":[{"@type":"ReadAction","target":["https:\/\/blog.deville.com.br\/destinos\/comece-2026-viajando-melhor\/"]}]},{"@type":"ImageObject","inLanguage":"pt-BR","@id":"https:\/\/blog.deville.com.br\/destinos\/comece-2026-viajando-melhor\/#primaryimage","url":"https:\/\/blog.deville.com.br\/wp-content\/uploads\/2026\/02\/AdobeStock_437894031-scaled.jpeg","contentUrl":"https:\/\/blog.deville.com.br\/wp-content\/uploads\/2026\/02\/AdobeStock_437894031-scaled.jpeg","width":2560,"height":1707,"caption":"Family Trip Concept. Portrait of cheerful African American girl having fun and spreading hands, ready for vacation, standing on luggage cart. Parents walking with baggage trolley, riding daughter"},{"@type":"BreadcrumbList","@id":"https:\/\/blog.deville.com.br\/destinos\/comece-2026-viajando-melhor\/#breadcrumb","itemListElement":[{"@type":"ListItem","position":1,"name":"In\u00edcio","item":"https:\/\/blog.deville.com.br\/"},{"@type":"ListItem","position":2,"name":"Concierge Digital","item":"https:\/\/blog.deville.com.br\/concierge-digital\/"},{"@type":"ListItem","position":3,"name":"Campo Grande (MS)","item":"https:\/\/blog.deville.com.br\/concierge-digital\/campo-grande-ms\/"},{"@type":"ListItem","position":4,"name":"Comece 2026 viajando melhor:\u202f\u00a0"}]},{"@type":"WebSite","@id":"https:\/\/blog.deville.com.br\/#website","url":"https:\/\/blog.deville.com.br\/","name":"Blog Deville","description":"","publisher":{"@id":"https:\/\/blog.deville.com.br\/#organization"},"potentialAction":[{"@type":"SearchAction","target":{"@type":"EntryPoint","urlTemplate":"https:\/\/blog.deville.com.br\/?s={search_term_string}"},"query-input":{"@type":"PropertyValueSpecification","valueRequired":true,"valueName":"search_term_string"}}],"inLanguage":"pt-BR"},{"@type":"Organization","@id":"https:\/\/blog.deville.com.br\/#organization","name":"Hot\u00e9is Deville","url":"https:\/\/blog.deville.com.br\/","logo":{"@type":"ImageObject","inLanguage":"pt-BR","@id":"https:\/\/blog.deville.com.br\/#\/schema\/logo\/image\/","url":"https:\/\/blog.deville.com.br\/wp-content\/uploads\/2024\/08\/Deville_Logo.svg","contentUrl":"https:\/\/blog.deville.com.br\/wp-content\/uploads\/2024\/08\/Deville_Logo.svg","width":139,"height":50,"caption":"Hot\u00e9is Deville"},"image":{"@id":"https:\/\/blog.deville.com.br\/#\/schema\/logo\/image\/"},"sameAs":["https:\/\/www.facebook.com\/hoteisdeville\/","https:\/\/x.com\/hoteis_deville","https:\/\/www.instagram.com\/hoteisdeville\/","https:\/\/www.linkedin.com\/company\/hoteis-deville\/"]},{"@type":"Person","@id":"https:\/\/blog.deville.com.br\/#\/schema\/person\/e5a2d1174f6fa1f4af45e0b1ee5a9b92","name":"Eduardo Sadao","image":{"@type":"ImageObject","inLanguage":"pt-BR","@id":"https:\/\/secure.gravatar.com\/avatar\/67d8d39b54ba97ba14d429e77886caa07d1733692959d0f0b17e48572261b638?s=96&d=mm&r=g","url":"https:\/\/secure.gravatar.com\/avatar\/67d8d39b54ba97ba14d429e77886caa07d1733692959d0f0b17e48572261b638?s=96&d=mm&r=g","contentUrl":"https:\/\/secure.gravatar.com\/avatar\/67d8d39b54ba97ba14d429e77886caa07d1733692959d0f0b17e48572261b638?s=96&d=mm&r=g","caption":"Eduardo Sadao"},"url":"https:\/\/blog.deville.com.br\/author\/edu-sadao\/"}]}},"publishpress_future_action":{"enabled":false,"date":"2026-05-07 01:44:28","action":"change-status","newStatus":"draft","terms":[],"taxonomy":"category","extraData":[]},"publishpress_future_workflow_manual_trigger":{"enabledWorkflows":[]},"_links":{"self":[{"href":"https:\/\/blog.deville.com.br\/devillemkt6_json\/wp\/v2\/posts\/2696","targetHints":{"allow":["GET"]}}],"collection":[{"href":"https:\/\/blog.deville.com.br\/devillemkt6_json\/wp\/v2\/posts"}],"about":[{"href":"https:\/\/blog.deville.com.br\/devillemkt6_json\/wp\/v2\/types\/post"}],"author":[{"embeddable":true,"href":"https:\/\/blog.deville.com.br\/devillemkt6_json\/wp\/v2\/users\/2"}],"replies":[{"embeddable":true,"href":"https:\/\/blog.deville.com.br\/devillemkt6_json\/wp\/v2\/comments?post=2696"}],"version-history":[{"count":1,"href":"https:\/\/blog.deville.com.br\/devillemkt6_json\/wp\/v2\/posts\/2696\/revisions"}],"predecessor-version":[{"id":2702,"href":"https:\/\/blog.deville.com.br\/devillemkt6_json\/wp\/v2\/posts\/2696\/revisions\/2702"}],"wp:featuredmedia":[{"embeddable":true,"href":"https:\/\/blog.deville.com.br\/devillemkt6_json\/wp\/v2\/media\/2701"}],"wp:attachment":[{"href":"https:\/\/blog.deville.com.br\/devillemkt6_json\/wp\/v2\/media?parent=2696"}],"wp:term":[{"taxonomy":"category","embeddable":true,"href":"https:\/\/blog.deville.com.br\/devillemkt6_json\/wp\/v2\/categories?post=2696"},{"taxonomy":"post_tag","embeddable":true,"href":"https:\/\/blog.deville.com.br\/devillemkt6_json\/wp\/v2\/tags?post=2696"}],"curies":[{"name":"wp","href":"https:\/\/api.w.org\/{rel}","templated":true}]}}