{"id":2819,"date":"2026-08-31T09:15:36","date_gmt":"2026-08-31T12:15:36","guid":{"rendered":"https:\/\/blog.deville.com.br\/?p=2819"},"modified":"2026-09-01T14:57:37","modified_gmt":"2026-09-01T17:57:37","slug":"gastronomia-em-hoteis-experiencia-de-viagem","status":"publish","type":"post","link":"https:\/\/blog.deville.com.br\/gastronomia\/gastronomia-em-hoteis-experiencia-de-viagem\/","title":{"rendered":"Saiba como a gastronomia em hot\u00e9is, do caf\u00e9 da manh\u00e3 \u00e0 culin\u00e1ria regional, contribui para uma experi\u00eancia de viagem mais completa"},"content":{"rendered":"\n<p class=\"wp-block-paragraph\">Na hora de escolher um hotel, muitos viajantes j\u00e1 n\u00e3o analisam apenas localiza\u00e7\u00e3o, conforto ou estrutura. A gastronomia passou a ser um dos principais fatores na decis\u00e3o de reserva. Um restaurante de qualidade, um caf\u00e9 da manh\u00e3 variado e pratos que valorizam a culin\u00e1ria regional tornam a estadia mais completa.<\/p>\n\n\n\n<h2 class=\"wp-block-heading\">Muito al\u00e9m da refei\u00e7\u00e3o<\/h2>\n\n\n\n<p class=\"wp-block-paragraph\">Viajar envolve uma s\u00e9rie de experi\u00eancias, e a gastronomia est\u00e1 entre aquelas que ajudam a tornar cada estadia mais especial. Um almo\u00e7o tranquilo ou um jantar preparado com cuidado podem fazer parte das lembran\u00e7as que o h\u00f3spede leva da viagem. Por isso, as op\u00e7\u00f5es gastron\u00f4micas cada vez mais ganham espa\u00e7o na escolha de um hotel.<\/p>\n\n\n\n<p class=\"wp-block-paragraph\">Afinal, uma boa experi\u00eancia \u00e0 mesa vai al\u00e9m da refei\u00e7\u00e3o, \u00e9 um momento de encontro, de conversa e de descobertas, que costuma ser compartilhado e lembrado muito depois da viagem.<\/p>\n\n\n\n<h2 class=\"wp-block-heading\">Sabores que conectam o h\u00f3spede ao destino<\/h2>\n\n\n\n<p class=\"wp-block-paragraph\">A culin\u00e1ria \u00e9 uma das formas de conhecer a identidade de um destino. Ingredientes locais, receitas tradicionais e interpreta\u00e7\u00f5es contempor\u00e2neas ajudam a revelar caracter\u00edsticas da cultura e dos costumes de cada regi\u00e3o.<\/p>\n\n\n\n<p class=\"wp-block-paragraph\">Para os hot\u00e9is, valorizar esses elementos no card\u00e1pio tamb\u00e9m \u00e9 uma forma de aproximar o h\u00f3spede do lugar onde est\u00e1. Al\u00e9m de enriquecer a experi\u00eancia \u00e0 mesa, essa conex\u00e3o fortalece a identidade do restaurante e evidencia os sabores locais.<\/p>\n\n\n\n<figure class=\"wp-block-image size-large\"><img fetchpriority=\"high\" decoding=\"async\" width=\"1024\" height=\"683\" src=\"https:\/\/blog.deville.com.br\/wp-content\/uploads\/2026\/01\/prato_piraputanga-1024x683.png\" alt=\"Prato escuro com um peixes inteiros grelhados com a pele tostada, guarnecidos com ervas frescas, gr\u00e3os de pimenta-do-reino e fatias de lim\u00e3o.\" class=\"wp-image-2693\" srcset=\"https:\/\/blog.deville.com.br\/wp-content\/uploads\/2026\/01\/prato_piraputanga-1024x683.png 1024w, https:\/\/blog.deville.com.br\/wp-content\/uploads\/2026\/01\/prato_piraputanga-300x200.png 300w, https:\/\/blog.deville.com.br\/wp-content\/uploads\/2026\/01\/prato_piraputanga-768x512.png 768w, https:\/\/blog.deville.com.br\/wp-content\/uploads\/2026\/01\/prato_piraputanga.png 1200w\" sizes=\"(max-width: 1024px) 100vw, 1024px\" \/><\/figure>\n\n\n\n<h3 class=\"wp-block-heading\">O caf\u00e9 da manh\u00e3 como parte da experi\u00eancia<\/h3>\n\n\n\n<p class=\"wp-block-paragraph\">Entre todos os momentos gastron\u00f4micos, o caf\u00e9 da manh\u00e3 em hotel ocupa um lugar especial.<\/p>\n\n\n\n<p class=\"wp-block-paragraph\">Um buffet variado, produtos frescos, op\u00e7\u00f5es para diferentes perfis de h\u00f3spedes e uma apresenta\u00e7\u00e3o cuidadosa transmitem aten\u00e7\u00e3o aos detalhes desde o in\u00edcio do dia.<\/p>\n\n\n\n<p class=\"wp-block-paragraph\">N\u00e3o por acaso, o caf\u00e9 da manh\u00e3 \u00e9 um dos servi\u00e7os mais comentados nas avalia\u00e7\u00f5es de hot\u00e9is e costuma influenciar diretamente a percep\u00e7\u00e3o sobre a qualidade da hospedagem.<\/p>\n\n\n\n<h3 class=\"wp-block-heading\">Quando o restaurante tamb\u00e9m \u00e9 um destino<\/h3>\n\n\n\n<p class=\"wp-block-paragraph\">Os restaurantes de hot\u00e9is podem ser uma excelente op\u00e7\u00e3o n\u00e3o apenas para os h\u00f3spedes, mas tamb\u00e9m para quem busca uma boa experi\u00eancia gastron\u00f4mica na cidade.<\/p>\n\n\n\n<p class=\"wp-block-paragraph\">Com propostas que destacam a qualidade dos pratos, o ambiente e o atendimento, esses espa\u00e7os recebem moradores locais, profissionais em reuni\u00f5es de neg\u00f3cios e visitantes que desejam aproveitar uma refei\u00e7\u00e3o especial, independentemente da hospedagem.<\/p>\n\n\n\n<p class=\"wp-block-paragraph\">Essa conex\u00e3o com a comunidade amplia a presen\u00e7a do hotel na cidade e refor\u00e7a o restaurante como um atrativo gastron\u00f4mico para diferentes p\u00fablicos.<\/p>\n\n\n\n<figure class=\"wp-block-image size-full\"><img decoding=\"async\" width=\"960\" height=\"640\" src=\"https:\/\/blog.deville.com.br\/wp-content\/uploads\/2026\/09\/DSSA-2025-REST-SAIT-960x640-1.webp\" alt=\"Ambiente do restaurante do Hotel Deville Prime Salvador com mesas e vista para a \u00e1rea externa.\" class=\"wp-image-2821\" srcset=\"https:\/\/blog.deville.com.br\/wp-content\/uploads\/2026\/09\/DSSA-2025-REST-SAIT-960x640-1.webp 960w, https:\/\/blog.deville.com.br\/wp-content\/uploads\/2026\/09\/DSSA-2025-REST-SAIT-960x640-1-300x200.webp 300w, https:\/\/blog.deville.com.br\/wp-content\/uploads\/2026\/09\/DSSA-2025-REST-SAIT-960x640-1-768x512.webp 768w\" sizes=\"(max-width: 960px) 100vw, 960px\" \/><\/figure>\n\n\n\n<h3 class=\"wp-block-heading\">Uma viagem tamb\u00e9m \u00e9 feita de sabores<\/h3>\n\n\n\n<p class=\"wp-block-paragraph\">Nos Hot\u00e9is Deville, a gastronomia faz parte da forma de receber. Dos sabores regionais aos diferentes momentos da hospedagem, cada escolha \u00e9 pensada para valorizar a estadia e proporcionar uma experi\u00eancia completa aos h\u00f3spedes e visitantes.<\/p>\n\n\n\n<figure class=\"wp-block-image size-full\"><img decoding=\"async\" width=\"960\" height=\"640\" src=\"https:\/\/blog.deville.com.br\/wp-content\/uploads\/2026\/09\/DCGB_2026_GAST_960x640.webp\" alt=\"Prato finalizado da gastronomia do Hotel Deville Prime Cuiab\u00e1 servido com acompanhamento de vinho.\" class=\"wp-image-2820\" srcset=\"https:\/\/blog.deville.com.br\/wp-content\/uploads\/2026\/09\/DCGB_2026_GAST_960x640.webp 960w, https:\/\/blog.deville.com.br\/wp-content\/uploads\/2026\/09\/DCGB_2026_GAST_960x640-300x200.webp 300w, https:\/\/blog.deville.com.br\/wp-content\/uploads\/2026\/09\/DCGB_2026_GAST_960x640-768x512.webp 768w\" sizes=\"(max-width: 960px) 100vw, 960px\" \/><\/figure>\n\n\n\n<p class=\"wp-block-paragraph\"><a href=\"https:\/\/www.deville.com.br\/\" target=\"_blank\" rel=\"noopener\">Conhe\u00e7a os destinos dos Hot\u00e9is\u00a0Deville e fa\u00e7a sua reserva.<\/a>\u00a0<\/p>\n\n\n\n<p class=\"wp-block-paragraph\"><\/p>\n","protected":false},"excerpt":{"rendered":"<p>Na hora de escolher um hotel, muitos viajantes j\u00e1 n\u00e3o analisam apenas localiza\u00e7\u00e3o, conforto ou estrutura. A gastronomia passou a ser um dos principais fatores na decis\u00e3o de reserva. Um restaurante de qualidade, um caf\u00e9 da manh\u00e3 variado e pratos que valorizam a culin\u00e1ria regional tornam a estadia mais completa. Muito al\u00e9m da refei\u00e7\u00e3o Viajar [&hellip;]<\/p>\n","protected":false},"author":7,"featured_media":2822,"comment_status":"closed","ping_status":"open","sticky":false,"template":"","format":"standard","meta":{"_acf_changed":false,"footnotes":""},"categories":[8],"tags":[9],"class_list":["post-2819","post","type-post","status-publish","format-standard","has-post-thumbnail","hentry","category-gastronomia","tag-gastronomia"],"acf":[],"yoast_head":"<!-- This site is optimized with the Yoast SEO plugin v28.4 - https:\/\/yoast.com\/product\/yoast-seo-wordpress\/ -->\n<title>Saiba como a gastronomia em hot\u00e9is, do caf\u00e9 da manh\u00e3 \u00e0 culin\u00e1ria regional, contribui para uma experi\u00eancia de viagem mais completa - Blog Deville<\/title>\n<meta name=\"description\" content=\"Gastronomia em hot\u00e9is vai al\u00e9m da refei\u00e7\u00e3o: descubra como caf\u00e9 da manh\u00e3, restaurantes e culin\u00e1ria regional tornam a experi\u00eancia de viagem mais completa.\" \/>\n<meta name=\"robots\" content=\"index, follow, max-snippet:-1, max-image-preview:large, max-video-preview:-1\" \/>\n<link rel=\"canonical\" href=\"https:\/\/blog.deville.com.br\/gastronomia\/gastronomia-em-hoteis-experiencia-de-viagem\/\" \/>\n<meta property=\"og:locale\" content=\"pt_BR\" \/>\n<meta property=\"og:type\" content=\"article\" \/>\n<meta property=\"og:title\" content=\"Saiba como a gastronomia em hot\u00e9is, do caf\u00e9 da manh\u00e3 \u00e0 culin\u00e1ria regional, contribui para uma experi\u00eancia de viagem mais completa - Blog Deville\" \/>\n<meta property=\"og:description\" content=\"Gastronomia em hot\u00e9is vai al\u00e9m da refei\u00e7\u00e3o: descubra como caf\u00e9 da manh\u00e3, restaurantes e culin\u00e1ria regional tornam a experi\u00eancia de viagem mais completa.\" \/>\n<meta property=\"og:url\" content=\"https:\/\/blog.deville.com.br\/gastronomia\/gastronomia-em-hoteis-experiencia-de-viagem\/\" \/>\n<meta property=\"og:site_name\" content=\"Blog Deville\" \/>\n<meta property=\"article:publisher\" content=\"https:\/\/www.facebook.com\/hoteisdeville\/\" \/>\n<meta property=\"article:published_time\" content=\"2026-08-31T12:15:36+00:00\" \/>\n<meta property=\"article:modified_time\" content=\"2026-09-01T17:57:37+00:00\" \/>\n<meta property=\"og:image\" content=\"https:\/\/blog.deville.com.br\/wp-content\/uploads\/2026\/09\/DSSA-2025-GAST-960x640-1.webp\" \/>\n\t<meta property=\"og:image:width\" content=\"960\" \/>\n\t<meta property=\"og:image:height\" content=\"640\" \/>\n\t<meta property=\"og:image:type\" content=\"image\/webp\" \/>\n<meta name=\"author\" content=\"victor.pimentel\" \/>\n<meta name=\"twitter:card\" content=\"summary_large_image\" \/>\n<meta name=\"twitter:creator\" content=\"@hoteis_deville\" \/>\n<meta name=\"twitter:site\" content=\"@hoteis_deville\" \/>\n<meta name=\"twitter:label1\" content=\"Escrito por\" \/>\n\t<meta name=\"twitter:data1\" content=\"victor.pimentel\" \/>\n\t<meta name=\"twitter:label2\" content=\"Est. tempo de leitura\" \/>\n\t<meta name=\"twitter:data2\" content=\"4 minutos\" \/>\n<script type=\"application\/ld+json\" class=\"yoast-schema-graph\">{\"@context\":\"https:\\\/\\\/schema.org\",\"@graph\":[{\"@type\":\"Article\",\"@id\":\"https:\\\/\\\/blog.deville.com.br\\\/gastronomia\\\/gastronomia-em-hoteis-experiencia-de-viagem\\\/#article\",\"isPartOf\":{\"@id\":\"https:\\\/\\\/blog.deville.com.br\\\/gastronomia\\\/gastronomia-em-hoteis-experiencia-de-viagem\\\/\"},\"author\":{\"name\":\"victor.pimentel\",\"@id\":\"https:\\\/\\\/blog.deville.com.br\\\/#\\\/schema\\\/person\\\/a67e91708de9461762a1754f6b268abc\"},\"headline\":\"Saiba como a gastronomia em hot\u00e9is, do caf\u00e9 da manh\u00e3 \u00e0 culin\u00e1ria regional, contribui para uma experi\u00eancia de viagem mais completa\",\"datePublished\":\"2026-08-31T12:15:36+00:00\",\"dateModified\":\"2026-09-01T17:57:37+00:00\",\"mainEntityOfPage\":{\"@id\":\"https:\\\/\\\/blog.deville.com.br\\\/gastronomia\\\/gastronomia-em-hoteis-experiencia-de-viagem\\\/\"},\"wordCount\":514,\"publisher\":{\"@id\":\"https:\\\/\\\/blog.deville.com.br\\\/#organization\"},\"image\":{\"@id\":\"https:\\\/\\\/blog.deville.com.br\\\/gastronomia\\\/gastronomia-em-hoteis-experiencia-de-viagem\\\/#primaryimage\"},\"thumbnailUrl\":\"https:\\\/\\\/blog.deville.com.br\\\/wp-content\\\/uploads\\\/2026\\\/09\\\/DSSA-2025-GAST-960x640-1.webp\",\"keywords\":[\"Gastronomia\"],\"articleSection\":[\"Gastronomia\"],\"inLanguage\":\"pt-BR\"},{\"@type\":\"WebPage\",\"@id\":\"https:\\\/\\\/blog.deville.com.br\\\/gastronomia\\\/gastronomia-em-hoteis-experiencia-de-viagem\\\/\",\"url\":\"https:\\\/\\\/blog.deville.com.br\\\/gastronomia\\\/gastronomia-em-hoteis-experiencia-de-viagem\\\/\",\"name\":\"Saiba como a gastronomia em hot\u00e9is, do caf\u00e9 da manh\u00e3 \u00e0 culin\u00e1ria regional, contribui para uma experi\u00eancia de viagem mais completa - Blog Deville\",\"isPartOf\":{\"@id\":\"https:\\\/\\\/blog.deville.com.br\\\/#website\"},\"primaryImageOfPage\":{\"@id\":\"https:\\\/\\\/blog.deville.com.br\\\/gastronomia\\\/gastronomia-em-hoteis-experiencia-de-viagem\\\/#primaryimage\"},\"image\":{\"@id\":\"https:\\\/\\\/blog.deville.com.br\\\/gastronomia\\\/gastronomia-em-hoteis-experiencia-de-viagem\\\/#primaryimage\"},\"thumbnailUrl\":\"https:\\\/\\\/blog.deville.com.br\\\/wp-content\\\/uploads\\\/2026\\\/09\\\/DSSA-2025-GAST-960x640-1.webp\",\"datePublished\":\"2026-08-31T12:15:36+00:00\",\"dateModified\":\"2026-09-01T17:57:37+00:00\",\"description\":\"Gastronomia em hot\u00e9is vai al\u00e9m da refei\u00e7\u00e3o: descubra como caf\u00e9 da manh\u00e3, restaurantes e culin\u00e1ria regional tornam a experi\u00eancia de viagem mais completa.\",\"breadcrumb\":{\"@id\":\"https:\\\/\\\/blog.deville.com.br\\\/gastronomia\\\/gastronomia-em-hoteis-experiencia-de-viagem\\\/#breadcrumb\"},\"inLanguage\":\"pt-BR\",\"potentialAction\":[{\"@type\":\"ReadAction\",\"target\":[\"https:\\\/\\\/blog.deville.com.br\\\/gastronomia\\\/gastronomia-em-hoteis-experiencia-de-viagem\\\/\"]}]},{\"@type\":\"ImageObject\",\"inLanguage\":\"pt-BR\",\"@id\":\"https:\\\/\\\/blog.deville.com.br\\\/gastronomia\\\/gastronomia-em-hoteis-experiencia-de-viagem\\\/#primaryimage\",\"url\":\"https:\\\/\\\/blog.deville.com.br\\\/wp-content\\\/uploads\\\/2026\\\/09\\\/DSSA-2025-GAST-960x640-1.webp\",\"contentUrl\":\"https:\\\/\\\/blog.deville.com.br\\\/wp-content\\\/uploads\\\/2026\\\/09\\\/DSSA-2025-GAST-960x640-1.webp\",\"width\":960,\"height\":640,\"caption\":\"Mesa com diferentes pratos da gastronomia do Hotel Deville Prime Salvador.\"},{\"@type\":\"BreadcrumbList\",\"@id\":\"https:\\\/\\\/blog.deville.com.br\\\/gastronomia\\\/gastronomia-em-hoteis-experiencia-de-viagem\\\/#breadcrumb\",\"itemListElement\":[{\"@type\":\"ListItem\",\"position\":1,\"name\":\"In\u00edcio\",\"item\":\"https:\\\/\\\/blog.deville.com.br\\\/\"},{\"@type\":\"ListItem\",\"position\":2,\"name\":\"Gastronomia\",\"item\":\"https:\\\/\\\/blog.deville.com.br\\\/gastronomia\\\/\"},{\"@type\":\"ListItem\",\"position\":3,\"name\":\"Saiba como a gastronomia em hot\u00e9is, do caf\u00e9 da manh\u00e3 \u00e0 culin\u00e1ria regional, contribui para uma experi\u00eancia de viagem mais completa\"}]},{\"@type\":\"WebSite\",\"@id\":\"https:\\\/\\\/blog.deville.com.br\\\/#website\",\"url\":\"https:\\\/\\\/blog.deville.com.br\\\/\",\"name\":\"Blog Deville\",\"description\":\"\",\"publisher\":{\"@id\":\"https:\\\/\\\/blog.deville.com.br\\\/#organization\"},\"potentialAction\":[{\"@type\":\"SearchAction\",\"target\":{\"@type\":\"EntryPoint\",\"urlTemplate\":\"https:\\\/\\\/blog.deville.com.br\\\/?s={search_term_string}\"},\"query-input\":{\"@type\":\"PropertyValueSpecification\",\"valueRequired\":true,\"valueName\":\"search_term_string\"}}],\"inLanguage\":\"pt-BR\"},{\"@type\":\"Organization\",\"@id\":\"https:\\\/\\\/blog.deville.com.br\\\/#organization\",\"name\":\"Hot\u00e9is Deville\",\"url\":\"https:\\\/\\\/blog.deville.com.br\\\/\",\"logo\":{\"@type\":\"ImageObject\",\"inLanguage\":\"pt-BR\",\"@id\":\"https:\\\/\\\/blog.deville.com.br\\\/#\\\/schema\\\/logo\\\/image\\\/\",\"url\":\"https:\\\/\\\/blog.deville.com.br\\\/wp-content\\\/uploads\\\/2024\\\/08\\\/Deville_Logo.svg\",\"contentUrl\":\"https:\\\/\\\/blog.deville.com.br\\\/wp-content\\\/uploads\\\/2024\\\/08\\\/Deville_Logo.svg\",\"width\":139,\"height\":50,\"caption\":\"Hot\u00e9is Deville\"},\"image\":{\"@id\":\"https:\\\/\\\/blog.deville.com.br\\\/#\\\/schema\\\/logo\\\/image\\\/\"},\"sameAs\":[\"https:\\\/\\\/www.facebook.com\\\/hoteisdeville\\\/\",\"https:\\\/\\\/x.com\\\/hoteis_deville\",\"https:\\\/\\\/www.instagram.com\\\/hoteisdeville\\\/\",\"https:\\\/\\\/www.linkedin.com\\\/company\\\/hoteis-deville\\\/\"]},{\"@type\":\"Person\",\"@id\":\"https:\\\/\\\/blog.deville.com.br\\\/#\\\/schema\\\/person\\\/a67e91708de9461762a1754f6b268abc\",\"name\":\"victor.pimentel\",\"image\":{\"@type\":\"ImageObject\",\"inLanguage\":\"pt-BR\",\"@id\":\"https:\\\/\\\/secure.gravatar.com\\\/avatar\\\/64ecc912b610187a732a3ca9da194297865f094bc955127a4097be436b9f8fc1?s=96&d=mm&r=g\",\"url\":\"https:\\\/\\\/secure.gravatar.com\\\/avatar\\\/64ecc912b610187a732a3ca9da194297865f094bc955127a4097be436b9f8fc1?s=96&d=mm&r=g\",\"contentUrl\":\"https:\\\/\\\/secure.gravatar.com\\\/avatar\\\/64ecc912b610187a732a3ca9da194297865f094bc955127a4097be436b9f8fc1?s=96&d=mm&r=g\",\"caption\":\"victor.pimentel\"},\"sameAs\":[\"https:\\\/\\\/blog.deville.com.br\"],\"url\":\"https:\\\/\\\/blog.deville.com.br\\\/author\\\/victor-pimentel\\\/\"}]}<\/script>\n<!-- \/ Yoast SEO plugin. -->","yoast_head_json":{"title":"Saiba como a gastronomia em hot\u00e9is, do caf\u00e9 da manh\u00e3 \u00e0 culin\u00e1ria regional, contribui para uma experi\u00eancia de viagem mais completa - Blog Deville","description":"Gastronomia em hot\u00e9is vai al\u00e9m da refei\u00e7\u00e3o: descubra como caf\u00e9 da manh\u00e3, restaurantes e culin\u00e1ria regional tornam a experi\u00eancia de viagem mais completa.","robots":{"index":"index","follow":"follow","max-snippet":"max-snippet:-1","max-image-preview":"max-image-preview:large","max-video-preview":"max-video-preview:-1"},"canonical":"https:\/\/blog.deville.com.br\/gastronomia\/gastronomia-em-hoteis-experiencia-de-viagem\/","og_locale":"pt_BR","og_type":"article","og_title":"Saiba como a gastronomia em hot\u00e9is, do caf\u00e9 da manh\u00e3 \u00e0 culin\u00e1ria regional, contribui para uma experi\u00eancia de viagem mais completa - Blog Deville","og_description":"Gastronomia em hot\u00e9is vai al\u00e9m da refei\u00e7\u00e3o: descubra como caf\u00e9 da manh\u00e3, restaurantes e culin\u00e1ria regional tornam a experi\u00eancia de viagem mais completa.","og_url":"https:\/\/blog.deville.com.br\/gastronomia\/gastronomia-em-hoteis-experiencia-de-viagem\/","og_site_name":"Blog Deville","article_publisher":"https:\/\/www.facebook.com\/hoteisdeville\/","article_published_time":"2026-08-31T12:15:36+00:00","article_modified_time":"2026-09-01T17:57:37+00:00","og_image":[{"width":960,"height":640,"url":"https:\/\/blog.deville.com.br\/wp-content\/uploads\/2026\/09\/DSSA-2025-GAST-960x640-1.webp","type":"image\/webp"}],"author":"victor.pimentel","twitter_card":"summary_large_image","twitter_creator":"@hoteis_deville","twitter_site":"@hoteis_deville","twitter_misc":{"Escrito por":"victor.pimentel","Est. tempo de leitura":"4 minutos"},"schema":{"@context":"https:\/\/schema.org","@graph":[{"@type":"Article","@id":"https:\/\/blog.deville.com.br\/gastronomia\/gastronomia-em-hoteis-experiencia-de-viagem\/#article","isPartOf":{"@id":"https:\/\/blog.deville.com.br\/gastronomia\/gastronomia-em-hoteis-experiencia-de-viagem\/"},"author":{"name":"victor.pimentel","@id":"https:\/\/blog.deville.com.br\/#\/schema\/person\/a67e91708de9461762a1754f6b268abc"},"headline":"Saiba como a gastronomia em hot\u00e9is, do caf\u00e9 da manh\u00e3 \u00e0 culin\u00e1ria regional, contribui para uma experi\u00eancia de viagem mais completa","datePublished":"2026-08-31T12:15:36+00:00","dateModified":"2026-09-01T17:57:37+00:00","mainEntityOfPage":{"@id":"https:\/\/blog.deville.com.br\/gastronomia\/gastronomia-em-hoteis-experiencia-de-viagem\/"},"wordCount":514,"publisher":{"@id":"https:\/\/blog.deville.com.br\/#organization"},"image":{"@id":"https:\/\/blog.deville.com.br\/gastronomia\/gastronomia-em-hoteis-experiencia-de-viagem\/#primaryimage"},"thumbnailUrl":"https:\/\/blog.deville.com.br\/wp-content\/uploads\/2026\/09\/DSSA-2025-GAST-960x640-1.webp","keywords":["Gastronomia"],"articleSection":["Gastronomia"],"inLanguage":"pt-BR"},{"@type":"WebPage","@id":"https:\/\/blog.deville.com.br\/gastronomia\/gastronomia-em-hoteis-experiencia-de-viagem\/","url":"https:\/\/blog.deville.com.br\/gastronomia\/gastronomia-em-hoteis-experiencia-de-viagem\/","name":"Saiba como a gastronomia em hot\u00e9is, do caf\u00e9 da manh\u00e3 \u00e0 culin\u00e1ria regional, contribui para uma experi\u00eancia de viagem mais completa - Blog Deville","isPartOf":{"@id":"https:\/\/blog.deville.com.br\/#website"},"primaryImageOfPage":{"@id":"https:\/\/blog.deville.com.br\/gastronomia\/gastronomia-em-hoteis-experiencia-de-viagem\/#primaryimage"},"image":{"@id":"https:\/\/blog.deville.com.br\/gastronomia\/gastronomia-em-hoteis-experiencia-de-viagem\/#primaryimage"},"thumbnailUrl":"https:\/\/blog.deville.com.br\/wp-content\/uploads\/2026\/09\/DSSA-2025-GAST-960x640-1.webp","datePublished":"2026-08-31T12:15:36+00:00","dateModified":"2026-09-01T17:57:37+00:00","description":"Gastronomia em hot\u00e9is vai al\u00e9m da refei\u00e7\u00e3o: descubra como caf\u00e9 da manh\u00e3, restaurantes e culin\u00e1ria regional tornam a experi\u00eancia de viagem mais completa.","breadcrumb":{"@id":"https:\/\/blog.deville.com.br\/gastronomia\/gastronomia-em-hoteis-experiencia-de-viagem\/#breadcrumb"},"inLanguage":"pt-BR","potentialAction":[{"@type":"ReadAction","target":["https:\/\/blog.deville.com.br\/gastronomia\/gastronomia-em-hoteis-experiencia-de-viagem\/"]}]},{"@type":"ImageObject","inLanguage":"pt-BR","@id":"https:\/\/blog.deville.com.br\/gastronomia\/gastronomia-em-hoteis-experiencia-de-viagem\/#primaryimage","url":"https:\/\/blog.deville.com.br\/wp-content\/uploads\/2026\/09\/DSSA-2025-GAST-960x640-1.webp","contentUrl":"https:\/\/blog.deville.com.br\/wp-content\/uploads\/2026\/09\/DSSA-2025-GAST-960x640-1.webp","width":960,"height":640,"caption":"Mesa com diferentes pratos da gastronomia do Hotel Deville Prime Salvador."},{"@type":"BreadcrumbList","@id":"https:\/\/blog.deville.com.br\/gastronomia\/gastronomia-em-hoteis-experiencia-de-viagem\/#breadcrumb","itemListElement":[{"@type":"ListItem","position":1,"name":"In\u00edcio","item":"https:\/\/blog.deville.com.br\/"},{"@type":"ListItem","position":2,"name":"Gastronomia","item":"https:\/\/blog.deville.com.br\/gastronomia\/"},{"@type":"ListItem","position":3,"name":"Saiba como a gastronomia em hot\u00e9is, do caf\u00e9 da manh\u00e3 \u00e0 culin\u00e1ria regional, contribui para uma experi\u00eancia de viagem mais completa"}]},{"@type":"WebSite","@id":"https:\/\/blog.deville.com.br\/#website","url":"https:\/\/blog.deville.com.br\/","name":"Blog Deville","description":"","publisher":{"@id":"https:\/\/blog.deville.com.br\/#organization"},"potentialAction":[{"@type":"SearchAction","target":{"@type":"EntryPoint","urlTemplate":"https:\/\/blog.deville.com.br\/?s={search_term_string}"},"query-input":{"@type":"PropertyValueSpecification","valueRequired":true,"valueName":"search_term_string"}}],"inLanguage":"pt-BR"},{"@type":"Organization","@id":"https:\/\/blog.deville.com.br\/#organization","name":"Hot\u00e9is Deville","url":"https:\/\/blog.deville.com.br\/","logo":{"@type":"ImageObject","inLanguage":"pt-BR","@id":"https:\/\/blog.deville.com.br\/#\/schema\/logo\/image\/","url":"https:\/\/blog.deville.com.br\/wp-content\/uploads\/2024\/08\/Deville_Logo.svg","contentUrl":"https:\/\/blog.deville.com.br\/wp-content\/uploads\/2024\/08\/Deville_Logo.svg","width":139,"height":50,"caption":"Hot\u00e9is Deville"},"image":{"@id":"https:\/\/blog.deville.com.br\/#\/schema\/logo\/image\/"},"sameAs":["https:\/\/www.facebook.com\/hoteisdeville\/","https:\/\/x.com\/hoteis_deville","https:\/\/www.instagram.com\/hoteisdeville\/","https:\/\/www.linkedin.com\/company\/hoteis-deville\/"]},{"@type":"Person","@id":"https:\/\/blog.deville.com.br\/#\/schema\/person\/a67e91708de9461762a1754f6b268abc","name":"victor.pimentel","image":{"@type":"ImageObject","inLanguage":"pt-BR","@id":"https:\/\/secure.gravatar.com\/avatar\/64ecc912b610187a732a3ca9da194297865f094bc955127a4097be436b9f8fc1?s=96&d=mm&r=g","url":"https:\/\/secure.gravatar.com\/avatar\/64ecc912b610187a732a3ca9da194297865f094bc955127a4097be436b9f8fc1?s=96&d=mm&r=g","contentUrl":"https:\/\/secure.gravatar.com\/avatar\/64ecc912b610187a732a3ca9da194297865f094bc955127a4097be436b9f8fc1?s=96&d=mm&r=g","caption":"victor.pimentel"},"sameAs":["https:\/\/blog.deville.com.br"],"url":"https:\/\/blog.deville.com.br\/author\/victor-pimentel\/"}]}},"publishpress_future_action":{"enabled":false,"date":"2026-09-09 03:37:31","action":"change-status","newStatus":"draft","terms":[],"taxonomy":"category","extraData":[]},"publishpress_future_workflow_manual_trigger":{"enabledWorkflows":[]},"_links":{"self":[{"href":"https:\/\/blog.deville.com.br\/devillemkt6_json\/wp\/v2\/posts\/2819","targetHints":{"allow":["GET"]}}],"collection":[{"href":"https:\/\/blog.deville.com.br\/devillemkt6_json\/wp\/v2\/posts"}],"about":[{"href":"https:\/\/blog.deville.com.br\/devillemkt6_json\/wp\/v2\/types\/post"}],"author":[{"embeddable":true,"href":"https:\/\/blog.deville.com.br\/devillemkt6_json\/wp\/v2\/users\/7"}],"replies":[{"embeddable":true,"href":"https:\/\/blog.deville.com.br\/devillemkt6_json\/wp\/v2\/comments?post=2819"}],"version-history":[{"count":1,"href":"https:\/\/blog.deville.com.br\/devillemkt6_json\/wp\/v2\/posts\/2819\/revisions"}],"predecessor-version":[{"id":2823,"href":"https:\/\/blog.deville.com.br\/devillemkt6_json\/wp\/v2\/posts\/2819\/revisions\/2823"}],"wp:featuredmedia":[{"embeddable":true,"href":"https:\/\/blog.deville.com.br\/devillemkt6_json\/wp\/v2\/media\/2822"}],"wp:attachment":[{"href":"https:\/\/blog.deville.com.br\/devillemkt6_json\/wp\/v2\/media?parent=2819"}],"wp:term":[{"taxonomy":"category","embeddable":true,"href":"https:\/\/blog.deville.com.br\/devillemkt6_json\/wp\/v2\/categories?post=2819"},{"taxonomy":"post_tag","embeddable":true,"href":"https:\/\/blog.deville.com.br\/devillemkt6_json\/wp\/v2\/tags?post=2819"}],"curies":[{"name":"wp","href":"https:\/\/api.w.org\/{rel}","templated":true}]}}